{"id":376799,"date":"2018-05-18T00:09:17","date_gmt":"2018-05-18T05:09:17","guid":{"rendered":"http:\/\/www.diarioimagen.net\/?p=376799"},"modified":"2018-05-20T23:01:27","modified_gmt":"2018-05-21T04:01:27","slug":"margarita-zavala-formaliza-renuncia-a-su-candidatura","status":"publish","type":"post","link":"https:\/\/www.diarioimagen.net\/?p=376799","title":{"rendered":"Margarita, dispuesta a dialogar con Anaya y Meade"},"content":{"rendered":"<ul>\n<li><strong><em>\u201cSi quieren hablar, hablemos\u201d<\/em><\/strong><\/li>\n<\/ul>\n<h6>Jos\u00e9 Luis Monta\u00f1ez<\/h6>\n<p>&nbsp;<\/p>\n<div id=\"attachment_376800\" style=\"width: 470px\" class=\"wp-caption aligncenter\"><img loading=\"lazy\" decoding=\"async\" aria-describedby=\"caption-attachment-376800\" class=\"wp-image-376800 size-large\" src=\"http:\/\/www.diarioimagen.net\/wp-content\/uploads\/2018\/05\/MARGARITA18-portal-460x268.jpg\" alt=\"\" width=\"460\" height=\"268\" srcset=\"https:\/\/www.diarioimagen.net\/wp-content\/uploads\/2018\/05\/MARGARITA18-portal-460x268.jpg 460w, https:\/\/www.diarioimagen.net\/wp-content\/uploads\/2018\/05\/MARGARITA18-portal-240x140.jpg 240w, https:\/\/www.diarioimagen.net\/wp-content\/uploads\/2018\/05\/MARGARITA18-portal.jpg 480w\" sizes=\"auto, (max-width: 460px) 100vw, 460px\" \/><p id=\"caption-attachment-376800\" class=\"wp-caption-text\">La ex candidata independiente, Margarita Zavala, asegura que est\u00e1 dispuesta a dialogar con Ricardo Anaya y Jos\u00e9 Antonio Meade.<\/p><\/div>\n<p>&nbsp;<\/p>\n<p>Un d\u00eda despu\u00e9s de haberse apartado de la contienda, Margarita Zavala abre sus cartas. Desde el que fue su cuartel de campa\u00f1a, la ex independiente asegura que est\u00e1 dispuesta a dialogar con Ricardo Anaya y Jos\u00e9 Antonio Meade, los abanderados que el mi\u00e9rcoles la cortejaron.<\/p>\n<p>\u201cSi quieren hablar, hablamos\u201d, ofrece en entrevista y revela haber cruzado mensajes de texto con Anaya, el abanderado de la coalici\u00f3n Por M\u00e9xico al Frente, y con Meade, el candidato del PRI, Nueva Alianza y Verde Ecologista.<\/p>\n<p>A la pregunta de que sent\u00eda ser cortejada por los que antes eran sus adversarios, la ex primera dama contest\u00f3:<\/p>\n<p>\u201cNo lo hab\u00eda pensado as\u00ed. La verdad es que es pol\u00edtica, y tambi\u00e9n es una atenci\u00f3n, y no hay que ser descort\u00e9s con ello. Agradezco de alg\u00fan modo las cualidades que mencionan y ya\u201d.<\/p>\n<p>Zavala reitera que cuando tom\u00f3 la decisi\u00f3n de renunciar a la candidatura fue por congruencia.<\/p>\n<p>\u201cPara ser congruente con mi honestidad, con lo que estaba viendo, con una dif\u00edcil reflexi\u00f3n que me permitiera decir: yo no negoci\u00e9 nada, no declino por nadie y protejo la libertad de quienes me est\u00e1n siguiendo y que, desgraciadamente, por encono y polarizaci\u00f3n de la propia campa\u00f1a electoral, estar\u00e1n haciendo una segunda vuelta virtual. Y claramente ve\u00eda que no hab\u00eda probabilidades de triunfo en el caso de mi candidatura\u201d.<\/p>\n<p>Los contactos con Anaya y con Meade, detall\u00f3, se dieron antes y despu\u00e9s de su intempestivo anuncio. \u201cEso es parte de la pol\u00edtica y es circunstancial. Es natural que quieran un di\u00e1logo, y creo que hasta habla bien, pero en pol\u00edtica no hay que descartar el di\u00e1logo\u201d.<\/p>\n<p>\u201cNunca me he cerrado a los di\u00e1logos con nadie, es parte de la pol\u00edtica, pero qu\u00e9 es lo que me importa ahorita: mi gente y mi equipo\u201d, se\u00f1al\u00f3.<\/p>\n<p>Tambi\u00e9n se le cuestion\u00f3 si el retiro de su candidatura obedeci\u00f3\u00a0 a un acuerdo cupular, a lo que revir\u00f3: no, el retiro de mi candidatura es un acto de honestidad pol\u00edtica y de dignidad frente a lo que estoy viendo, es un acto de congruencia y una manera de contribuir a la democracia.<\/p>\n<p>\u201cYo no negoci\u00e9 nada, no lo hice a cambio de nada sino que el acto fue implacable. Ya despu\u00e9s, si quieren hablar hablamos. Yo de todos modos estoy en la pol\u00edtica, eso es lo que s\u00e9 hacer, independientemente de mis errores o de las circunstancias\u201d.<\/p>\n<p>Margarita misma revel\u00f3 el tono de uno de los mensajes que el frentista Ricardo Anaya le envi\u00f3: \u201cHola, \u00bfc\u00f3mo est\u00e1s? Me gustar\u00eda hablar contigo Ah, yo lo veo, te hablo el rato\u201d.<\/p>\n","protected":false},"excerpt":{"rendered":"<p><span style=\"color: #005497;\">Jos\u00e9 Luis Monta\u00f1ez<\/span><br \/>\n<br \/>\nUn d\u00eda despu\u00e9s de haberse apartado de la contienda, Margarita Zavala abre sus cartas. Desde el que fue su cuartel de campa\u00f1a, la ex independiente asegura que est\u00e1 dispuesta a dialogar con Ricardo Anaya y Jos\u00e9 Antonio Meade, los abanderados que el mi\u00e9rcoles la cortejaron.<\/p>\n","protected":false},"author":5,"featured_media":376800,"comment_status":"open","ping_status":"open","sticky":false,"template":"","format":"standard","meta":{"_monsterinsights_skip_tracking":false,"_monsterinsights_sitenote_active":false,"_monsterinsights_sitenote_note":"","_monsterinsights_sitenote_category":0,"footnotes":""},"categories":[3],"tags":[73770,9862,29347,26429,73769,72216,43673,7347],"class_list":["post-376799","post","type-post","status-publish","format-standard","has-post-thumbnail","hentry","category-nacional","tag-870-mil-ciudadanos","tag-dialogo","tag-ine","tag-jose-antonio-meade-kuribrena","tag-lorenzo-cordova","tag-margarita-zavala","tag-nacional","tag-ricardo-anaya-cortes"],"_links":{"self":[{"href":"https:\/\/www.diarioimagen.net\/index.php?rest_route=\/wp\/v2\/posts\/376799","targetHints":{"allow":["GET"]}}],"collection":[{"href":"https:\/\/www.diarioimagen.net\/index.php?rest_route=\/wp\/v2\/posts"}],"about":[{"href":"https:\/\/www.diarioimagen.net\/index.php?rest_route=\/wp\/v2\/types\/post"}],"author":[{"embeddable":true,"href":"https:\/\/www.diarioimagen.net\/index.php?rest_route=\/wp\/v2\/users\/5"}],"replies":[{"embeddable":true,"href":"https:\/\/www.diarioimagen.net\/index.php?rest_route=%2Fwp%2Fv2%2Fcomments&post=376799"}],"version-history":[{"count":0,"href":"https:\/\/www.diarioimagen.net\/index.php?rest_route=\/wp\/v2\/posts\/376799\/revisions"}],"wp:featuredmedia":[{"embeddable":true,"href":"https:\/\/www.diarioimagen.net\/index.php?rest_route=\/wp\/v2\/media\/376800"}],"wp:attachment":[{"href":"https:\/\/www.diarioimagen.net\/index.php?rest_route=%2Fwp%2Fv2%2Fmedia&parent=376799"}],"wp:term":[{"taxonomy":"category","embeddable":true,"href":"https:\/\/www.diarioimagen.net\/index.php?rest_route=%2Fwp%2Fv2%2Fcategories&post=376799"},{"taxonomy":"post_tag","embeddable":true,"href":"https:\/\/www.diarioimagen.net\/index.php?rest_route=%2Fwp%2Fv2%2Ftags&post=376799"}],"curies":[{"name":"wp","href":"https:\/\/api.w.org\/{rel}","templated":true}]}}