{"id":376802,"date":"2018-05-18T00:08:47","date_gmt":"2018-05-18T05:08:47","guid":{"rendered":"http:\/\/www.diarioimagen.net\/?p=376802"},"modified":"2018-05-18T00:01:03","modified_gmt":"2018-05-18T05:01:03","slug":"lopez-obrador-reconoce-que-tiene-diferencias-con-ip","status":"publish","type":"post","link":"https:\/\/www.diarioimagen.net\/?p=376802","title":{"rendered":"L\u00f3pez Obrador reconoce discrepancias con la IP"},"content":{"rendered":"<ul>\n<li><em><strong>\u201cRenuncia de Zavala, por cargo de conciencia\u201d<\/strong><\/em><\/li>\n<li><em><strong>En su gira por Guerrero llama a los candidatos de Morena a participar<\/strong><\/em><\/li>\n<\/ul>\n<p>&nbsp;<\/p>\n<div id=\"attachment_376803\" style=\"width: 470px\" class=\"wp-caption aligncenter\"><img loading=\"lazy\" decoding=\"async\" aria-describedby=\"caption-attachment-376803\" class=\"wp-image-376803 size-large\" src=\"http:\/\/www.diarioimagen.net\/wp-content\/uploads\/2018\/05\/AMLO18ok-portal-460x268.jpg\" alt=\"\" width=\"460\" height=\"268\" srcset=\"https:\/\/www.diarioimagen.net\/wp-content\/uploads\/2018\/05\/AMLO18ok-portal-460x268.jpg 460w, https:\/\/www.diarioimagen.net\/wp-content\/uploads\/2018\/05\/AMLO18ok-portal-240x140.jpg 240w, https:\/\/www.diarioimagen.net\/wp-content\/uploads\/2018\/05\/AMLO18ok-portal.jpg 480w\" sizes=\"auto, (max-width: 460px) 100vw, 460px\" \/><p id=\"caption-attachment-376803\" class=\"wp-caption-text\">Andr\u00e9s Manuel L\u00f3pez Obrador pidi\u00f3 a los candidatos de la coalici\u00f3n Juntos Haremos Historia en Guerrero que participen en este proceso electoral.<\/p><\/div>\n<p>&nbsp;<\/p>\n<p>El candidato presidencial de la coalici\u00f3n Juntos Haremos Historia, Andr\u00e9s Manuel L\u00f3pez Obrador, reconoci\u00f3 que a pesar de algunas diferencias con los empresarios se mantiene un di\u00e1logo, en el marco de la democracia.<\/p>\n<p>Entrevistado luego de participar en Di\u00e1logos Manifiesto M\u00e9xico, indic\u00f3 que en esta reuni\u00f3n los empresarios \u201cfueron muy cordiales, a pesar de que tenemos algunas diferencias, porque as\u00ed es la democracia, a pesar de eso se dialog\u00f3 en un ambiente de respeto y cordialidad\u201d.<\/p>\n<p>En el evento convocado por la Coparmex, se\u00f1al\u00f3 que \u201cahora puede ser que tengamos discrepancias, diferencias es normal; no puede haber un pensamiento \u00fanico\u201d, ya que lo que se est\u00e1 impulsando, dijo, es una democracia y no una dictadura, \u201centonces en la democracia hay pluralidad, hay discrepancias\u201d, resalt\u00f3.<\/p>\n<p>Al referirse a la construcci\u00f3n del Nuevo Aeropuerto Internacional de M\u00e9xico reiter\u00f3 que \u201csi los que tienen los contratos quieren invertir y hacerse cargo, y que no le cueste al erario p\u00fablico a la hacienda p\u00fablica, adelante, estamos nosotros dispuestos a concesionarlo\u201d.<\/p>\n<p>El tabasque\u00f1o refiri\u00f3 que en caso de ganar el 1 de julio, \u201cno queremos iniciar el gobierno, como siempre, con reformas; pensamos que con el marco legal actual podr\u00edamos iniciar los cambios y echar a andar la econom\u00eda y garantizar el bienestar\u201d.<\/p>\n<p>Ante ello, dijo que \u201cel paquete de reformas lo estaremos presentando a mediados del sexenio, no quiero ofrecer lo que no voy cumplir; lo que s\u00ed les puedo garantizar es que no van a haber aumentos en t\u00e9rminos reales de los impuestos en el sexenio\u201d.<\/p>\n<p>Respecto al Tratado de Libre Comercio de Am\u00e9rica del Norte (TLCAN) enfatiz\u00f3 que \u201cestamos totalmente de acuerdo que se debe de mantener el tratado; se tiene que buscar una buena negociaci\u00f3n, que no por las prisas se vaya a firmar algo que nos perjudique\u201d, abund\u00f3. Al dar su opini\u00f3n sobre la salida de la campa\u00f1a electoral de Margarita Zavala, L\u00f3pez Obrador se\u00f1al\u00f3 que respeta su decisi\u00f3n y que el problema que tiene la pareja que forma con Felipe Calder\u00f3n, es de conciencia.<\/p>\n<p>Dijo que \u201csiempre tendr\u00e1 el sentimiento de conciencia por las acciones de su marido, el ex presidente Felipe Calder\u00f3n, porque \u00e9l se rob\u00f3 la presidencia en 2006 y desat\u00f3 esta guerra que ha causado la muerte de muchos mexicanos\u201d.<\/p>\n<p>\u201cCalder\u00f3n convirti\u00f3 el pa\u00eds en un cementerio, eso les pesa mucho\u201d, sostuvo.<\/p>\n<p>En su gira por San Marcos, Guerrero, L\u00f3pez Obrador le pidi\u00f3 a los candidatos de la coalici\u00f3n Juntos Haremos Historia en ese estado que participen en este proceso electoral, a pesar de la violencia e inseguridad que se vive en la entidad.<\/p>\n<p>El abanderado presidencial de Morena, PT y PES enfatiz\u00f3 que \u201cno debe reinar el miedo\u201d entre los aspirantes a alg\u00fan cargo en el estado.<\/p>\n<p>\u201cHay que participar, no debe de reinar el miedo porque eso es lo que quiere la mafia del poder, que la gente no participe\u201d, enfatiz\u00f3.<\/p>\n<p>En la regi\u00f3n de la Costa Chica de Guerrero, el tabasque\u00f1o tambi\u00e9n ofreci\u00f3 \u201cserenar\u201d el estado y el pa\u00eds con el combate a la pobreza.<\/p>\n<p>\u201cSi queremos vivir en paz, tenemos que combatir la pobreza, esa es la manera m\u00e1s humana, m\u00e1s eficaz de enfrentar el problema de la inseguridad y la violencia, as\u00ed vamos a serenar Guerrero y as\u00ed vamos a serenar al pa\u00eds.<\/p>\n<p>\u201cTenemos que trabajar en cada familia, en cada comunidad, en cada pueblo, tenemos que dar opciones, alternativas, pagarle bien al productor, que haya trabajo, que el joven pueda salir adelante, si se le abandona al joven, pues es como si se le estuviese empujando a tomar el camino de la delincuencia\u201d, enfatiz\u00f3 durante el acto proselitista.<\/p>\n","protected":false},"excerpt":{"rendered":"<p>El candidato presidencial de la coalici\u00f3n Juntos Haremos Historia, Andr\u00e9s Manuel L\u00f3pez Obrador, reconoci\u00f3 que a pesar de algunas diferencias con los empresarios se mantiene un di\u00e1logo, en el marco de la democracia.<\/p>\n","protected":false},"author":5,"featured_media":376803,"comment_status":"open","ping_status":"open","sticky":false,"template":"","format":"standard","meta":{"_monsterinsights_skip_tracking":false,"_monsterinsights_sitenote_active":false,"_monsterinsights_sitenote_note":"","_monsterinsights_sitenote_category":0,"footnotes":""},"categories":[3],"tags":[2545,1352,73773,73772,73814,73771,73813,69000,66576],"class_list":["post-376802","post","type-post","status-publish","format-standard","has-post-thumbnail","hentry","category-nacional","tag-amlo","tag-andres-manuel-lopez-obrador","tag-dialogos-manifiesto-mexico","tag-diferencias-con-ip","tag-discrepancias","tag-hay-discrepancias","tag-ip-reconoce","tag-juntos-haremos-historia","tag-nuevo-aeropuerto-internacional-de-mexico"],"_links":{"self":[{"href":"https:\/\/www.diarioimagen.net\/index.php?rest_route=\/wp\/v2\/posts\/376802","targetHints":{"allow":["GET"]}}],"collection":[{"href":"https:\/\/www.diarioimagen.net\/index.php?rest_route=\/wp\/v2\/posts"}],"about":[{"href":"https:\/\/www.diarioimagen.net\/index.php?rest_route=\/wp\/v2\/types\/post"}],"author":[{"embeddable":true,"href":"https:\/\/www.diarioimagen.net\/index.php?rest_route=\/wp\/v2\/users\/5"}],"replies":[{"embeddable":true,"href":"https:\/\/www.diarioimagen.net\/index.php?rest_route=%2Fwp%2Fv2%2Fcomments&post=376802"}],"version-history":[{"count":0,"href":"https:\/\/www.diarioimagen.net\/index.php?rest_route=\/wp\/v2\/posts\/376802\/revisions"}],"wp:featuredmedia":[{"embeddable":true,"href":"https:\/\/www.diarioimagen.net\/index.php?rest_route=\/wp\/v2\/media\/376803"}],"wp:attachment":[{"href":"https:\/\/www.diarioimagen.net\/index.php?rest_route=%2Fwp%2Fv2%2Fmedia&parent=376802"}],"wp:term":[{"taxonomy":"category","embeddable":true,"href":"https:\/\/www.diarioimagen.net\/index.php?rest_route=%2Fwp%2Fv2%2Fcategories&post=376802"},{"taxonomy":"post_tag","embeddable":true,"href":"https:\/\/www.diarioimagen.net\/index.php?rest_route=%2Fwp%2Fv2%2Ftags&post=376802"}],"curies":[{"name":"wp","href":"https:\/\/api.w.org\/{rel}","templated":true}]}}