{"id":376847,"date":"2018-05-18T00:08:53","date_gmt":"2018-05-18T05:08:53","guid":{"rendered":"http:\/\/www.diarioimagen.net\/?p=376847"},"modified":"2018-05-20T23:01:09","modified_gmt":"2018-05-21T04:01:09","slug":"reconocen-a-ganadoras-del-mundial-de-marcha","status":"publish","type":"post","link":"https:\/\/www.diarioimagen.net\/?p=376847","title":{"rendered":"Reconocen a ganadoras del Mundial de Marcha"},"content":{"rendered":"<ul>\n<li><em><strong>Reuni\u00f3n del gobernador con atletas mexiquenses<\/strong><\/em><\/li>\n<li><em><strong>Son orgullo e inspiraci\u00f3n para m\u00e1s j\u00f3venes y deportistas de la entidad<\/strong><\/em><\/li>\n<\/ul>\n<p>&nbsp;<\/p>\n<p><a href=\"http:\/\/www.diarioimagen.net\/?attachment_id=376971\" rel=\"attachment wp-att-376971\"><img loading=\"lazy\" decoding=\"async\" class=\"aligncenter size-large wp-image-376971\" src=\"http:\/\/www.diarioimagen.net\/wp-content\/uploads\/2018\/05\/DEl-MAZO-3370-460x259.jpg\" alt=\"\" width=\"460\" height=\"259\" srcset=\"https:\/\/www.diarioimagen.net\/wp-content\/uploads\/2018\/05\/DEl-MAZO-3370-460x259.jpg 460w, https:\/\/www.diarioimagen.net\/wp-content\/uploads\/2018\/05\/DEl-MAZO-3370-240x135.jpg 240w, https:\/\/www.diarioimagen.net\/wp-content\/uploads\/2018\/05\/DEl-MAZO-3370-235x132.jpg 235w, https:\/\/www.diarioimagen.net\/wp-content\/uploads\/2018\/05\/DEl-MAZO-3370-202x114.jpg 202w, https:\/\/www.diarioimagen.net\/wp-content\/uploads\/2018\/05\/DEl-MAZO-3370-350x196.jpg 350w, https:\/\/www.diarioimagen.net\/wp-content\/uploads\/2018\/05\/DEl-MAZO-3370-220x123.jpg 220w, https:\/\/www.diarioimagen.net\/wp-content\/uploads\/2018\/05\/DEl-MAZO-3370-237x132.jpg 237w, https:\/\/www.diarioimagen.net\/wp-content\/uploads\/2018\/05\/DEl-MAZO-3370.jpg 480w\" sizes=\"auto, (max-width: 460px) 100vw, 460px\" \/><\/a><\/p>\n<p>&nbsp;<\/p>\n<p><strong>Toluca, Estado de M\u00e9xico<\/strong>.- El gobernador del Estado de M\u00e9xico, Alfredo Del Mazo, se reuni\u00f3 con las marchistas mexiquenses Guadalupe Gonz\u00e1lez Romero y Alegna Ariday Gonz\u00e1lez Mu\u00f1oz, ganadoras del Mundial de Marcha en Taicang, China, a quienes felicit\u00f3 por su triunfo y las calific\u00f3 como un orgullo y fuente de inspiraci\u00f3n y motivaci\u00f3n para m\u00e1s j\u00f3venes y deportistas de la entidad.<\/p>\n<p>Acompa\u00f1ado por la secretaria de Cultura y de los entrenadores de las atletas, Esteban Santos Santiago e Ignacio Zamudio Cruz, el mandatario estatal reconoci\u00f3 el esfuerzo y el sacrifico que ambas atletas realizaron en sus competencias.<\/p>\n<p>Destac\u00f3 que el triunfo de estas deportistas mexiquenses pone en alto el nombre del Estado de M\u00e9xico y es resultado de la dedicaci\u00f3n y disciplina con la que trabajan diariamente.<\/p>\n<p>Tambi\u00e9n les dese\u00f3 suerte en sus pr\u00f3ximas competencias internacionales, para que alcancen cada una de sus metas propuestas y den m\u00e1s satisfacciones a los mexiquenses, y les expres\u00f3 su confianza para verlas calificar y competir en la pr\u00f3xima justa ol\u00edmpica.<\/p>\n<p>El gobernador mexiquense indic\u00f3 que el deporte es una herramienta para promover una convivencia social sana, as\u00ed como para prevenir que j\u00f3venes y ni\u00f1os est\u00e9n cerca de situaciones delictivas.<\/p>\n<p>Por ello, dijo, el Estado de M\u00e9xico cuenta con infraestructura deportiva que tiene como finalidad acercar las diferentes ramas del deporte a los mexiquenses para que puedan ejercitarse o practicar alguna de las disciplinas atl\u00e9ticas.<\/p>\n<p>Cabe destacar que Guadalupe Gonz\u00e1lez obtuvo la medalla de oro en la prueba de 20 kil\u00f3metros, convirti\u00e9ndose en Bicampeona Mundial de Marcha, \u00fanica mujer del pa\u00eds con tal distinci\u00f3n.<\/p>\n<p>Mientras que Alegna Ariday Gonz\u00e1lez gan\u00f3 la medalla de oro en la prueba de 10 kil\u00f3metros en la categor\u00eda juvenil, siendo su primera competencia mundial en la que particip\u00f3.<\/p>\n","protected":false},"excerpt":{"rendered":"<p>El gobernador del Estado de M\u00e9xico, Alfredo Del Mazo, se reuni\u00f3 con las marchistas mexiquenses Guadalupe Gonz\u00e1lez Romero y Alegna Ariday Gonz\u00e1lez Mu\u00f1oz, ganadoras del Mundial de Marcha en Taicang, China, a quienes felicit\u00f3 por su triunfo y las calific\u00f3 como un orgullo y fuente de inspiraci\u00f3n y motivaci\u00f3n para m\u00e1s j\u00f3venes y deportistas de la entidad.<\/p>\n","protected":false},"author":3,"featured_media":376971,"comment_status":"open","ping_status":"open","sticky":false,"template":"","format":"standard","meta":{"_monsterinsights_skip_tracking":false,"_monsterinsights_sitenote_active":false,"_monsterinsights_sitenote_note":"","_monsterinsights_sitenote_category":0,"footnotes":""},"categories":[5],"tags":[43675,73809,73808,452],"class_list":["post-376847","post","type-post","status-publish","format-standard","has-post-thumbnail","hentry","category-estado-de-mexico","tag-estado-de-mexico","tag-ganadoras","tag-mundial-de-marcha","tag-toluca"],"_links":{"self":[{"href":"https:\/\/www.diarioimagen.net\/index.php?rest_route=\/wp\/v2\/posts\/376847","targetHints":{"allow":["GET"]}}],"collection":[{"href":"https:\/\/www.diarioimagen.net\/index.php?rest_route=\/wp\/v2\/posts"}],"about":[{"href":"https:\/\/www.diarioimagen.net\/index.php?rest_route=\/wp\/v2\/types\/post"}],"author":[{"embeddable":true,"href":"https:\/\/www.diarioimagen.net\/index.php?rest_route=\/wp\/v2\/users\/3"}],"replies":[{"embeddable":true,"href":"https:\/\/www.diarioimagen.net\/index.php?rest_route=%2Fwp%2Fv2%2Fcomments&post=376847"}],"version-history":[{"count":0,"href":"https:\/\/www.diarioimagen.net\/index.php?rest_route=\/wp\/v2\/posts\/376847\/revisions"}],"wp:featuredmedia":[{"embeddable":true,"href":"https:\/\/www.diarioimagen.net\/index.php?rest_route=\/wp\/v2\/media\/376971"}],"wp:attachment":[{"href":"https:\/\/www.diarioimagen.net\/index.php?rest_route=%2Fwp%2Fv2%2Fmedia&parent=376847"}],"wp:term":[{"taxonomy":"category","embeddable":true,"href":"https:\/\/www.diarioimagen.net\/index.php?rest_route=%2Fwp%2Fv2%2Fcategories&post=376847"},{"taxonomy":"post_tag","embeddable":true,"href":"https:\/\/www.diarioimagen.net\/index.php?rest_route=%2Fwp%2Fv2%2Ftags&post=376847"}],"curies":[{"name":"wp","href":"https:\/\/api.w.org\/{rel}","templated":true}]}}