{"id":376864,"date":"2018-05-18T00:09:10","date_gmt":"2018-05-18T05:09:10","guid":{"rendered":"http:\/\/www.diarioimagen.net\/?p=376864"},"modified":"2018-05-18T03:19:46","modified_gmt":"2018-05-18T08:19:46","slug":"sheinbaum-llama-a-rescatar-la-ciudad-de-la-esperanza","status":"publish","type":"post","link":"https:\/\/www.diarioimagen.net\/?p=376864","title":{"rendered":"Sheinbaum llama a rescatar \u201cla ciudad de la esperanza\u201d"},"content":{"rendered":"<ul>\n<li><strong><em>Desestima los ataques en debate<\/em><\/strong><\/li>\n<\/ul>\n<p>&nbsp;<\/p>\n<div id=\"attachment_376944\" style=\"width: 470px\" class=\"wp-caption aligncenter\"><a href=\"http:\/\/www.diarioimagen.net\/?attachment_id=376944\" rel=\"attachment wp-att-376944\"><img loading=\"lazy\" decoding=\"async\" aria-describedby=\"caption-attachment-376944\" class=\"size-large wp-image-376944\" src=\"http:\/\/www.diarioimagen.net\/wp-content\/uploads\/2018\/05\/SHEINBUAM-3370-460x259.jpg\" alt=\"\" width=\"460\" height=\"259\" srcset=\"https:\/\/www.diarioimagen.net\/wp-content\/uploads\/2018\/05\/SHEINBUAM-3370-460x259.jpg 460w, https:\/\/www.diarioimagen.net\/wp-content\/uploads\/2018\/05\/SHEINBUAM-3370-240x135.jpg 240w, https:\/\/www.diarioimagen.net\/wp-content\/uploads\/2018\/05\/SHEINBUAM-3370-235x132.jpg 235w, https:\/\/www.diarioimagen.net\/wp-content\/uploads\/2018\/05\/SHEINBUAM-3370-202x114.jpg 202w, https:\/\/www.diarioimagen.net\/wp-content\/uploads\/2018\/05\/SHEINBUAM-3370-350x196.jpg 350w, https:\/\/www.diarioimagen.net\/wp-content\/uploads\/2018\/05\/SHEINBUAM-3370-220x123.jpg 220w, https:\/\/www.diarioimagen.net\/wp-content\/uploads\/2018\/05\/SHEINBUAM-3370-237x132.jpg 237w, https:\/\/www.diarioimagen.net\/wp-content\/uploads\/2018\/05\/SHEINBUAM-3370.jpg 480w\" sizes=\"auto, (max-width: 460px) 100vw, 460px\" \/><\/a><p id=\"caption-attachment-376944\" class=\"wp-caption-text\">La morenista Claudia Sheinbaum Pardo llam\u00f3 a \u201crescatar la ciudad de la esperanza\u201d.<\/p><\/div>\n<p>&nbsp;<\/p>\n<p>Al reconocer que existe hartazgo entre los habitantes, debido al c\u00famulo de problemas que enfrenta la capital y los malos gobiernos, Claudia Sheinbaum Pardo, candidata de la coalici\u00f3n Juntos Haremos Historia a la jefatura de gobierno de la Ciudad de M\u00e9xico, llam\u00f3 a \u201crescatar la ciudad de la esperanza\u201d.<\/p>\n<p>En entrevista con Grupo F\u00f3rmula, desestim\u00f3 los ataques de que fue objeto durante el segundo debate entre los aspirantes al gobierno capitalino y los catalog\u00f3 como estrategia de campa\u00f1a, no como algo personal, aunque opin\u00f3 que no est\u00e1 bien que se utilice la tragedia del Colegio Enrique R\u00e9bsamen en su contra.<\/p>\n<p>Sheinbaum Pardo explic\u00f3 que siempre he estado cerca de las v\u00edctimas del sismo, ya que nunca le ha dado la espalda a los problemas y detall\u00f3 que todo lo relacionado a la reconstrucci\u00f3n de los edificios da\u00f1ados por el terremoto, el apoyo a damnificados y al caso del Colegio Enrique R\u00e9bsamen, fue transparentado a trav\u00e9s de la p\u00e1gina de la delegaci\u00f3n Tlalpan.<\/p>\n<p>Reconoci\u00f3 que la figura de Andr\u00e9s Manuel L\u00f3pez Obrador es un pilar en su campa\u00f1a rumbo a la jefatura del gobierno de capital y precis\u00f3: \u201cL\u00f3pez Obrador y yo tenemos un proyecto en com\u00fan, \u00e9l fue jefe de gobierno y somos parte de un mismo equipo que tiene un proyecto para la Ciudad de M\u00e9xico y el pa\u00eds\u201d.<\/p>\n<p>Al responder qu\u00e9 har\u00eda, de ganar la contienda electoral del 1 de julio, para solucionar el problema de las marchas en la Ciudad de M\u00e9xico, Sheinbaum Pardo afirm\u00f3: \u201cLa mejor manera de atender las marchas es que no existan conflictos sociales. Es tarea del gobierno cumplir con las demandas de la ciudadan\u00eda\u201d.<\/p>\n<p>Si las autoridades resuelven problemas de reconstrucci\u00f3n por los sismos, de vivienda, abasto de agua, movilidad, transporte, inseguridad y de empleo y oportunidades, la gente no saldr\u00e1 a las calles a protestar, asegur\u00f3 la aspirante morenista al gobierno capitalino.<\/p>\n<p>La abanderada explic\u00f3 que en la coalici\u00f3n Juntos Haremos Historia buscan una transformaci\u00f3n para la ciudad, \u201cqueremos enfrentar los problemas con un proyecto integral para la Ciudad de M\u00e9xico\u2026,\u201d y agreg\u00f3 al preguntarle sobre su posici\u00f3n en las \u00faltimas encuestas: \u201cVamos muy bien, voy para adelante, mi manera de pensar es irnos hacia adelante. Vamos a rescatar la ciudad de la esperanza\u201d.<\/p>\n","protected":false},"excerpt":{"rendered":"<p>Al reconocer que existe hartazgo entre los habitantes, debido al c\u00famulo de problemas que enfrenta la capital y los malos gobiernos, Claudia Sheinbaum Pardo, candidata de la coalici\u00f3n Juntos Haremos Historia a la jefatura de gobierno de la Ciudad de M\u00e9xico, llam\u00f3 a \u201crescatar la ciudad de la esperanza\u201d.<\/p>\n","protected":false},"author":3,"featured_media":376944,"comment_status":"open","ping_status":"open","sticky":false,"template":"","format":"standard","meta":{"_monsterinsights_skip_tracking":false,"_monsterinsights_sitenote_active":false,"_monsterinsights_sitenote_note":"","_monsterinsights_sitenote_category":0,"footnotes":""},"categories":[6],"tags":[73815,72207,72457],"class_list":["post-376864","post","type-post","status-publish","format-standard","has-post-thumbnail","hentry","category-cd-de-mexico","tag-ciudad-de-mjexico","tag-claudia-sheinbaum-pardo","tag-rescatar"],"_links":{"self":[{"href":"https:\/\/www.diarioimagen.net\/index.php?rest_route=\/wp\/v2\/posts\/376864","targetHints":{"allow":["GET"]}}],"collection":[{"href":"https:\/\/www.diarioimagen.net\/index.php?rest_route=\/wp\/v2\/posts"}],"about":[{"href":"https:\/\/www.diarioimagen.net\/index.php?rest_route=\/wp\/v2\/types\/post"}],"author":[{"embeddable":true,"href":"https:\/\/www.diarioimagen.net\/index.php?rest_route=\/wp\/v2\/users\/3"}],"replies":[{"embeddable":true,"href":"https:\/\/www.diarioimagen.net\/index.php?rest_route=%2Fwp%2Fv2%2Fcomments&post=376864"}],"version-history":[{"count":0,"href":"https:\/\/www.diarioimagen.net\/index.php?rest_route=\/wp\/v2\/posts\/376864\/revisions"}],"wp:featuredmedia":[{"embeddable":true,"href":"https:\/\/www.diarioimagen.net\/index.php?rest_route=\/wp\/v2\/media\/376944"}],"wp:attachment":[{"href":"https:\/\/www.diarioimagen.net\/index.php?rest_route=%2Fwp%2Fv2%2Fmedia&parent=376864"}],"wp:term":[{"taxonomy":"category","embeddable":true,"href":"https:\/\/www.diarioimagen.net\/index.php?rest_route=%2Fwp%2Fv2%2Fcategories&post=376864"},{"taxonomy":"post_tag","embeddable":true,"href":"https:\/\/www.diarioimagen.net\/index.php?rest_route=%2Fwp%2Fv2%2Ftags&post=376864"}],"curies":[{"name":"wp","href":"https:\/\/api.w.org\/{rel}","templated":true}]}}