{"id":376873,"date":"2018-05-18T00:09:35","date_gmt":"2018-05-18T05:09:35","guid":{"rendered":"http:\/\/www.diarioimagen.net\/?p=376873"},"modified":"2018-05-18T03:27:23","modified_gmt":"2018-05-18T08:27:23","slug":"realizaran-mantenimiento-de-monumentos-en-metepec","status":"publish","type":"post","link":"https:\/\/www.diarioimagen.net\/?p=376873","title":{"rendered":"Realizar\u00e1n mantenimiento de monumentos en Metepec"},"content":{"rendered":"<p><a href=\"http:\/\/www.diarioimagen.net\/?attachment_id=376954\" rel=\"attachment wp-att-376954\"><img loading=\"lazy\" decoding=\"async\" class=\"aligncenter size-large wp-image-376954\" src=\"http:\/\/www.diarioimagen.net\/wp-content\/uploads\/2018\/05\/METEPEC-3370-460x259.jpg\" alt=\"\" width=\"460\" height=\"259\" srcset=\"https:\/\/www.diarioimagen.net\/wp-content\/uploads\/2018\/05\/METEPEC-3370-460x259.jpg 460w, https:\/\/www.diarioimagen.net\/wp-content\/uploads\/2018\/05\/METEPEC-3370-240x135.jpg 240w, https:\/\/www.diarioimagen.net\/wp-content\/uploads\/2018\/05\/METEPEC-3370-235x132.jpg 235w, https:\/\/www.diarioimagen.net\/wp-content\/uploads\/2018\/05\/METEPEC-3370-202x114.jpg 202w, https:\/\/www.diarioimagen.net\/wp-content\/uploads\/2018\/05\/METEPEC-3370-350x196.jpg 350w, https:\/\/www.diarioimagen.net\/wp-content\/uploads\/2018\/05\/METEPEC-3370-220x123.jpg 220w, https:\/\/www.diarioimagen.net\/wp-content\/uploads\/2018\/05\/METEPEC-3370-237x132.jpg 237w, https:\/\/www.diarioimagen.net\/wp-content\/uploads\/2018\/05\/METEPEC-3370.jpg 480w\" sizes=\"auto, (max-width: 460px) 100vw, 460px\" \/><\/a><\/p>\n<p>&nbsp;<\/p>\n<p><strong>Metepec, Estado de M\u00e9xico.- <\/strong>Tras valoraci\u00f3n de las condiciones en las que se encuentran monumentos de esta ciudad, se realizar\u00e1n trabajos de mantenimiento y rehabilitaci\u00f3n, a fin de recobrar su esplendor.<\/p>\n<p>Autoridades del municipio de Metepec, informaron que se lleva\u00a0 a cabo un diagn\u00f3stico de al menos 10 monumentos que en una primera etapa ser\u00e1n rehabilitados con la participaci\u00f3n de maestros del arte popular que laboran en el ayuntamiento.<\/p>\n<p>La Direcci\u00f3n de Desarrollo Econ\u00f3mico, Fomento Tur\u00edstico y Artesanal, adelant\u00f3 que entre las piezas que ser\u00e1n intervenidas se encuentra la figura de La Tlanchana, ubicada en la Plaza Ju\u00e1rez, as\u00ed como otras que lucen en el Jard\u00edn Lineal sobre la avenida Pino Su\u00e1rez.<\/p>\n","protected":false},"excerpt":{"rendered":"<p>Tras valoraci\u00f3n de las condiciones en las que se encuentran monumentos de esta ciudad, se realizar\u00e1n trabajos de mantenimiento y rehabilitaci\u00f3n, a fin de recobrar su esplendor.<\/p>\n","protected":false},"author":3,"featured_media":376954,"comment_status":"open","ping_status":"open","sticky":false,"template":"","format":"standard","meta":{"_monsterinsights_skip_tracking":false,"_monsterinsights_sitenote_active":false,"_monsterinsights_sitenote_note":"","_monsterinsights_sitenote_category":0,"footnotes":""},"categories":[35155],"tags":[43675,73817,876,73818],"class_list":["post-376873","post","type-post","status-publish","format-standard","has-post-thumbnail","hentry","category-estado-de-mexico-estado-de-mexico","tag-estado-de-mexico","tag-mantenimeinto","tag-metepec","tag-momnumento"],"_links":{"self":[{"href":"https:\/\/www.diarioimagen.net\/index.php?rest_route=\/wp\/v2\/posts\/376873","targetHints":{"allow":["GET"]}}],"collection":[{"href":"https:\/\/www.diarioimagen.net\/index.php?rest_route=\/wp\/v2\/posts"}],"about":[{"href":"https:\/\/www.diarioimagen.net\/index.php?rest_route=\/wp\/v2\/types\/post"}],"author":[{"embeddable":true,"href":"https:\/\/www.diarioimagen.net\/index.php?rest_route=\/wp\/v2\/users\/3"}],"replies":[{"embeddable":true,"href":"https:\/\/www.diarioimagen.net\/index.php?rest_route=%2Fwp%2Fv2%2Fcomments&post=376873"}],"version-history":[{"count":0,"href":"https:\/\/www.diarioimagen.net\/index.php?rest_route=\/wp\/v2\/posts\/376873\/revisions"}],"wp:featuredmedia":[{"embeddable":true,"href":"https:\/\/www.diarioimagen.net\/index.php?rest_route=\/wp\/v2\/media\/376954"}],"wp:attachment":[{"href":"https:\/\/www.diarioimagen.net\/index.php?rest_route=%2Fwp%2Fv2%2Fmedia&parent=376873"}],"wp:term":[{"taxonomy":"category","embeddable":true,"href":"https:\/\/www.diarioimagen.net\/index.php?rest_route=%2Fwp%2Fv2%2Fcategories&post=376873"},{"taxonomy":"post_tag","embeddable":true,"href":"https:\/\/www.diarioimagen.net\/index.php?rest_route=%2Fwp%2Fv2%2Ftags&post=376873"}],"curies":[{"name":"wp","href":"https:\/\/api.w.org\/{rel}","templated":true}]}}