{"id":376889,"date":"2018-05-18T00:05:07","date_gmt":"2018-05-18T05:05:07","guid":{"rendered":"http:\/\/www.diarioimagen.net\/?p=376889"},"modified":"2018-05-18T03:40:46","modified_gmt":"2018-05-18T08:40:46","slug":"distingue-uaem-a-la-fisica-cecilia-noguez-g","status":"publish","type":"post","link":"https:\/\/www.diarioimagen.net\/?p=376889","title":{"rendered":"Distingue UAEM a la f\u00edsica Cecilia Noguez G."},"content":{"rendered":"<ul>\n<li><strong><em>Doctorado Honoris Causa\u00a0<\/em><\/strong><\/li>\n<\/ul>\n<p>&nbsp;<\/p>\n<div id=\"attachment_376965\" style=\"width: 302px\" class=\"wp-caption alignleft\"><a href=\"http:\/\/www.diarioimagen.net\/?attachment_id=376965\" rel=\"attachment wp-att-376965\"><img loading=\"lazy\" decoding=\"async\" aria-describedby=\"caption-attachment-376965\" class=\" wp-image-376965\" src=\"http:\/\/www.diarioimagen.net\/wp-content\/uploads\/2018\/05\/UAEM-3370-307x460.jpg\" alt=\"\" width=\"292\" height=\"438\" srcset=\"https:\/\/www.diarioimagen.net\/wp-content\/uploads\/2018\/05\/UAEM-3370-307x460.jpg 307w, https:\/\/www.diarioimagen.net\/wp-content\/uploads\/2018\/05\/UAEM-3370-160x240.jpg 160w, https:\/\/www.diarioimagen.net\/wp-content\/uploads\/2018\/05\/UAEM-3370.jpg 467w\" sizes=\"auto, (max-width: 292px) 100vw, 292px\" \/><\/a><p id=\"caption-attachment-376965\" class=\"wp-caption-text\">El rector Alfredo Barrera Baca entreg\u00f3 el m\u00e1ximo reconocimiento institucional a la acad\u00e9mica, l\u00edder mundial en el \u00e1rea de la nanociencia.<\/p><\/div>\n<p><strong>Toluca, Estado de M\u00e9xico<\/strong>. \u2013 La Universidad Aut\u00f3noma del Estado de M\u00e9xico reconoci\u00f3 con el Doctorado Honoris Causa a Ana Cecilia Noguez Garrido, por su invaluable aporte a la f\u00edsica, la qu\u00edmica y la investigaci\u00f3n de frontera.<\/p>\n<p>Al entregar el m\u00e1ximo reconocimiento institucional a Noguez Garrido, acad\u00e9mica l\u00edder mundial en el \u00e1rea de la nanociencia, el rector Alfredo Barrera Baca destac\u00f3 que, de esta manera, la Aut\u00f3noma mexiquense ratifica que los urgentes liderazgos cient\u00edficos en el pa\u00eds son viables.<\/p>\n<p>En el Aula Magna \u201cLic. Adolfo L\u00f3pez Mateos\u201d, donde se dieron cita integrantes de las facultades de Ciencias y Qu\u00edmica de la UAEM, sostuvo que la exitosa trayectoria de la homenajeada revela las virtudes de la universidad p\u00fablica mexicana, eje indiscutible del proyecto nacional que encara desaf\u00edos mediante programas acad\u00e9micos de excelencia, infraestructura eficaz y apoyos a la creatividad juvenil.<\/p>\n","protected":false},"excerpt":{"rendered":"<p>La Universidad Aut\u00f3noma del Estado de M\u00e9xico reconoci\u00f3 con el Doctorado Honoris Causa a Ana Cecilia Noguez Garrido, por su invaluable aporte a la f\u00edsica, la qu\u00edmica y la investigaci\u00f3n de frontera.<\/p>\n","protected":false},"author":3,"featured_media":376966,"comment_status":"open","ping_status":"open","sticky":false,"template":"","format":"standard","meta":{"_monsterinsights_skip_tracking":false,"_monsterinsights_sitenote_active":false,"_monsterinsights_sitenote_note":"","_monsterinsights_sitenote_category":0,"footnotes":""},"categories":[35155],"tags":[73820,48328,43675,452],"class_list":["post-376889","post","type-post","status-publish","format-standard","has-post-thumbnail","hentry","category-estado-de-mexico-estado-de-mexico","tag-ana-cecilia-noguez-garrido","tag-doctorado-honoris-causa","tag-estado-de-mexico","tag-toluca"],"_links":{"self":[{"href":"https:\/\/www.diarioimagen.net\/index.php?rest_route=\/wp\/v2\/posts\/376889","targetHints":{"allow":["GET"]}}],"collection":[{"href":"https:\/\/www.diarioimagen.net\/index.php?rest_route=\/wp\/v2\/posts"}],"about":[{"href":"https:\/\/www.diarioimagen.net\/index.php?rest_route=\/wp\/v2\/types\/post"}],"author":[{"embeddable":true,"href":"https:\/\/www.diarioimagen.net\/index.php?rest_route=\/wp\/v2\/users\/3"}],"replies":[{"embeddable":true,"href":"https:\/\/www.diarioimagen.net\/index.php?rest_route=%2Fwp%2Fv2%2Fcomments&post=376889"}],"version-history":[{"count":0,"href":"https:\/\/www.diarioimagen.net\/index.php?rest_route=\/wp\/v2\/posts\/376889\/revisions"}],"wp:featuredmedia":[{"embeddable":true,"href":"https:\/\/www.diarioimagen.net\/index.php?rest_route=\/wp\/v2\/media\/376966"}],"wp:attachment":[{"href":"https:\/\/www.diarioimagen.net\/index.php?rest_route=%2Fwp%2Fv2%2Fmedia&parent=376889"}],"wp:term":[{"taxonomy":"category","embeddable":true,"href":"https:\/\/www.diarioimagen.net\/index.php?rest_route=%2Fwp%2Fv2%2Fcategories&post=376889"},{"taxonomy":"post_tag","embeddable":true,"href":"https:\/\/www.diarioimagen.net\/index.php?rest_route=%2Fwp%2Fv2%2Ftags&post=376889"}],"curies":[{"name":"wp","href":"https:\/\/api.w.org\/{rel}","templated":true}]}}