{"id":376907,"date":"2018-05-18T00:00:47","date_gmt":"2018-05-18T05:00:47","guid":{"rendered":"http:\/\/www.diarioimagen.net\/?p=376907"},"modified":"2018-05-18T01:31:14","modified_gmt":"2018-05-18T06:31:14","slug":"zavala-mas-famosa-como-ex-candidata","status":"publish","type":"post","link":"https:\/\/www.diarioimagen.net\/?p=376907","title":{"rendered":"Zavala, m\u00e1s famosa como ex candidata"},"content":{"rendered":"<h2>La Retaguardia<\/h2>\n<h5>Adriana Moreno Cordero<\/h5>\n<p><em>\u00a0<\/em><\/p>\n<ul>\n<li><strong><em>El resto de los aspirantes se reunir\u00e1n con la Concamin<\/em><\/strong><\/li>\n<\/ul>\n<p>&nbsp;<\/p>\n<p>El fin de semana lleg\u00f3 y la nota fue la renuncia de <strong>Margarita Zavala<\/strong> a la candidatura presidencial independiente, pero m\u00e1s all\u00e1 de eso, la manera como los candidatos presidenciales, (menos <strong>Jaime Rodr\u00edguez \u201cel Bronco\u201d<\/strong>), se la est\u00e1n peleando; m\u00e1s que a ella, al reducido n\u00famero de votos que representa.<\/p>\n<p>Luego de los constantes \u201cgui\u00f1os\u201d que le ha venido haciendo el candidato presidencial de la coalici\u00f3n \u201cPor M\u00e9xico al Frente\u201d, <strong>Ricardo Anaya<\/strong> y de la disposici\u00f3n de la ex primera dama a sentarse a hablar con todo aquel que la requiera, pero nada m\u00e1s, el abanderado de \u201cJuntos Haremos Historia\u201d, <strong>Andr\u00e9s Manuel L\u00f3pez Obrador<\/strong>, asegur\u00f3, luego de una reuni\u00f3n con la Coparmex, que los votos que dej\u00f3 Zavala, ser\u00e1n para su causa, al tiempo que sobre el destino de la ahora excandidata independiente, el tabasque\u00f1o se\u00f1al\u00f3 que est\u00e1 m\u00e1s identificada con el candidato presidencial de la coalici\u00f3n \u201cTodos por M\u00e9xico<strong>\u201d, Jos\u00e9 Antonio Meade<\/strong> y por ello, hay posibilidades de que se sume a su campa\u00f1a. \u00bfSer\u00e1?<\/p>\n<p>Lo cierto es que la esposa del ex presidente <strong>Felipe Calder\u00f3n<\/strong>, se va muy triste, pero serena, porque no pudo alcanzar lo que hab\u00eda sido un anhelo largamente acariciado y porque con todo lo incre\u00edble que pudiera parecer, la se\u00f1ora Zavala se ha vuelto m\u00e1s famosa desde que dej\u00f3 la candidatura, que cuando andaba haciendo campa\u00f1a proselitista y erigi\u00e9ndose, -en un tono bastante impostado, por cierto, como lo demostr\u00f3 en el primer debate-, como la defensora de todos.<\/p>\n<p>Ah\u00ed est\u00e1 que el llamado \u201cJoven Maravilla\u201d, no ha cejado en sus intentos por buscar a la ex primera dama. Apenas ayer, le hizo de nueva cuenta un p\u00fablico reconocimiento y subray\u00f3 que las puertas de su campa\u00f1a est\u00e1n abiertas\u00a0 \u201cpara sumar esfuerzos\u201d.<\/p>\n<p>Anaya asegur\u00f3 que ya Margarita Zavala le contest\u00f3 el celular y espera encontrarse con ella en los pr\u00f3ximos d\u00edas. \u00bfSer\u00e1?, porque no hay que olvidar las fuertes diferencias y enfrentamientos que tuvieron uno y otra cuando Anaya se traz\u00f3 como objetivo conseguir la candidatura presidencial del PAN al precio que fuera.<\/p>\n<p>En fin, el caso es que al debate del pr\u00f3ximo domingo en Tijuana, ya no asistir\u00e1 Zavala G\u00f3mez del Campo, y eso que a ella le correspond\u00eda abrir; ahora solo estar\u00e1 en calidad de espectadora, pero sin duda, bien valdr\u00eda la pena preguntarle por qui\u00e9n va a votar en las elecciones del ya pr\u00f3ximo 1 de julio. \u00bfAcaso ser\u00e1 capaz de anular su sufragio?<\/p>\n<p>Asimismo, dentro de las actividades que tienen el resto de los candidatos presidenciales, ser\u00e1 el pr\u00f3ximo jueves 24 de mayo cuando los industriales del pa\u00eds, que lidera <strong>Francisco Cervantes D\u00edaz<\/strong>, presidente de Concamin, se reunir\u00e1n con los abanderados presidenciales para conocer el proyecto econ\u00f3mico de los aspirantes y, a su vez, presentarles la propuesta de pol\u00edtica industrial, que busca dar un nuevo impulso a la econom\u00eda y al crecimiento con inclusi\u00f3n social.<\/p>\n<p>Hay que destacar que un tema que preocupa especialmente a los industriales, es el crecimiento acelerado del robo a transportes, que de 2014 al 2017, se increment\u00f3 en 418 por ciento.<\/p>\n<p>El a\u00f1o pasado, estos il\u00edcitos provocaron p\u00e9rdidas por 700 millones de pesos, tan s\u00f3lo por el valor de las unidades robadas. El Estado de M\u00e9xico, Puebla, Veracruz, Michoac\u00e1n, Guanajuato y Tlaxcala concentraron el 45 por ciento de los incidentes.<\/p>\n<p>Cervantes D\u00edaz ha venido se\u00f1alando que estos il\u00edcitos representan graves afectaciones a la vida y seguridad de empresarios y trabajadores, adem\u00e1s que elevan costos de producci\u00f3n, los cuales inciden en el precio final de los productos y se traducen en un componente inflacionario.<\/p>\n<p>Independientemente de lo anterior, habr\u00e1 que seguir muy de cerca el desarrollo de los candidatos presidenciales con los empresarios. En tal sentido, hasta l\u00f3gico resulta advertir que a Andr\u00e9s Manuel L\u00f3pez Obrador, no le ir\u00e1 muy bien que digamos, esto, si tomamos en cuenta que ayer en el encuentro con Co, -que liderea <strong>Gustavo de Hoyos<\/strong>-, no las tuvo consigo, especialmente, en lo referente al tema de la autonom\u00eda del Fiscal General de la Rep\u00fablica, pues como AMLO ya se siente Presidente de la Rep\u00fablica, insiste en que sea el Jefe del Ejecutivo el que mande la terna para elegir al nuevo Fiscal. Al parecer, no le ha funcionado al tabasque\u00f1o eso de sacar su \u201cbanderita blanca\u201d de paz.<\/p>\n<p style=\"text-align: center;\"><strong>Municiones<\/strong><\/p>\n<p>*** En esto no hay casualidad que valga. Ayer falleci\u00f3 <strong>Alejandro Caballero V\u00e9rtiz<\/strong>, quien era el Juez que llevaba el caso de la otrora poderosa l\u00edder del Sindicato Nacional de Trabajadores de la Educaci\u00f3n, <strong>Elba Esther Gordillo<\/strong> y supo de otros asuntos como por ejemplo, las extradiciones de <strong>Rafael Caro Quintero<\/strong> y de <strong>Ismael Zambada<\/strong>, mejor conocido como \u201cel Mayito Gordo\u201d.<\/p>\n<p>*** No puede ser que L\u00f3pez Obrador no haya perdonado a uno de sus candidatos, en este caso, a una diputaci\u00f3n por Sonora. Se trata de <strong>Orlando \u201cel Siri\u201d Salido<\/strong>, un boxeador que se hizo campe\u00f3n mundial con mucho esfuerzo, porque hace unos d\u00edas, se rob\u00f3 unas cervezas de una tienda de conveniencia. Entonces s\u00ed muy afanoso, el due\u00f1o de Morena argument\u00f3 que se trataba de un candidato del PT y \u00e9l de plano, no los conoce a todos. \u00a1Qu\u00e9 tal!<\/p>\n<p>*** <strong>C\u00e9sar Camacho<\/strong>, candidato del PRI al Senado de la Rep\u00fablica por el Estado de M\u00e9xico, anunci\u00f3 en Tlalnepantla que, de ganar la elecci\u00f3n del 1 de julio, legislar\u00e1 para garantizar las mismas condiciones laborales a servidores p\u00fablicos de base o contrato, como la seguridad social universal y la licencia de paternidad.<\/p>\n<p>\u201cUn trato justo es derecho de todos los servidores p\u00fablicos al servicio del estado y por eso habr\u00e9 de ser su aliado, para que a todos aquellos que como vocaci\u00f3n de vida eligieron servir desde el gobierno les vaya mejor\u201d, subray\u00f3 al reunirse con centenares de bur\u00f3cratas afiliados a la Federaci\u00f3n de Trabajadores al Servicio del Estado (FETSE).<\/p>\n<p><a href=\"mailto:morcora@gmail.com\" target=\"_blank\" rel=\"noopener\"><em>morcora@gmail.com<\/em><\/a><\/p>\n","protected":false},"excerpt":{"rendered":"<p><span style=\"color: #005497;\"><strong>Adriana Moreno Cordero<\/strong><\/span><\/p>\n","protected":false},"author":3,"featured_media":0,"comment_status":"open","ping_status":"open","sticky":false,"template":"","format":"standard","meta":{"_monsterinsights_skip_tracking":false,"_monsterinsights_sitenote_active":false,"_monsterinsights_sitenote_note":"","_monsterinsights_sitenote_category":0,"footnotes":""},"categories":[69370],"tags":[69369,69368,43674],"class_list":["post-376907","post","type-post","status-publish","format-standard","hentry","category-adriana-moreno-cordero","tag-adriana-moreno-cordero","tag-la-retaguardia","tag-opinion"],"_links":{"self":[{"href":"https:\/\/www.diarioimagen.net\/index.php?rest_route=\/wp\/v2\/posts\/376907","targetHints":{"allow":["GET"]}}],"collection":[{"href":"https:\/\/www.diarioimagen.net\/index.php?rest_route=\/wp\/v2\/posts"}],"about":[{"href":"https:\/\/www.diarioimagen.net\/index.php?rest_route=\/wp\/v2\/types\/post"}],"author":[{"embeddable":true,"href":"https:\/\/www.diarioimagen.net\/index.php?rest_route=\/wp\/v2\/users\/3"}],"replies":[{"embeddable":true,"href":"https:\/\/www.diarioimagen.net\/index.php?rest_route=%2Fwp%2Fv2%2Fcomments&post=376907"}],"version-history":[{"count":0,"href":"https:\/\/www.diarioimagen.net\/index.php?rest_route=\/wp\/v2\/posts\/376907\/revisions"}],"wp:attachment":[{"href":"https:\/\/www.diarioimagen.net\/index.php?rest_route=%2Fwp%2Fv2%2Fmedia&parent=376907"}],"wp:term":[{"taxonomy":"category","embeddable":true,"href":"https:\/\/www.diarioimagen.net\/index.php?rest_route=%2Fwp%2Fv2%2Fcategories&post=376907"},{"taxonomy":"post_tag","embeddable":true,"href":"https:\/\/www.diarioimagen.net\/index.php?rest_route=%2Fwp%2Fv2%2Ftags&post=376907"}],"curies":[{"name":"wp","href":"https:\/\/api.w.org\/{rel}","templated":true}]}}