{"id":377055,"date":"2018-05-21T00:11:08","date_gmt":"2018-05-21T05:11:08","guid":{"rendered":"http:\/\/www.diarioimagen.net\/?p=377055"},"modified":"2018-05-21T02:03:15","modified_gmt":"2018-05-21T07:03:15","slug":"arriola-reta-a-barrales-a-someterse-al-poligrafo","status":"publish","type":"post","link":"https:\/\/www.diarioimagen.net\/?p=377055","title":{"rendered":"Arriola reta a Barrales a someterse al pol\u00edgrafo"},"content":{"rendered":"<ul>\n<li><strong><em>Y a Sheinbaum, al <\/em>antidoping<\/strong><\/li>\n<\/ul>\n<p>&nbsp;<\/p>\n<div id=\"attachment_377146\" style=\"width: 470px\" class=\"wp-caption aligncenter\"><a href=\"http:\/\/www.diarioimagen.net\/?attachment_id=377146\" rel=\"attachment wp-att-377146\"><img loading=\"lazy\" decoding=\"async\" aria-describedby=\"caption-attachment-377146\" class=\"size-large wp-image-377146\" src=\"http:\/\/www.diarioimagen.net\/wp-content\/uploads\/2018\/05\/ARRIOLA-3371-460x259.jpg\" alt=\"\" width=\"460\" height=\"259\" srcset=\"https:\/\/www.diarioimagen.net\/wp-content\/uploads\/2018\/05\/ARRIOLA-3371-460x259.jpg 460w, https:\/\/www.diarioimagen.net\/wp-content\/uploads\/2018\/05\/ARRIOLA-3371-240x135.jpg 240w, https:\/\/www.diarioimagen.net\/wp-content\/uploads\/2018\/05\/ARRIOLA-3371-235x132.jpg 235w, https:\/\/www.diarioimagen.net\/wp-content\/uploads\/2018\/05\/ARRIOLA-3371-202x114.jpg 202w, https:\/\/www.diarioimagen.net\/wp-content\/uploads\/2018\/05\/ARRIOLA-3371-350x196.jpg 350w, https:\/\/www.diarioimagen.net\/wp-content\/uploads\/2018\/05\/ARRIOLA-3371-220x123.jpg 220w, https:\/\/www.diarioimagen.net\/wp-content\/uploads\/2018\/05\/ARRIOLA-3371-237x132.jpg 237w, https:\/\/www.diarioimagen.net\/wp-content\/uploads\/2018\/05\/ARRIOLA-3371.jpg 480w\" sizes=\"auto, (max-width: 460px) 100vw, 460px\" \/><\/a><p id=\"caption-attachment-377146\" class=\"wp-caption-text\">Mikel Arriola Pe\u00f1alosa ret\u00f3 a su contrincante Alejandra Barrales Magdaleno a hacerse la prueba del pol\u00edgrafo.<\/p><\/div>\n<p>&nbsp;<\/p>\n<p>El candidato del priista a la jefatura de gobierno de la Ciudad de M\u00e9xico, Mikel Arriola Pe\u00f1alosa, ret\u00f3 a su contrincante de la coalici\u00f3n Por la Ciudad de M\u00e9xico al Frente, Alejandra Barrales Magdaleno, a hacerse la prueba del pol\u00edgrafo, para que diga de d\u00f3nde sac\u00f3 40 millones para la casa de Las Lomas.<\/p>\n<p>En su acto de proselitismo en la delegaci\u00f3n Cuauht\u00e9moc, el ex funcionario federal reiter\u00f3 tambi\u00e9n su reto a la abanderada de la coalici\u00f3n Juntos Haremos Historia, Claudia Sheinbaum Pardo, a que se haga el \u201cantidoping\u201d para conocer de una vez por todas si consume mariguana, porque no es una cr\u00edtica a quienes la consumen, sino a los mentirosos.<\/p>\n<p>Arropado por simpatizantes pri\u00edstas reunidos en el monumento del general L\u00e1zaro C\u00e1rdenas, record\u00f3 que en el pasado debate entre los aspirantes a la jefatura del gobierno capitalino record\u00f3 a Barrales Magdaleno sus bienes como su casa en las Lomas de 40 millones de pesos; y un departamento en Miami, en donde vive gente de mucho dinero .<\/p>\n<p>Aclar\u00f3 que no tiene nada contra la gente de muchos recursos, pero el problema es de d\u00f3nde obtuvo tanto dinero, adem\u00e1s de que tiene un departamento en Acapulco y otra propiedad en Calzada de la Viga .<\/p>\n<p>Arriola Pe\u00f1alosa dijo que ya se tiene un peritaje contable en d\u00f3nde se se\u00f1ala que no ha podido explicar 35 millones de pesos, por ello la ret\u00f3 a la prueba del pol\u00edgrafo.<\/p>\n<p>Reiter\u00f3 su compromiso que de ganar la elecci\u00f3n del 1 de julio, en su gobierno nadie les vender\u00eda una sola pipa de agua. \u201cNo m\u00e1s condicionamiento al acceso del vital l\u00edquido a cambio del voto\u201d.<\/p>\n<p>Afirm\u00f3 que nadie est\u00e1 contento con la seguridad en la Ciudad de M\u00e9xico, por lo que dijo que se necesita un jefe de gobierno que enfrente al crimen organizado y \u201cdesde el primer d\u00eda de mi gobierno voy a ir por las organizaciones del crimen organizado para que dejen de agredir a nuestras familias, me la voy a rifar por los ciudadanos, a mi no me da miedo\u201d. Adem\u00e1s sostuvo que en su gobierno se ir\u00e1n las fotomultas y las ara\u00f1as inmovilizadoras .<\/p>\n<p>Por \u00faltimo, llam\u00f3 a salir a convencer para llevar el cambio en la Ciudad de M\u00e9xico ante los malos gobiernos, donde los servidores p\u00fablicos salgan a servir y no a robar.<\/p>\n","protected":false},"excerpt":{"rendered":"<p>El candidato del priista a la jefatura de gobierno de la Ciudad de M\u00e9xico, Mikel Arriola Pe\u00f1alosa, ret\u00f3 a su contrincante de la coalici\u00f3n Por la Ciudad de M\u00e9xico al Frente, Alejandra Barrales Magdaleno, a hacerse la prueba del pol\u00edgrafo, para que diga de d\u00f3nde sac\u00f3 40 millones para la casa de Las Lomas.<\/p>\n","protected":false},"author":3,"featured_media":377146,"comment_status":"open","ping_status":"open","sticky":false,"template":"","format":"standard","meta":{"_monsterinsights_skip_tracking":false,"_monsterinsights_sitenote_active":false,"_monsterinsights_sitenote_note":"","_monsterinsights_sitenote_category":0,"footnotes":""},"categories":[6],"tags":[11733,204,51147,73869],"class_list":["post-377055","post","type-post","status-publish","format-standard","has-post-thumbnail","hentry","category-cd-de-mexico","tag-alejandra-barrales-magdaleno","tag-ciudad-de-mexico","tag-mikel-arriola-penalosa","tag-poligrafo"],"_links":{"self":[{"href":"https:\/\/www.diarioimagen.net\/index.php?rest_route=\/wp\/v2\/posts\/377055","targetHints":{"allow":["GET"]}}],"collection":[{"href":"https:\/\/www.diarioimagen.net\/index.php?rest_route=\/wp\/v2\/posts"}],"about":[{"href":"https:\/\/www.diarioimagen.net\/index.php?rest_route=\/wp\/v2\/types\/post"}],"author":[{"embeddable":true,"href":"https:\/\/www.diarioimagen.net\/index.php?rest_route=\/wp\/v2\/users\/3"}],"replies":[{"embeddable":true,"href":"https:\/\/www.diarioimagen.net\/index.php?rest_route=%2Fwp%2Fv2%2Fcomments&post=377055"}],"version-history":[{"count":0,"href":"https:\/\/www.diarioimagen.net\/index.php?rest_route=\/wp\/v2\/posts\/377055\/revisions"}],"wp:featuredmedia":[{"embeddable":true,"href":"https:\/\/www.diarioimagen.net\/index.php?rest_route=\/wp\/v2\/media\/377146"}],"wp:attachment":[{"href":"https:\/\/www.diarioimagen.net\/index.php?rest_route=%2Fwp%2Fv2%2Fmedia&parent=377055"}],"wp:term":[{"taxonomy":"category","embeddable":true,"href":"https:\/\/www.diarioimagen.net\/index.php?rest_route=%2Fwp%2Fv2%2Fcategories&post=377055"},{"taxonomy":"post_tag","embeddable":true,"href":"https:\/\/www.diarioimagen.net\/index.php?rest_route=%2Fwp%2Fv2%2Ftags&post=377055"}],"curies":[{"name":"wp","href":"https:\/\/api.w.org\/{rel}","templated":true}]}}