{"id":377058,"date":"2018-05-21T00:10:10","date_gmt":"2018-05-21T05:10:10","guid":{"rendered":"http:\/\/www.diarioimagen.net\/?p=377058"},"modified":"2018-05-21T02:04:02","modified_gmt":"2018-05-21T07:04:02","slug":"promete-sheimbaun-agilizar-reconstruccion","status":"publish","type":"post","link":"https:\/\/www.diarioimagen.net\/?p=377058","title":{"rendered":"Promete Sheimbaun agilizar reconstrucci\u00f3n"},"content":{"rendered":"<ul>\n<li><em><strong>Pide transparentar recursos<\/strong><\/em><\/li>\n<li><em><strong>D\u00f3nde est\u00e1n los 14 mi millones, pregunta la morenista<\/strong><\/em><\/li>\n<\/ul>\n<p>&nbsp;<\/p>\n<div id=\"attachment_377149\" style=\"width: 470px\" class=\"wp-caption aligncenter\"><a href=\"http:\/\/www.diarioimagen.net\/?attachment_id=377149\" rel=\"attachment wp-att-377149\"><img loading=\"lazy\" decoding=\"async\" aria-describedby=\"caption-attachment-377149\" class=\"size-large wp-image-377149\" src=\"http:\/\/www.diarioimagen.net\/wp-content\/uploads\/2018\/05\/SHEINBAUM-3371-460x259.jpg\" alt=\"\" width=\"460\" height=\"259\" srcset=\"https:\/\/www.diarioimagen.net\/wp-content\/uploads\/2018\/05\/SHEINBAUM-3371-460x259.jpg 460w, https:\/\/www.diarioimagen.net\/wp-content\/uploads\/2018\/05\/SHEINBAUM-3371-240x135.jpg 240w, https:\/\/www.diarioimagen.net\/wp-content\/uploads\/2018\/05\/SHEINBAUM-3371-235x132.jpg 235w, https:\/\/www.diarioimagen.net\/wp-content\/uploads\/2018\/05\/SHEINBAUM-3371-202x114.jpg 202w, https:\/\/www.diarioimagen.net\/wp-content\/uploads\/2018\/05\/SHEINBAUM-3371-350x196.jpg 350w, https:\/\/www.diarioimagen.net\/wp-content\/uploads\/2018\/05\/SHEINBAUM-3371-220x123.jpg 220w, https:\/\/www.diarioimagen.net\/wp-content\/uploads\/2018\/05\/SHEINBAUM-3371-237x132.jpg 237w, https:\/\/www.diarioimagen.net\/wp-content\/uploads\/2018\/05\/SHEINBAUM-3371.jpg 480w\" sizes=\"auto, (max-width: 460px) 100vw, 460px\" \/><\/a><p id=\"caption-attachment-377149\" class=\"wp-caption-text\">Claudia Sheinbaum Pardo se pronunci\u00f3 en favor de que los recursos para apoyar a los damnificados.<\/p><\/div>\n<p>&nbsp;<\/p>\n<p>La candidata al gobierno capitalino por la coalici\u00f3n Juntos Haremos Historia, Claudia Sheinbaum Pardo, se pronunci\u00f3 en favor de que los recursos para apoyar a los damnificados del sismo de septiembre pasado\u00a0 fluyan y se atiendan las necesidades de la reconstrucci\u00f3n.<\/p>\n<p>Entrevistada luego de un acto de campa\u00f1a en el Pueblo de Los Reyes Coyoac\u00e1n, la aspirante a gobernar la capital del pa\u00eds, insisti\u00f3 en que debe hacerse transparente el uso de los recursos para la reconstrucci\u00f3n y est\u00e1 bien que anuncien el uso de dos mil millones de pesos, pero \u00bfd\u00f3nde est\u00e1n los 14 mil millones que se tienen para la reconstrucci\u00f3n?<\/p>\n<p>\u201cQue transparenten los fondos, tienen 14 mil millones de pesos, ocho mil millones que tiene la propia ciudad y seis mil millones que les dio el gobierno federal\u201d.<\/p>\n<p>Remarc\u00f3 que el actual jefe de gobierno de la Ciudad de M\u00e9xico, Jos\u00e9 Ram\u00f3n Amieva, tiene la responsabilidad de hacer transparentes los fondos.<\/p>\n<p>Record\u00f3 que por la opacidad con que pretendieron manejar los recursos, les renunciaron los consejeros ciudadanos de la Comisi\u00f3n de Reconstrucci\u00f3n que se conform\u00f3 en su momento.<\/p>\n<p>Sheinbaum Pardo declar\u00f3 que no es dif\u00edcil hacer transparentes los recursos p\u00fablicos, cuando se act\u00faa con honestidad.<\/p>\n<p>Coment\u00f3 que est\u00e1 bien que se atienda a los damnificados, pues llevan ocho meses en el abandono, pero el problema, es que s\u00f3lo canalizan dos mil millones, cuando se tienen 14 mil millones y nadie sabe d\u00f3nde est\u00e1n.<\/p>\n<p>Luego de recibir un escrito de parte de damnificados de Coyoac\u00e1n, Sheinbaum Pardo opin\u00f3 que no se necesita tanta ciencia y si se tienen 10 mil damnificados, repartir entre \u00e9stos 500 mil pesos por cada uno.<\/p>\n<p>Agreg\u00f3 que hay mucho dinero, por lo que no se justifica que quienes perdieron sus bienes sigan en el abandono, sino bajo su perspectiva hay opacidad e ineficacia.<\/p>\n","protected":false},"excerpt":{"rendered":"<p>La candidata al gobierno capitalino por la coalici\u00f3n Juntos Haremos Historia, Claudia Sheinbaum Pardo, se pronunci\u00f3 en favor de que los recursos para apoyar a los damnificados del sismo de septiembre pasado  fluyan y se atiendan las necesidades de la reconstrucci\u00f3n.<\/p>\n","protected":false},"author":3,"featured_media":377149,"comment_status":"open","ping_status":"open","sticky":false,"template":"","format":"standard","meta":{"_monsterinsights_skip_tracking":false,"_monsterinsights_sitenote_active":false,"_monsterinsights_sitenote_note":"","_monsterinsights_sitenote_category":0,"footnotes":""},"categories":[6],"tags":[204,72207,69000,25048],"class_list":["post-377058","post","type-post","status-publish","format-standard","has-post-thumbnail","hentry","category-cd-de-mexico","tag-ciudad-de-mexico","tag-claudia-sheinbaum-pardo","tag-juntos-haremos-historia","tag-reconstruccion"],"_links":{"self":[{"href":"https:\/\/www.diarioimagen.net\/index.php?rest_route=\/wp\/v2\/posts\/377058","targetHints":{"allow":["GET"]}}],"collection":[{"href":"https:\/\/www.diarioimagen.net\/index.php?rest_route=\/wp\/v2\/posts"}],"about":[{"href":"https:\/\/www.diarioimagen.net\/index.php?rest_route=\/wp\/v2\/types\/post"}],"author":[{"embeddable":true,"href":"https:\/\/www.diarioimagen.net\/index.php?rest_route=\/wp\/v2\/users\/3"}],"replies":[{"embeddable":true,"href":"https:\/\/www.diarioimagen.net\/index.php?rest_route=%2Fwp%2Fv2%2Fcomments&post=377058"}],"version-history":[{"count":0,"href":"https:\/\/www.diarioimagen.net\/index.php?rest_route=\/wp\/v2\/posts\/377058\/revisions"}],"wp:featuredmedia":[{"embeddable":true,"href":"https:\/\/www.diarioimagen.net\/index.php?rest_route=\/wp\/v2\/media\/377149"}],"wp:attachment":[{"href":"https:\/\/www.diarioimagen.net\/index.php?rest_route=%2Fwp%2Fv2%2Fmedia&parent=377058"}],"wp:term":[{"taxonomy":"category","embeddable":true,"href":"https:\/\/www.diarioimagen.net\/index.php?rest_route=%2Fwp%2Fv2%2Fcategories&post=377058"},{"taxonomy":"post_tag","embeddable":true,"href":"https:\/\/www.diarioimagen.net\/index.php?rest_route=%2Fwp%2Fv2%2Ftags&post=377058"}],"curies":[{"name":"wp","href":"https:\/\/api.w.org\/{rel}","templated":true}]}}