{"id":377126,"date":"2018-05-21T00:08:28","date_gmt":"2018-05-21T05:08:28","guid":{"rendered":"http:\/\/www.diarioimagen.net\/?p=377126"},"modified":"2018-05-22T00:32:00","modified_gmt":"2018-05-22T05:32:00","slug":"margarita-y-un-nuevo-partido","status":"publish","type":"post","link":"https:\/\/www.diarioimagen.net\/?p=377126","title":{"rendered":"Margarita y un nuevo partido"},"content":{"rendered":"<h2>Punto por punto<\/h2>\n<h5>Augusto Corro<\/h5>\n<p>&nbsp;<\/p>\n<div id=\"attachment_377187\" style=\"width: 470px\" class=\"wp-caption aligncenter\"><a href=\"http:\/\/www.diarioimagen.net\/?attachment_id=377187\" rel=\"attachment wp-att-377187\"><img loading=\"lazy\" decoding=\"async\" aria-describedby=\"caption-attachment-377187\" class=\"size-large wp-image-377187\" src=\"http:\/\/www.diarioimagen.net\/wp-content\/uploads\/2018\/05\/NADA-LO-DETIENE-jose-luis-3371-460x363.jpg\" alt=\"\" width=\"460\" height=\"363\" srcset=\"https:\/\/www.diarioimagen.net\/wp-content\/uploads\/2018\/05\/NADA-LO-DETIENE-jose-luis-3371-460x363.jpg 460w, https:\/\/www.diarioimagen.net\/wp-content\/uploads\/2018\/05\/NADA-LO-DETIENE-jose-luis-3371-240x189.jpg 240w, https:\/\/www.diarioimagen.net\/wp-content\/uploads\/2018\/05\/NADA-LO-DETIENE-jose-luis-3371-768x606.jpg 768w, https:\/\/www.diarioimagen.net\/wp-content\/uploads\/2018\/05\/NADA-LO-DETIENE-jose-luis-3371.jpg 1200w\" sizes=\"auto, (max-width: 460px) 100vw, 460px\" \/><\/a><p id=\"caption-attachment-377187\" class=\"wp-caption-text\">Nada lo detiene&#8230; | Jos\u00e9 Luis<\/p><\/div>\n<p>&nbsp;<\/p>\n<p>Margarita Zavala de Calder\u00f3n renunci\u00f3 a la candidatura presidencial independiente y se especula ya sobre su futuro pol\u00edtico.<\/p>\n<p>Lo m\u00e1s l\u00f3gico es que busque la formaci\u00f3n de un nuevo partido pol\u00edtico. Tiene los votos suficientes para lograrlo.\u00a0 S\u00f3lo es cuesti\u00f3n que se decida. Claro, tambi\u00e9n participar\u00eda en la creaci\u00f3n de un instituto pol\u00edtico su esposo, el impresentable ex presidente, Felipe Calder\u00f3n.<\/p>\n<p>Tras las elecciones del 1 de julio pr\u00f3ximo, el matrimonio Calder\u00f3n-Zavala decidir\u00e1 su proyecto pol\u00edtico.<\/p>\n<p>En el presente, Margarita Zavala tendr\u00e1 que decidir a qu\u00e9 candidato apoyar\u00e1 que le brinde resultados positivos a su proyecto pol\u00edtico.<\/p>\n<p>Entre sus indecisiones se encuentran las de hacer las paces con Ricardo Anaya, el aspirante panista-perredista-emecista, que la ech\u00f3 del PAN o sumarse a las huestes del pri\u00edsta Jos\u00e9 Antonio Meade Kuribre\u00f1a.<\/p>\n<p>Con Anaya, parece complicada una reconciliaci\u00f3n, porque el dirigente no tuvo consideraci\u00f3n alguna hacia Margarita, quien decidi\u00f3 participar en la campa\u00f1a electoral como candidata presidencial independiente.<\/p>\n<p>A la se\u00f1ora Calder\u00f3n la congelaron en Acci\u00f3n Nacional. Ni siquiera le permitieron una candidatura como legisladora plurinominal. Cargo que regalan las c\u00fapulas partidistas a sus amigos o incondicionales.<\/p>\n<p>A Margarita le cerraron los caminos en su partido. Le qued\u00f3 la opci\u00f3n de lanzarse en la aventura de una candidatura presidencial independiente.<\/p>\n<p>En su aventura no alcanz\u00f3 a levantar. Siempre estuvo en los \u00faltimos sitios de las preferencias electorales. Sin embargo, la cantidad de seguidores, poca o mucha, s\u00ed le interesa a cualquier candidato.<\/p>\n<p>Aunque la se\u00f1ora Calder\u00f3n tendr\u00e1 que calcular muy bien sus pasos si no quiere obst\u00e1culos para la formaci\u00f3n de su posible partido pol\u00edtico. Es decir, que si opta por apoyar a Meade Kuribre\u00f1a, le ser\u00e1 dif\u00edcil conseguir adeptos.<\/p>\n<p>El Partido Revolucionario Institucional (PRI) pasa por sus peores momentos de desprestigio, pues sus representantes populares fueron marcados con el signo de la corrupci\u00f3n.<\/p>\n<p>Para la nueva organizaci\u00f3n pol\u00edtica, en caso de concretarse, el ex presidente Felipe Calder\u00f3n tendr\u00e1 que renunciar a su militancia panista y llevarse a toda la corriente calderonista que a\u00fan se encuentra en el PAN.<\/p>\n<p>En fin, el matrimonio Calder\u00f3n, con toda la desfachatez que les caracteriza, seguir\u00e1n en la pol\u00edtica a la mexicana, no importa que Felipe se recuerde como uno de los peores presidentes que padeci\u00f3 M\u00e9xico.<\/p>\n<p style=\"text-align: center;\"><strong>VIOLENCIA Y MIEDO<\/strong><\/p>\n<p>En M\u00e9xico la espiral de violencia alcanz\u00f3 a los pol\u00edticos. Seg\u00fan le\u00edmos en \u201cLa Jornada\u201d, m\u00e1s de cien candidatos decidieron renunciar a la contienda electoral.\u00a0 La inseguridad y la violencia que prevalece en algunas regiones obligaron a los aspirantes a cargos de elecci\u00f3n popular a truncar sus aspiraciones.\u00a0 El problema se present\u00f3 en varias regiones y alcanz\u00f3 a los representantes de los diferentes partidos pol\u00edticos.\u00a0 Por ejemplo, en Chihuahua, el Instituto Estatal Electoral (IEE) recibi\u00f3 la dimisi\u00f3n o sustituci\u00f3n de 81 aspirantes.<\/p>\n<p>Por otra parte, se registraron 305 agresiones a pol\u00edticos y familiares. Concretamente, alrededor de 95 los funcionarios asesinados, etc. Las cifras var\u00edan.<\/p>\n<p>En la mayor\u00eda de los cr\u00edmenes fue determinante la participaci\u00f3n de la delincuencia organizada. Tambi\u00e9n los agresores est\u00e1n en los grupos pol\u00edticos opositores. En casi todos los actos criminales la impunidad es total.<\/p>\n<p>Los focos rojos se prendieron en 35 municipios de 9 estados. Existe, pues, la posibilidad de que siga la violencia contra los pol\u00edticos que aspiran a un cargo p\u00fablico.<\/p>\n<p style=\"text-align: center;\"><strong>ASALTAN TRENES\u00a0 <\/strong><\/p>\n<p>En los estados de Puebla y Veracruz contin\u00faan los asaltos a los trenes de carga.<\/p>\n<p>Lo grave de la situaci\u00f3n es que las autoridades poco o nada hacen por evitarlo y la delincuencia utiliza acciones de sabotaje para descarrilar las unidades.<\/p>\n<p>El fin de semana, en Orizaba chocaron dos trenes, uno de \u00e9stos iba sin frenos debido a una acci\u00f3n criminal.<\/p>\n<p>Los convoyes en varias entidades son descarrilados para saquearlos y robar su carga. En Puebla y Veracruz, la delincuencia empez\u00f3 a intensificar sus acciones con el robo de gasolinas en los ductos de Pemex.<\/p>\n<p>Seg\u00fan se inform\u00f3, los <em>huachicoleros<\/em> (ladrones de gasolinas) y los asaltantes de trenes se unieron para cometer sus cr\u00edmenes, con el respaldo de habitantes de diversas comunidades rivales. Veracruz ocupa el primer lugar en robos a ferrocarriles. Puebla ocupa el segundo sitio.<\/p>\n<p style=\"text-align: center;\"><strong>LOS DAMNIFICADOS<\/strong><\/p>\n<p>El terremoto del 19-S dej\u00f3 damnificados en diferentes colonias de la Ciudad de M\u00e9xico que a\u00fan no son atendidos por las autoridades.<\/p>\n<p>Nada les importa a las autoridades capitalinas el sinn\u00famero de problemas que enfrentan aquellas personas que perdieron a familiares, casas, etc., a causa del sismo.<\/p>\n<p>Los damnificados no saben que se hizo con el dinero que don\u00f3 un sinn\u00famero de personas y organizaciones.<\/p>\n<p>El hecho real es que miles de afectados por el terremoto se encuentran desesperadas porque nadie se ocupa de resolverles sus problemas de vivienda.<\/p>\n<p><em><a href=\"mailto:aco2742@hotmail.com\" target=\"_blank\" rel=\"noopener\">aco2742@hotmail.com<\/a><\/em><\/p>\n","protected":false},"excerpt":{"rendered":"<p><span style=\"color: #005497;\"><strong>Augusto Corro<\/strong><\/span><br \/>\n<br \/>\nMargarita Zavala de Calder\u00f3n renunci\u00f3 a la candidatura presidencial independiente y se especula ya sobre su futuro pol\u00edtico.<\/p>\n","protected":false},"author":3,"featured_media":377187,"comment_status":"open","ping_status":"open","sticky":false,"template":"","format":"standard","meta":{"_monsterinsights_skip_tracking":false,"_monsterinsights_sitenote_active":false,"_monsterinsights_sitenote_note":"","_monsterinsights_sitenote_category":0,"footnotes":""},"categories":[157],"tags":[43686,43674,11515],"class_list":["post-377126","post","type-post","status-publish","format-standard","has-post-thumbnail","hentry","category-augusto-corro","tag-augusto-corro","tag-opinion","tag-punto-por-punto"],"_links":{"self":[{"href":"https:\/\/www.diarioimagen.net\/index.php?rest_route=\/wp\/v2\/posts\/377126","targetHints":{"allow":["GET"]}}],"collection":[{"href":"https:\/\/www.diarioimagen.net\/index.php?rest_route=\/wp\/v2\/posts"}],"about":[{"href":"https:\/\/www.diarioimagen.net\/index.php?rest_route=\/wp\/v2\/types\/post"}],"author":[{"embeddable":true,"href":"https:\/\/www.diarioimagen.net\/index.php?rest_route=\/wp\/v2\/users\/3"}],"replies":[{"embeddable":true,"href":"https:\/\/www.diarioimagen.net\/index.php?rest_route=%2Fwp%2Fv2%2Fcomments&post=377126"}],"version-history":[{"count":0,"href":"https:\/\/www.diarioimagen.net\/index.php?rest_route=\/wp\/v2\/posts\/377126\/revisions"}],"wp:featuredmedia":[{"embeddable":true,"href":"https:\/\/www.diarioimagen.net\/index.php?rest_route=\/wp\/v2\/media\/377187"}],"wp:attachment":[{"href":"https:\/\/www.diarioimagen.net\/index.php?rest_route=%2Fwp%2Fv2%2Fmedia&parent=377126"}],"wp:term":[{"taxonomy":"category","embeddable":true,"href":"https:\/\/www.diarioimagen.net\/index.php?rest_route=%2Fwp%2Fv2%2Fcategories&post=377126"},{"taxonomy":"post_tag","embeddable":true,"href":"https:\/\/www.diarioimagen.net\/index.php?rest_route=%2Fwp%2Fv2%2Ftags&post=377126"}],"curies":[{"name":"wp","href":"https:\/\/api.w.org\/{rel}","templated":true}]}}