{"id":377130,"date":"2018-05-21T00:10:45","date_gmt":"2018-05-21T05:10:45","guid":{"rendered":"http:\/\/www.diarioimagen.net\/?p=377130"},"modified":"2018-05-21T02:31:14","modified_gmt":"2018-05-21T07:31:14","slug":"emilio-gamboa-transita-su-despedida","status":"publish","type":"post","link":"https:\/\/www.diarioimagen.net\/?p=377130","title":{"rendered":"Emilio Gamboa transita su despedida"},"content":{"rendered":"<h2>Tras la puerta del poder<\/h2>\n<h5>Roberto Vizca\u00edno<\/h5>\n<p>&nbsp;<\/p>\n<div id=\"attachment_377192\" style=\"width: 470px\" class=\"wp-caption aligncenter\"><a href=\"http:\/\/www.diarioimagen.net\/?attachment_id=377192\" rel=\"attachment wp-att-377192\"><img loading=\"lazy\" decoding=\"async\" aria-describedby=\"caption-attachment-377192\" class=\"size-large wp-image-377192\" src=\"http:\/\/www.diarioimagen.net\/wp-content\/uploads\/2018\/05\/mas-vale-LUIS-XAVIER-3371-460x355.jpg\" alt=\"\" width=\"460\" height=\"355\" srcset=\"https:\/\/www.diarioimagen.net\/wp-content\/uploads\/2018\/05\/mas-vale-LUIS-XAVIER-3371-460x355.jpg 460w, https:\/\/www.diarioimagen.net\/wp-content\/uploads\/2018\/05\/mas-vale-LUIS-XAVIER-3371-240x185.jpg 240w, https:\/\/www.diarioimagen.net\/wp-content\/uploads\/2018\/05\/mas-vale-LUIS-XAVIER-3371-768x593.jpg 768w, https:\/\/www.diarioimagen.net\/wp-content\/uploads\/2018\/05\/mas-vale-LUIS-XAVIER-3371.jpg 1200w\" sizes=\"auto, (max-width: 460px) 100vw, 460px\" \/><\/a><p id=\"caption-attachment-377192\" class=\"wp-caption-text\">M\u00e1s vale&#8230; | Luis Xavier<\/p><\/div>\n<p>&nbsp;<\/p>\n<p>Luego de 40 a\u00f1os en el primer c\u00edrculo del poder en M\u00e9xico, de vivir de muy cerca 7 sucesiones presidenciales, de ocupar los m\u00e1s importantes cargos p\u00fablicos y de mantener un predominio de casi 18 a\u00f1os en forma alternativa en el Senado y la C\u00e1mara de Diputados, y de haber sido eje esencial para tramitar 35 reformas constitucionales (14 de ellas estructurales), <strong>Emilio Gamboa<\/strong> hace un balance de su \u00faltimo tramo que no llena siquiera una cuartilla, una hoja de cuaderno.<\/p>\n<p>Entrevistado el viernes por Excelsior y el domingo por El Universal, <strong>Gamboa<\/strong> niega tener un restaurante o una gasolinera, menos a\u00fan ser socio en el World Trade Center o en Telmex, o en el sector de telecomunicaciones como algunos atribuyen<\/p>\n<p><strong>\u201cHe vivido de mi sueldo.<\/strong> Me han acusado de que he sido due\u00f1o de todo\u2026 \u00a1Ojal\u00e1 tuviera el 0.1% de cualquiera de \u00e9sas!, y ahora que voy a dejar el Senado vivir\u00eda muy tranquilo.<\/p>\n<p>\u201cVivo muy tranquilo, porque <strong>no tengo ning\u00fan socio.<\/strong> Ninguno. Creo en la pol\u00edtica como la actividad para servir a los dem\u00e1s y no servirse a s\u00ed mismo. En eso creo y en eso estoy, <strong>va a terminar mi carrera pol\u00edtica cuando se termine\u201d.<\/strong><\/p>\n<p>Dice que tuvo sin duda <strong>momentos duros con el presidente Pe\u00f1a Nieto por divergencias\u2026 escuchaba y ped\u00eda una tercera opini\u00f3n para tomar una decisi\u00f3n\u2026<\/strong><\/p>\n<p>Y afirma que las <strong>legislaturas 62 y 63, las de 2012 a 2018, <\/strong>son las m\u00e1s productivas de la historia de M\u00e9xico donde salieron adelante y por consenso las 35 reformas constitucionales, dentro de las que van las 14 estructurales.<\/p>\n<p>Acepta que le faltan 2 asuntos por dem\u00e1s importantes: el tema del fuero y el nombramiento del Fiscal General que buscar\u00e1 sacar en un extraordinario y para lo cual iniciar\u00e1 esta semana conversaciones con los otros coordinadores.<\/p>\n<p>A pesar de los encontronazos y las ofensas, afirma que mantiene una buena relaci\u00f3n y amistad con Manuel Bartlett, Carlos Puente, Fernando Herrera y Luis S\u00e1nchez.<\/p>\n<p>Reconoce que en esto ya casi 6 a\u00f1os, tuvo la oportunidad de \u201cvivir muy cerca del presidente Enrique Pe\u00f1a Nieto, de poder tener plena confianza de ida y vuelta con \u00e9l.<\/p>\n<p>\u201cLe dije todo lo que pensaba, no me qued\u00e9 con nada. Tuve momentos duros con \u00e9l, como debe ser cuando le tienes cari\u00f1o y confianza a un amigo\u201d.<\/p>\n<p>En estos a\u00f1os su mayor golpe y cambio de vida fue \u201cel fallecimiento de mi mujer, acercarme mucho a mis hijos y a mis nietas, y la decisi\u00f3n de no dejar de trabajar. No tengo otra cosa m\u00e1s, lo \u00fanico que hago es trabajar en el Senado, no pierdo tiempo en nada porque no tengo nada. No tengo una gasolinera, negocios, restaurante, una empresa. Nada. Ocupo las 24 horas del d\u00eda pensando sacar las cuestiones dif\u00edciles del Senado.<\/p>\n<p>Considera que el <strong>Pacto por M\u00e9xico f<\/strong>ue el acuerdo m\u00e1s importante alcanzado entre los partidos m\u00e1s sobresalientes del pa\u00eds.<\/p>\n<p>Lo acordado y tramitado ah\u00ed luego someti\u00f3 al Congreso a un gran trabajo. Las iniciativas y reformas se debatieron durante meses: seis la energ\u00e9tica, casi un a\u00f1o la educativa, y tuvimos que salir del Senado a una sede alterna \u2026 fue un proceso muy dif\u00edcil, afirma.<\/p>\n<p>\u201cSe transform\u00f3 la Constituci\u00f3n como nunca en la vida del pa\u00eds, para bien, las reformas estructurales siempre tuvieron 100, 110 votos a favor, 20 en contra, 25 en contra, pero busc\u00e1bamos siempre el mayor consenso entre las diversas fuerzas\u201d.<\/p>\n<p>De por qu\u00e9 se <strong>acab\u00f3 el Pacto por M\u00e9xico <\/strong>dice que cree que los mismos l\u00edderes de partidos y el Presidente Pe\u00f1a Nieto \u201cvieron que hab\u00edamos aprobado demasiadas reformas estructurales, que todas tienen un contenido econ\u00f3mico, todas, y<strong> vieron que ten\u00edan que irse ya mucho m\u00e1s despacio\u201d y sobrevino un impasse.<\/strong><\/p>\n<p>Y recuerda que en todo este proceso el PRI nunca tuvo mayor\u00eda en el Senado. Que de 128 senadores, \u201cnosotros tenemos 55 y 5 del Partido Verde, es todo\u201d.<\/p>\n<p>As\u00ed, a sus 67 a\u00f1os de edad y con 40 de ellos en los mayores niveles del podoer pol\u00edtico, <strong>Emilio Gamboa transita su adi\u00f3s.<\/strong><\/p>\n<p><strong>Cumplir\u00e1 los 68,<\/strong> en agosto, aniversario coincidente con el fin de la actual legislatura.<\/p>\n<p>\u00bfQui\u00e9n dentro de los candidatos apuntados al Senado podr\u00eda llenar su espacio? <strong>\u00bfMiguel \u00c1ngel Osorio Chong? <\/strong>\u00bfQui\u00e9n?<\/p>\n<p style=\"text-align: center;\"><strong>\u00bfY quien gan\u00f3 el debate?<\/strong><\/p>\n<p>Anoche en Tijuana, con dos horas de diferencia con el centro del pa\u00eds donde radica la mayor parte de la poblaci\u00f3n de M\u00e9xico, se realiz\u00f3 el segundo debate ahora entre los 4 candidatos presidenciales que quedaron luego de la renuncia de la independiente <strong>Margarita Zavala.<\/strong><\/p>\n<p>\u00bfY qui\u00e9n gan\u00f3? \u00bfImporta? \u00bfAcaso se modificaron las tendencias electorales? \u00bfNo? \u00bfEntonces para que sirvi\u00f3 todo este show?<\/p>\n<p>\u00bfLograron <strong>Jos\u00e9 Antonio Meade, Ricardo Anaya o Jaime Rodr\u00edguez<\/strong>, <em>El Bronco<\/em> tirar el voto de<strong> AMLO?<\/strong> \u00bfNo?<\/p>\n<p>\u00bfY ahora qu\u00e9 sigue?<\/p>\n<p>Yo creo que independientemente de lo que haya pasado con los candidatos opositores a <strong>AMLO<\/strong> y sus partidos s\u00f3lo les quedar\u00e1 el recurso de la operaci\u00f3n pol\u00edtica y medi\u00e1tica, la de una agresiva campa\u00f1a de redes sociales como ocurri\u00f3 en Estados Unidos con <strong>Donald Trump y Hillary Clinton<\/strong>.<\/p>\n<p>Esa donde <strong>Cambridge Analytic,<\/strong> dicen quienes saben, modific\u00f3 el voto a favor del locuaz millonario para colocarlo en la Casa Blanca, la de Washington no la de las Lomas.<\/p>\n<p>Creo que ahora mismo ya hay en curso una gran operaci\u00f3n electoral de los gobernadores &#8211;verdaderos due\u00f1os de las estructuras electorales de sus estados&#8211;, para definir a un posible ganador que obviamente no es <strong>Andr\u00e9s Manuel L\u00f3pez Obrador.<\/strong><\/p>\n<p>Y todo eso estar\u00e1 apoyado por los 36 mil empresarios de M\u00e9xico y sus c\u00fapulas que detentan las fortunas m\u00e1s incre\u00edbles en el mundo.<\/p>\n<p>Y sin duda los grandes intereses econ\u00f3micos y pol\u00edticos externos.<\/p>\n<p>En medio est\u00e1n los 85 millones de mexicanos inscritos en la Lista Nominal que son quienes validar\u00e1n con su voto esta elecci\u00f3n.<\/p>\n<p>Es aqu\u00ed, en este universo de intereses y operaciones donde est\u00e1 el futuro real de M\u00e9xico y no en los debates que no definen nada.<\/p>\n<p style=\"text-align: center;\"><strong>E. Cordero: yo votar\u00e9 por Meade<\/strong><\/p>\n<p>Y como ahora todos juegan el gran juego de las elecciones, ayer el a\u00fan panista <strong>Ernesto Cordero<\/strong>, presidente del Senado sali\u00f3 a definir su voto: \u201cVoy a votar por Jos\u00e9 Antonio Meade\u201d adelant\u00f3 a trav\u00e9s de twitter, por d\u00f3nde m\u00e1s.<\/p>\n<p><strong>Cordero<\/strong>, apoy\u00f3 antes a <strong>Margarita Zavala, <\/strong>pero como esta renunci\u00f3, pues ahora va con su amigo y ex subalterno en Hacienda.<\/p>\n<p>Como si hubiera sido una <em>mentada,<\/em> con la piel muy delgada, el dirigente del PAN <strong>Dami\u00e1n Zepeda<\/strong> afirm\u00f3 que <strong>Cordero<\/strong> \u00abno representa al PAN\u00bb.<\/p>\n<p>Y <strong>Jos\u00e9 Antonio Meade <\/strong>le agradeci\u00f3 el apoyo porque sabe que a pesar de lo que diga <strong>Zepeda, Cordero<\/strong> s\u00ed jala votos entre los panistas, sobre todo entre quienes apoyaban a <strong>Margarita<\/strong> y que ahora se quedaron hu\u00e9rfanos de candidata.<\/p>\n<p>La definici\u00f3n de <strong>Cordero<\/strong> fue aplaudida por <strong>Geli Mouri\u00f1o<\/strong>, mam\u00e1 de <strong>Juan Camilo Mouri\u00f1o<\/strong> <strong>quien pidi\u00f3 a panistas votar por Meade.<\/strong><\/p>\n<p>As\u00ed, entre definiciones y operaciones que no se ven pero se sienten, camina este proceso electoral que no pocos ven con un resultado sorpresa el 1 de julio pr\u00f3ximo a pesar de que <strong>L\u00f3pez Obrador<\/strong>, sin la menor prudencia y humildad, dice frotarse las manos de gusto porque, seg\u00fan \u00e9l, ya gan\u00f3.<\/p>\n<p>S\u00ed, c\u00f3mo no\u2026<\/p>\n<p><em><a href=\"mailto:rvizcainoa@gmail.com\" target=\"_blank\" rel=\"noopener\">vizcainoa@gmail.com<\/a><\/em><br \/>\n<em><a href=\"http:\/\/www.endirecto.com.mx\/\" target=\"_blank\" rel=\"noopener\">www.endirecto.com.mx<\/a><\/em><br \/>\n<em><a href=\"https:\/\/twitter.com\/_rvizcaino\" target=\"_blank\" rel=\"noopener\">@_RVizcaino<\/a><\/em><br \/>\n<a href=\"https:\/\/www.facebook.com\/rvizcainoa\" target=\"_blank\" rel=\"noopener\">f<em>acebook.com\/rvizcainoa<\/em><\/a><\/p>\n","protected":false},"excerpt":{"rendered":"<p><span style=\"color: #005497;\"><strong>Roberto Vizca\u00edno<\/strong><\/span><br \/>\n<br \/>\nLuego de 40 a\u00f1os en el primer c\u00edrculo del poder en M\u00e9xico, de vivir de muy cerca 7 sucesiones presidenciales, de ocupar los m\u00e1s importantes cargos p\u00fablicos y de mantener un predominio de casi 18 a\u00f1os en forma alternativa en el Senado y la C\u00e1mara de Diputados, y de haber sido eje esencial para tramitar 35 reformas constitucionales (14 de ellas estructurales), <strong>Emilio Gamboa<\/strong> hace un balance de su \u00faltimo tramo que no llena siquiera una cuartilla, una hoja de cuaderno.<\/p>\n","protected":false},"author":3,"featured_media":377192,"comment_status":"open","ping_status":"open","sticky":false,"template":"","format":"standard","meta":{"_monsterinsights_skip_tracking":false,"_monsterinsights_sitenote_active":false,"_monsterinsights_sitenote_note":"","_monsterinsights_sitenote_category":0,"footnotes":""},"categories":[136],"tags":[43674,93,94],"class_list":["post-377130","post","type-post","status-publish","format-standard","has-post-thumbnail","hentry","category-roberto-vizcaino-opinion","tag-opinion","tag-roberto-vizcaino","tag-tras-la-puerta-del-poder"],"_links":{"self":[{"href":"https:\/\/www.diarioimagen.net\/index.php?rest_route=\/wp\/v2\/posts\/377130","targetHints":{"allow":["GET"]}}],"collection":[{"href":"https:\/\/www.diarioimagen.net\/index.php?rest_route=\/wp\/v2\/posts"}],"about":[{"href":"https:\/\/www.diarioimagen.net\/index.php?rest_route=\/wp\/v2\/types\/post"}],"author":[{"embeddable":true,"href":"https:\/\/www.diarioimagen.net\/index.php?rest_route=\/wp\/v2\/users\/3"}],"replies":[{"embeddable":true,"href":"https:\/\/www.diarioimagen.net\/index.php?rest_route=%2Fwp%2Fv2%2Fcomments&post=377130"}],"version-history":[{"count":0,"href":"https:\/\/www.diarioimagen.net\/index.php?rest_route=\/wp\/v2\/posts\/377130\/revisions"}],"wp:featuredmedia":[{"embeddable":true,"href":"https:\/\/www.diarioimagen.net\/index.php?rest_route=\/wp\/v2\/media\/377192"}],"wp:attachment":[{"href":"https:\/\/www.diarioimagen.net\/index.php?rest_route=%2Fwp%2Fv2%2Fmedia&parent=377130"}],"wp:term":[{"taxonomy":"category","embeddable":true,"href":"https:\/\/www.diarioimagen.net\/index.php?rest_route=%2Fwp%2Fv2%2Fcategories&post=377130"},{"taxonomy":"post_tag","embeddable":true,"href":"https:\/\/www.diarioimagen.net\/index.php?rest_route=%2Fwp%2Fv2%2Ftags&post=377130"}],"curies":[{"name":"wp","href":"https:\/\/api.w.org\/{rel}","templated":true}]}}