{"id":377240,"date":"2018-05-22T00:11:27","date_gmt":"2018-05-22T05:11:27","guid":{"rendered":"http:\/\/www.diarioimagen.net\/?p=377240"},"modified":"2018-05-22T01:39:37","modified_gmt":"2018-05-22T06:39:37","slug":"crece-liderazgo-academico-de-uaem","status":"publish","type":"post","link":"https:\/\/www.diarioimagen.net\/?p=377240","title":{"rendered":"Crece liderazgo acad\u00e9mico de UAEM"},"content":{"rendered":"<ul>\n<li><strong><em>Vincula programas educativos con el entorno<\/em><\/strong><\/li>\n<\/ul>\n<p>&nbsp;<\/p>\n<p><a href=\"http:\/\/www.diarioimagen.net\/?attachment_id=377330\" rel=\"attachment wp-att-377330\"><img loading=\"lazy\" decoding=\"async\" class=\"aligncenter size-large wp-image-377330\" src=\"http:\/\/www.diarioimagen.net\/wp-content\/uploads\/2018\/05\/UAEM-3372-460x307.jpg\" alt=\"\" width=\"460\" height=\"307\" srcset=\"https:\/\/www.diarioimagen.net\/wp-content\/uploads\/2018\/05\/UAEM-3372-460x307.jpg 460w, https:\/\/www.diarioimagen.net\/wp-content\/uploads\/2018\/05\/UAEM-3372-240x160.jpg 240w, https:\/\/www.diarioimagen.net\/wp-content\/uploads\/2018\/05\/UAEM-3372.jpg 700w\" sizes=\"auto, (max-width: 460px) 100vw, 460px\" \/><\/a><\/p>\n<p>&nbsp;<\/p>\n<p><strong>Toluca, Estado de M\u00e9xico<\/strong>. \u2013 La Universidad Aut\u00f3noma del Estado de M\u00e9xico vincula los programas educativos con el entorno social y privado e incide en la empleabilidad de los futuros egresados, afirm\u00f3 el rector Alfredo Barrera Baca, al encabezar el cuarto informe anual de actividades del director de la Facultad de Ciencias de la Conducta, Manuel Guti\u00e9rrez Romero.<\/p>\n<p>El rector puntualiz\u00f3 que otras instituciones de educaci\u00f3n superior acuden a la facultad, lo que denota el creciente liderazgo acad\u00e9mico de la instituci\u00f3n, que se consolida mediante el reconocimiento externo y al ampliar su caja de resonancia con propuestas cient\u00edficas y acad\u00e9micas.<\/p>\n<p>Enfatiz\u00f3 que la creciente presencia de la Aut\u00f3noma mexiquense en el entono local y global es un desaf\u00edo para que la movilidad nacional e internacional se desarrolle como ruta de doble v\u00eda, a fin de que universitarios aprendan con el mundo, pero tambi\u00e9n que se reciban acad\u00e9micos de otras latitudes.<\/p>\n<p>Al reconocer los logros alcanzados en el \u00faltimo a\u00f1o por la Facultad de Ciencias de la Conducta, Alfredo Barrera Baca manifest\u00f3 que a seis d\u00e9cadas de iniciados los estudios de psicolog\u00eda en nuestra instituci\u00f3n y a cuatro d\u00e9cadas de la instauraci\u00f3n formal de la Facultad, este espacio universitario ratifica su incesante transformaci\u00f3n, que puede alcanzarse en unidad acad\u00e9mica y con compromiso institucional.<\/p>\n<p>Por su parte, Manuel Guti\u00e9rrez Romero dijo que con una matr\u00edcula superior a los 2 mil 700 estudiantes que se forman en las licenciaturas en Psicolog\u00eda, Educaci\u00f3n, Cultura F\u00edsica y Deporte y Trabajo Social, este espacio universitario registra una baja deserci\u00f3n escolar y, por consiguiente, bajo \u00edndice de reprobaci\u00f3n y alta eficiencia terminal.<\/p>\n<p>Antes de que el rector entregara reconocimientos a 10 estudiantes que obtuvieron medalla en la Universiada Nacional UAEM 2018, el directivo detall\u00f3 que en el reciente a\u00f1o se desarrollaron 16 proyectos de investigaci\u00f3n y generaron seis cap\u00edtulos de libro, se publicaron 16 art\u00edculos en revistas indizadas y presentaron 61 conferencias.<\/p>\n<p>Ante estudiantes, docentes y trabajadores administrativos que se dieron cita en este acto de rendici\u00f3n de cuentas, Guti\u00e9rrez Romero destac\u00f3 que el Centro de Estudios y Servicios Psicol\u00f3gicos Integrales ofreci\u00f3 m\u00e1s de cinco mil consultas cl\u00ednicas; asimismo, organiz\u00f3 foros para la prevenci\u00f3n de suicidio, con la finalidad de fomentar la investigaci\u00f3n aplicada.<\/p>\n","protected":false},"excerpt":{"rendered":"<p>La Universidad Aut\u00f3noma del Estado de M\u00e9xico vincula los programas educativos con el entorno social y privado e incide en la empleabilidad de los futuros egresados, afirm\u00f3 el rector Alfredo Barrera Baca, al encabezar el cuarto informe anual de actividades del director de la Facultad de Ciencias de la Conducta, Manuel Guti\u00e9rrez Romero.<\/p>\n","protected":false},"author":3,"featured_media":377330,"comment_status":"open","ping_status":"open","sticky":false,"template":"","format":"standard","meta":{"_monsterinsights_skip_tracking":false,"_monsterinsights_sitenote_active":false,"_monsterinsights_sitenote_note":"","_monsterinsights_sitenote_category":0,"footnotes":""},"categories":[5],"tags":[43675,49326,452,1490],"class_list":["post-377240","post","type-post","status-publish","format-standard","has-post-thumbnail","hentry","category-estado-de-mexico","tag-estado-de-mexico","tag-liderazgo","tag-toluca","tag-universidad-autonoma-del-estado-de-mexico"],"_links":{"self":[{"href":"https:\/\/www.diarioimagen.net\/index.php?rest_route=\/wp\/v2\/posts\/377240","targetHints":{"allow":["GET"]}}],"collection":[{"href":"https:\/\/www.diarioimagen.net\/index.php?rest_route=\/wp\/v2\/posts"}],"about":[{"href":"https:\/\/www.diarioimagen.net\/index.php?rest_route=\/wp\/v2\/types\/post"}],"author":[{"embeddable":true,"href":"https:\/\/www.diarioimagen.net\/index.php?rest_route=\/wp\/v2\/users\/3"}],"replies":[{"embeddable":true,"href":"https:\/\/www.diarioimagen.net\/index.php?rest_route=%2Fwp%2Fv2%2Fcomments&post=377240"}],"version-history":[{"count":0,"href":"https:\/\/www.diarioimagen.net\/index.php?rest_route=\/wp\/v2\/posts\/377240\/revisions"}],"wp:featuredmedia":[{"embeddable":true,"href":"https:\/\/www.diarioimagen.net\/index.php?rest_route=\/wp\/v2\/media\/377330"}],"wp:attachment":[{"href":"https:\/\/www.diarioimagen.net\/index.php?rest_route=%2Fwp%2Fv2%2Fmedia&parent=377240"}],"wp:term":[{"taxonomy":"category","embeddable":true,"href":"https:\/\/www.diarioimagen.net\/index.php?rest_route=%2Fwp%2Fv2%2Fcategories&post=377240"},{"taxonomy":"post_tag","embeddable":true,"href":"https:\/\/www.diarioimagen.net\/index.php?rest_route=%2Fwp%2Fv2%2Ftags&post=377240"}],"curies":[{"name":"wp","href":"https:\/\/api.w.org\/{rel}","templated":true}]}}