{"id":377255,"date":"2018-05-22T00:11:59","date_gmt":"2018-05-22T05:11:59","guid":{"rendered":"http:\/\/www.diarioimagen.net\/?p=377255"},"modified":"2018-05-22T01:52:13","modified_gmt":"2018-05-22T06:52:13","slug":"barrales-promete-revisar-asentamientos-irregulares","status":"publish","type":"post","link":"https:\/\/www.diarioimagen.net\/?p=377255","title":{"rendered":"Barrales promete revisar asentamientos irregulares"},"content":{"rendered":"<ul>\n<li><strong><em>Para despolitizar su atenci\u00f3n<\/em><\/strong><\/li>\n<\/ul>\n<p>&nbsp;<\/p>\n<div id=\"attachment_377351\" style=\"width: 470px\" class=\"wp-caption aligncenter\"><a href=\"http:\/\/www.diarioimagen.net\/?attachment_id=377351\" rel=\"attachment wp-att-377351\"><img loading=\"lazy\" decoding=\"async\" aria-describedby=\"caption-attachment-377351\" class=\"size-large wp-image-377351\" src=\"http:\/\/www.diarioimagen.net\/wp-content\/uploads\/2018\/05\/BARRALES-3372-460x259.jpg\" alt=\"\" width=\"460\" height=\"259\" srcset=\"https:\/\/www.diarioimagen.net\/wp-content\/uploads\/2018\/05\/BARRALES-3372-460x259.jpg 460w, https:\/\/www.diarioimagen.net\/wp-content\/uploads\/2018\/05\/BARRALES-3372-240x135.jpg 240w, https:\/\/www.diarioimagen.net\/wp-content\/uploads\/2018\/05\/BARRALES-3372-235x132.jpg 235w, https:\/\/www.diarioimagen.net\/wp-content\/uploads\/2018\/05\/BARRALES-3372-202x114.jpg 202w, https:\/\/www.diarioimagen.net\/wp-content\/uploads\/2018\/05\/BARRALES-3372-350x196.jpg 350w, https:\/\/www.diarioimagen.net\/wp-content\/uploads\/2018\/05\/BARRALES-3372-220x123.jpg 220w, https:\/\/www.diarioimagen.net\/wp-content\/uploads\/2018\/05\/BARRALES-3372-237x132.jpg 237w, https:\/\/www.diarioimagen.net\/wp-content\/uploads\/2018\/05\/BARRALES-3372.jpg 480w\" sizes=\"auto, (max-width: 460px) 100vw, 460px\" \/><\/a><p id=\"caption-attachment-377351\" class=\"wp-caption-text\">Alejandra Barrales ofreci\u00f3 mejorar las condiciones de quienes habitan en asentamientos irregulares.<\/p><\/div>\n<p>&nbsp;<\/p>\n<p>La candidata de la coalici\u00f3n Por la Ciudad de M\u00e9xico al Frente, Alejandra Barrales, ofreci\u00f3 mejorar las condiciones de quienes habitan en asentamientos irregulares en la delegaci\u00f3n Tl\u00e1huac e incluso regularizar sus predios.<\/p>\n<p>\u201cLo que hay que hacer es empezar por evaluar las condiciones de sus asentamientos, hay gente que ya tiene condiciones, seg\u00fan lo que marca la ley, para aspirar a regularizar su predio; hay otros que no cumplen, hay que revisar cada caso\u201d.<\/p>\n<p>Despu\u00e9s de recorrer la colonia Ampliaci\u00f3n La Conchita, en la delegaci\u00f3n Tl\u00e1huac, Barrales Magdaleno dijo que se har\u00e1 una revisi\u00f3n de todos los asentamientos irregulares en la ciudad, para despolitizar su atenci\u00f3n.<\/p>\n<p>\u201cEs inhumano que no tengan condiciones salubres para sus hijos (&#8230;) No hablamos de venir a platicar con un grupo o con una comunidad de invasores, estamos hablando de gente que compr\u00f3 su tierra y tienen derecho a vivir con dignidad\u201d.<\/p>\n<p>La ma\u00f1ana del domingo, Barrales se reuni\u00f3 con productores rurales, a quienes dijo que impulsar\u00e1 el turismo y la venta de las hortalizas que se cultivan en la zona.<\/p>\n<p>Ah\u00ed, aprovech\u00f3 para hacer un llamado a los asistentes y militantes del PAN, PRD y Movimiento Ciudadano a trabajar en unidad.<\/p>\n","protected":false},"excerpt":{"rendered":"<p>La candidata de la coalici\u00f3n Por la Ciudad de M\u00e9xico al Frente, Alejandra Barrales, ofreci\u00f3 mejorar las condiciones de quienes habitan en asentamientos irregulares en la delegaci\u00f3n Tl\u00e1huac e incluso regularizar sus predios.<\/p>\n","protected":false},"author":3,"featured_media":377351,"comment_status":"open","ping_status":"open","sticky":false,"template":"","format":"standard","meta":{"_monsterinsights_skip_tracking":false,"_monsterinsights_sitenote_active":false,"_monsterinsights_sitenote_note":"","_monsterinsights_sitenote_category":0,"footnotes":""},"categories":[6],"tags":[11733,204,63870,73923],"class_list":["post-377255","post","type-post","status-publish","format-standard","has-post-thumbnail","hentry","category-cd-de-mexico","tag-alejandra-barrales-magdaleno","tag-ciudad-de-mexico","tag-irregulares","tag-por-la-ciudad-de-mexico-al-frente"],"_links":{"self":[{"href":"https:\/\/www.diarioimagen.net\/index.php?rest_route=\/wp\/v2\/posts\/377255","targetHints":{"allow":["GET"]}}],"collection":[{"href":"https:\/\/www.diarioimagen.net\/index.php?rest_route=\/wp\/v2\/posts"}],"about":[{"href":"https:\/\/www.diarioimagen.net\/index.php?rest_route=\/wp\/v2\/types\/post"}],"author":[{"embeddable":true,"href":"https:\/\/www.diarioimagen.net\/index.php?rest_route=\/wp\/v2\/users\/3"}],"replies":[{"embeddable":true,"href":"https:\/\/www.diarioimagen.net\/index.php?rest_route=%2Fwp%2Fv2%2Fcomments&post=377255"}],"version-history":[{"count":0,"href":"https:\/\/www.diarioimagen.net\/index.php?rest_route=\/wp\/v2\/posts\/377255\/revisions"}],"wp:featuredmedia":[{"embeddable":true,"href":"https:\/\/www.diarioimagen.net\/index.php?rest_route=\/wp\/v2\/media\/377351"}],"wp:attachment":[{"href":"https:\/\/www.diarioimagen.net\/index.php?rest_route=%2Fwp%2Fv2%2Fmedia&parent=377255"}],"wp:term":[{"taxonomy":"category","embeddable":true,"href":"https:\/\/www.diarioimagen.net\/index.php?rest_route=%2Fwp%2Fv2%2Fcategories&post=377255"},{"taxonomy":"post_tag","embeddable":true,"href":"https:\/\/www.diarioimagen.net\/index.php?rest_route=%2Fwp%2Fv2%2Ftags&post=377255"}],"curies":[{"name":"wp","href":"https:\/\/api.w.org\/{rel}","templated":true}]}}