{"id":377290,"date":"2018-05-22T00:00:40","date_gmt":"2018-05-22T05:00:40","guid":{"rendered":"http:\/\/www.diarioimagen.net\/?p=377290"},"modified":"2018-05-22T00:11:10","modified_gmt":"2018-05-22T05:11:10","slug":"segundo-debate-ejercicio-innovador","status":"publish","type":"post","link":"https:\/\/www.diarioimagen.net\/?p=377290","title":{"rendered":"Segundo debate, ejercicio innovador"},"content":{"rendered":"<h2>La Retaguardia<\/h2>\n<h5>Adriana Moreno Cordero<\/h5>\n<p><em>\u00a0<\/em><\/p>\n<ul>\n<li><strong><em>AMLO, parado<\/em><\/strong><\/li>\n<li><strong><em>Anaya, y su pera de box<\/em><\/strong><\/li>\n<li><strong><em>Meade, buen manejo<\/em><\/strong><\/li>\n<li><strong><em>\u201cEl Bronco\u201d, la sal y la pimienta<\/em><\/strong><\/li>\n<\/ul>\n<p>&nbsp;<\/p>\n<p>Aunque hay sectores como parte del empresarial que estiman que el debate entre los candidatos presidenciales del pasado domingo, celebrado en la Universidad Aut\u00f3noma de Baja California, campus Tijuana, fue una jornada donde prevalecieron las descalificaciones y la denostaci\u00f3n por encima de las propuestas, no puede negarse que se trat\u00f3 de un ejercicio innovador; incluso, no son pocos los que consideran que el segundo debate result\u00f3 ser m\u00e1s interesante que el primero, que tuvo lugar en la Ciudad de M\u00e9xico y del que se dice que los ganadores hab\u00edan sido los moderadores.<\/p>\n<p>Hace dos d\u00edas, en la franja fronteriza, no dej\u00f3 de haber hasta cierto grado de \u201cchispa\u201d entre los participantes, que hicieron sentir la sensaci\u00f3n de que realmente son adversarios que en una contienda tan polarizada como la que vivimos actualmente, emanan sentimientos de odio de uno y de otro.<\/p>\n<p>Aqu\u00ed desde luego, los asesores de cada uno de los abanderados presidenciales, aseguraron que su respectivo candidato hab\u00eda ganado, sin embargo, hubo dos o tres se\u00f1ales que los referidos contendientes\u00a0 enviaron como mensaje no solo al p\u00fablico que asisti\u00f3 al debate, sino tambi\u00e9n a los que lo vieron por televisi\u00f3n.<\/p>\n<p>Por ejemplo, antes de entrar a la jornada, el candidato de la coalici\u00f3n \u201cPor M\u00e9xico al Frente\u201d, <strong>Ricardo Anaya<\/strong>, difundi\u00f3 por las redes un video en el que seg\u00fan \u00e9l, se relaj\u00f3 antes del debate golpeando una pera de box, con las manos sin guantes, y era tal la mirada fija sobre la pera, que parec\u00eda que \u00e9sta ten\u00eda la cara ni m\u00e1s ni menos que del abanderado de la coalici\u00f3n \u201cJuntos Haremos Historia\u201d, <strong>Andr\u00e9s Manuel L\u00f3pez Obrador<\/strong>.<\/p>\n<p>A prop\u00f3sito y durante las dos horas que dur\u00f3 el debate, el tabasque\u00f1o permaneci\u00f3 parado, esto, por la noticia que se difundi\u00f3 sobre su salud, y si bien acept\u00f3 ser el candidato con m\u00e1s a\u00f1os, asegur\u00f3 que estaba \u201cal cien por ciento\u201d. \u00bfSer\u00e1?<\/p>\n<p>Hubo un momento en que las cosas se tensaron y mucho. Al due\u00f1o de Morena se le pusieron las orejas muy rojas, mientras que al llamado \u201cJoven Maravilla\u201d, (sin dejar de reconocer sus dotes de orador),\u00a0 se le congel\u00f3 la sonrisa. Las miradas que se dirigieron uno y otro, reiteraron el odio que se tienen pero, (cosa curiosa), fue L\u00f3pez Obrador el que rompi\u00f3 el hielo al bautizar a Anaya como \u201cRicky riqu\u00edn canall\u00edn\u201d, al tiempo que el aludido, no pudo disimular su enojo. Todos los dem\u00e1s, -los alrededor de cuatro millones de espectadores que el INE calcul\u00f3 y los contendientes-, rieron.<\/p>\n<p>Por su parte, el candidato de la coalici\u00f3n \u201cTodos por M\u00e9xico\u201d, <strong>Jos\u00e9 Antonio Meade<\/strong>, tuvo un muy buen manejo de escena; se vio mucho m\u00e1s contundente y no pod\u00eda ser de otra manera pues en el centro estaba su tema. Despu\u00e9s del debate, incluso, concedi\u00f3 entrevistas a todos los medios, a diferencia de Anaya, que puso como pretexto que iba volando o, AMLO, quien de plano anunci\u00f3 desde antes que no conceder\u00eda ninguna.<\/p>\n<p>A los ojos de diversos analistas,\u00a0 el independiente <strong>Jaime Rodr\u00edguez Calder\u00f3n, \u201cEl Bronco\u201d<\/strong>, se dedic\u00f3 a ponerle \u201cla sal y la pimienta\u201d al encuentro y hasta tuvo alg\u00fan espor\u00e1dico destello.<\/p>\n<p>Sin embargo, fue criticado el hecho de que en el foro en que se pare, al \u201cBronco\u201d se le va en decir que su mam\u00e1 no sabe leer ni escribir y no obstante, es su hero\u00edna.<\/p>\n<p>As\u00ed ocurri\u00f3 tambi\u00e9n el domingo pasado, cuando le pidieron que respondiera una pregunta que originalmente estaba dirigida a la excandidata <strong>Margarita Zavala<\/strong>.<\/p>\n<p>En suma, se observ\u00f3 el domingo un segundo debate que pese a los momentos de tensi\u00f3n, logr\u00f3 captar la atenci\u00f3n de la ciudadan\u00eda, as\u00ed que no pudo menos que compararse con aquellos debates de anta\u00f1o en el que \u00fanicamente hab\u00eda tomas cerradas; sin posibilidad alguna de ver las reacciones. C\u00f3mo olvidar el \u201choy, hoy, hoy\u201d, o el \u201cme dice la vestida\u201d. En fin.<\/p>\n<p style=\"text-align: center;\"><strong>Municiones<\/strong><\/p>\n<p>*** Muy activo anduvo el candidato a diputado local por el Distrito XVIII, de \u201cPor la CDMX al Frente\u201d, <strong>H\u00e9ctor Serrano Azamar<\/strong>, quien realiz\u00f3 un recorrido por las colonias: Bellavista, Olivar del Conde y Desarrollo Urbano, entre otras, se comprometi\u00f3 a trabajar para reforzar la seguridad en la delegaci\u00f3n Alvaro Obreg\u00f3n para lo cual, un vez que llegue al Congreso local de la capital de la Rep\u00fablica, gestionar\u00e1 recursos para la instalaci\u00f3n de c\u00e1maras de videovigilancia; la adquisici\u00f3n de patrullas y la construcci\u00f3n de nuevas estaciones de polic\u00eda, todo ello, para el combate frontal a la delincuencia.<\/p>\n<p>Asimismo, Serrano Azamar exigir\u00e1 tanto a la Secretar\u00eda de Seguridad P\u00fablica como a la Procuradur\u00eda capitalina, m\u00e1s acciones conjuntas para que de la mano de los habitantes y autoridades de Alvaro Obreg\u00f3n, se construya un frente com\u00fan y de esta forma, apostar por la prevenci\u00f3n y contenci\u00f3n de los delitos.<\/p>\n<p>*** Otro candidato que arranc\u00f3 campa\u00f1a con una multitudinaria concentraci\u00f3n, fue <strong>Joaqu\u00edn \u201cYacko\u201d Badillo<\/strong>, como candidato del Frente a la presidencia municipal de Acapulco. Yacko Badillo es una figura con gran arraigo en el puerto, por lo que tiene amplias posibilidades de obtener el triunfo en las ya pr\u00f3ximas elecciones.<\/p>\n<p>En dicho evento, estuvo arropado por liderazgos perredistas como el doctor <strong>Miguel Angel Mancera<\/strong>, <strong>H\u00e9ctor Serrano, Beatriz Mogica, Jes\u00fas Zambrano<\/strong> y hasta se dej\u00f3 ver por ah\u00ed <strong>Carlos Navarrete<\/strong>.<\/p>\n<p>En su oportunidad, Mancera explic\u00f3 que la coalici\u00f3n que integran el PRD, PAN y MC, van por proyectos y no por intereses personales.<\/p>\n<p>*** El abogado de la maestra <strong>Elba Esther Gordillo<\/strong>, Marco del Toro, se aperson\u00f3 en la CIDH, para presentar una queja en la que\u00a0 la exdirigente magisterial tiene car\u00e1cter presa pol\u00edtica, raz\u00f3n por la que, explic\u00f3 del Toro, le fabricaron delitos con el objetivo de impedir que pudiera ser una oposici\u00f3n al proyecto de reforma educativa.<\/p>\n<p><a href=\"mailto:morcora@gmail.com\" target=\"_blank\" rel=\"noopener\"><em>morcora@gmail.com<\/em><\/a><\/p>\n","protected":false},"excerpt":{"rendered":"<p><span style=\"color: #005497;\"><strong>Adriana Moreno Cordero<\/strong><\/span><\/p>\n","protected":false},"author":3,"featured_media":0,"comment_status":"open","ping_status":"open","sticky":false,"template":"","format":"standard","meta":{"_monsterinsights_skip_tracking":false,"_monsterinsights_sitenote_active":false,"_monsterinsights_sitenote_note":"","_monsterinsights_sitenote_category":0,"footnotes":""},"categories":[69370],"tags":[],"class_list":["post-377290","post","type-post","status-publish","format-standard","hentry","category-adriana-moreno-cordero"],"_links":{"self":[{"href":"https:\/\/www.diarioimagen.net\/index.php?rest_route=\/wp\/v2\/posts\/377290","targetHints":{"allow":["GET"]}}],"collection":[{"href":"https:\/\/www.diarioimagen.net\/index.php?rest_route=\/wp\/v2\/posts"}],"about":[{"href":"https:\/\/www.diarioimagen.net\/index.php?rest_route=\/wp\/v2\/types\/post"}],"author":[{"embeddable":true,"href":"https:\/\/www.diarioimagen.net\/index.php?rest_route=\/wp\/v2\/users\/3"}],"replies":[{"embeddable":true,"href":"https:\/\/www.diarioimagen.net\/index.php?rest_route=%2Fwp%2Fv2%2Fcomments&post=377290"}],"version-history":[{"count":0,"href":"https:\/\/www.diarioimagen.net\/index.php?rest_route=\/wp\/v2\/posts\/377290\/revisions"}],"wp:attachment":[{"href":"https:\/\/www.diarioimagen.net\/index.php?rest_route=%2Fwp%2Fv2%2Fmedia&parent=377290"}],"wp:term":[{"taxonomy":"category","embeddable":true,"href":"https:\/\/www.diarioimagen.net\/index.php?rest_route=%2Fwp%2Fv2%2Fcategories&post=377290"},{"taxonomy":"post_tag","embeddable":true,"href":"https:\/\/www.diarioimagen.net\/index.php?rest_route=%2Fwp%2Fv2%2Ftags&post=377290"}],"curies":[{"name":"wp","href":"https:\/\/api.w.org\/{rel}","templated":true}]}}