{"id":377317,"date":"2018-05-22T00:17:49","date_gmt":"2018-05-22T05:17:49","guid":{"rendered":"http:\/\/www.diarioimagen.net\/?p=377317"},"modified":"2018-05-29T03:55:53","modified_gmt":"2018-05-29T08:55:53","slug":"insultar-o-debatir","status":"publish","type":"post","link":"https:\/\/www.diarioimagen.net\/?p=377317","title":{"rendered":"\u00bfInsultar o debatir?"},"content":{"rendered":"<h2>Caleidoscopio<\/h2>\n<h5>Guillermina G\u00f3mora Ord\u00f3\u00f1ez<\/h5>\n<p>&nbsp;<\/p>\n<p>A 39 d\u00edas de las elecciones, los ciudadanos seguimos en ayunas en materia de propuestas y argumentos s\u00f3lidos para ejercer un voto razonado en lo que toca a la sucesi\u00f3n presidencial.<\/p>\n<p>Los candidatos contin\u00faan en sus guerras de lodo; muestra de ello, fue el segundo debate realizado en Tijuana, Baja California, donde se privilegi\u00f3 la descalificaci\u00f3n, a pesar del nuevo formato y las preguntas de los ciudadanos.<\/p>\n<p><strong>Andr\u00e9s Manuel L\u00f3pez Obrador, Ricardo Anaya, Jos\u00e9 Antonio Meade y Jaime Rodr\u00edguez Calder\u00f3n, \u201cEl Bronco\u201d, <\/strong>ejercieron como recurso natural el lenguaje del insulto, la crispaci\u00f3n y la demagogia.<\/p>\n<p>Sin embargo, no hay que perder de vista que la agresividad contra el que no comparte sus ideas no les otorga mayor raz\u00f3n, ni contribuye a un debate socialmente \u00fatil.<\/p>\n<p>Sobre todo, en temas medulares como lo son: comercio exterior e inversi\u00f3n; seguridad fronteriza, combate al crimen transnacional; y derechos de los migrantes.<\/p>\n<p>Asuntos que cobran mayor relevancia por las constantes agresiones del gobierno estadounidense que encabeza Donald Trump, hacia M\u00e9xico y nuestros connacionales y por la globalizaci\u00f3n econ\u00f3mica, social y pol\u00edtica en la que participa de manera activa nuestro pa\u00eds.<\/p>\n<p>Desde que Trump asumi\u00f3 la Presidencia de los Estados Unidos, el di\u00e1logo bilateral se ha complicado, el escenario para los m\u00e1s de 11 millones de inmigrantes mexicanos indocumentados que viven en Estados Unidos, no es esperanzador.<\/p>\n<p>De acuerdo con cifras oficiales, tan solo en el primer trimestre del a\u00f1o fueron deportados 53 mil 764 mexicanos, un incremento del 40% respecto al mismo periodo de 2017.<\/p>\n<p>Al respecto, los aspirantes a la presidencia, no explicaron \u00bfc\u00f3mo?, van a resolver este problema que rebas\u00f3 el \u00e1mbito diplom\u00e1tico y que conoce bien el ex canciller Meade.<\/p>\n<p>Un \u201ccarajo\u201d para reclamar la falta de atenci\u00f3n a los connacionales deportados por Estados Unidos, expresado por Anaya o la idea de crear una \u201cAlianza para el Progreso\u201d propuesta por AMLO y plagiada de una iniciativa del ex presidente estadounidense John F. Kennedy, son insuficientes para nuestros paisanos que se juegan la vida al cruzar la frontera o que sobreviven a salto de mata en la Uni\u00f3n Americana.<\/p>\n<p>El discurso hostil hacia los migrantes por parte de Trump incluye la construcci\u00f3n del muro en la frontera, pues acusa a M\u00e9xico de no hacer nada por la seguridad fronteriza y amenaza con romper con el Tratado de Libre Comercio que rige en Am\u00e9rica del Norte desde hace dos d\u00e9cadas.<\/p>\n<p>El TLCAN, integrado por Estados Unidos, M\u00e9xico y Canad\u00e1 desde 1994, es el motor de las exportaciones mexicanas, est\u00e1 en un dif\u00edcil proceso de renegociaci\u00f3n y no se sabe si concluir\u00e1 antes de las elecciones en M\u00e9xico.<\/p>\n<p>Datos del <strong>Consejo Coordinador Empresarial<\/strong>, revelan que el comercio exterior representa alrededor de 70 por ciento del Producto Interno Bruto; que las exportaciones mexicanas se han multiplicado m\u00e1s de seis veces y el sector exportador ha registrado un crecimiento mayor al de la econom\u00eda.<\/p>\n<p>Adem\u00e1s, que m\u00e1s de uno de cada cinco puestos de trabajo en el pa\u00eds est\u00e1 vinculado al comercio internacional, por ejemplo, en las manufacturas de exportaci\u00f3n, los salarios son en promedio 37% mayores.<\/p>\n<p>M\u00e9xico se ubica entre los primeros 10 jugadores en el comercio internacional; los seis estados de la frontera norte (Baja California, Chihuahua, Coahuila, Nuevo Le\u00f3n, Sonora y Tamaulipas) contribuyen con m\u00e1s de la mitad (53.4%) de las exportaciones totales del pa\u00eds.<\/p>\n<p>Sin duda, el comercio exterior, es una palanca del crecimiento econ\u00f3mico y desarrollo nacional y demanda propuestas concretas, pero los aspirantes presidenciales ocuparon el tiempo en insultarse con expresiones como las de L\u00f3pez Obrador dirigidas a Anaya, \u201ccuido mi cartera\u201d, \u201cRiqui Riqu\u00edn Canall\u00edn\u201d y \u201cenga\u00f1a tontos\u201d.<\/p>\n<p>Por lo tanto, los empresarios deber\u00e1n esperar a conocer sus propuestas sobre comercio internacional y el rumbo de la pol\u00edtica exterior en otro foro o en el tercer debate que se realizar\u00e1 el pr\u00f3ximo 12 de junio en M\u00e9rida, Yucat\u00e1n, para hablar sobre econom\u00eda y desarrollo.<\/p>\n<p>Una oportunidad de oro para los candidatos y la \u00faltima que tendr\u00e1n en este proceso para acabar con el insulto como forma de debate p\u00fablico, pues corren el riesgo de perder el voto \u00fatil que persiguen o que \u201cel arroz que ya se coci\u00f3\u201d se queme.<\/p>\n<p>Esgrimir argumentos en lugar de descalificaciones, es clave para asegurar la calidad de la democracia y permite que las decisiones p\u00fablicas se basen en un conjunto m\u00e1s amplio de opiniones e intereses. \u00bfpodr\u00e1n con el desaf\u00edo?<\/p>\n<p>&nbsp;<\/p>\n<p style=\"text-align: center;\"><strong>VERICUENTOS<\/strong><\/p>\n<p style=\"text-align: center;\"><strong>Guillotina panista<\/strong><\/p>\n<p>Luego de que el presidente de la Mesa Directiva del Senado de la Rep\u00fablica, Ernesto Cordero, expresara su apoyo al candidato de la coalici\u00f3n Todos por M\u00e9xico, Jos\u00e9 Antonio Meade, y asegurara que votar\u00e1 por \u00e9l, el pr\u00f3ximo 1 de julio. El dirigente panista Dami\u00e1n Zepeda, le record\u00f3 que sigue vigente el proceso de expulsi\u00f3n en su contra. <strong>\u00a1Sopas!<\/strong><\/p>\n<p><a href=\"mailto:guillegomora@hotmail.com\" target=\"_blank\" rel=\"noopener noreferrer\"><i>guillegomora@hotmail.com<br \/>\n<\/i><\/a><a href=\"https:\/\/twitter.com\/guillegomora?lang=es\" target=\"_blank\" rel=\"noopener noreferrer\"><i>@guillegomora<\/i><\/a><\/p>\n","protected":false},"excerpt":{"rendered":"<p><span style=\"color: #005497;\"><strong>Guillermina G\u00f3mora Ord\u00f3\u00f1ez<\/strong><\/span><\/p>\n","protected":false},"author":3,"featured_media":0,"comment_status":"open","ping_status":"open","sticky":false,"template":"","format":"standard","meta":{"_monsterinsights_skip_tracking":false,"_monsterinsights_sitenote_active":false,"_monsterinsights_sitenote_note":"","_monsterinsights_sitenote_category":0,"footnotes":""},"categories":[58361],"tags":[58362,58363,43674],"class_list":["post-377317","post","type-post","status-publish","format-standard","hentry","category-guillermina-gomora-ordonez","tag-caleidoscopio","tag-guillermina-gomora-ordonez","tag-opinion"],"_links":{"self":[{"href":"https:\/\/www.diarioimagen.net\/index.php?rest_route=\/wp\/v2\/posts\/377317","targetHints":{"allow":["GET"]}}],"collection":[{"href":"https:\/\/www.diarioimagen.net\/index.php?rest_route=\/wp\/v2\/posts"}],"about":[{"href":"https:\/\/www.diarioimagen.net\/index.php?rest_route=\/wp\/v2\/types\/post"}],"author":[{"embeddable":true,"href":"https:\/\/www.diarioimagen.net\/index.php?rest_route=\/wp\/v2\/users\/3"}],"replies":[{"embeddable":true,"href":"https:\/\/www.diarioimagen.net\/index.php?rest_route=%2Fwp%2Fv2%2Fcomments&post=377317"}],"version-history":[{"count":0,"href":"https:\/\/www.diarioimagen.net\/index.php?rest_route=\/wp\/v2\/posts\/377317\/revisions"}],"wp:attachment":[{"href":"https:\/\/www.diarioimagen.net\/index.php?rest_route=%2Fwp%2Fv2%2Fmedia&parent=377317"}],"wp:term":[{"taxonomy":"category","embeddable":true,"href":"https:\/\/www.diarioimagen.net\/index.php?rest_route=%2Fwp%2Fv2%2Fcategories&post=377317"},{"taxonomy":"post_tag","embeddable":true,"href":"https:\/\/www.diarioimagen.net\/index.php?rest_route=%2Fwp%2Fv2%2Ftags&post=377317"}],"curies":[{"name":"wp","href":"https:\/\/api.w.org\/{rel}","templated":true}]}}