{"id":377396,"date":"2018-05-23T00:10:42","date_gmt":"2018-05-23T05:10:42","guid":{"rendered":"http:\/\/www.diarioimagen.net\/?p=377396"},"modified":"2018-05-23T00:28:18","modified_gmt":"2018-05-23T05:28:18","slug":"meade-convoca-a-productores-a-decir-no-a-los-mesias","status":"publish","type":"post","link":"https:\/\/www.diarioimagen.net\/?p=377396","title":{"rendered":"Meade a campesinos: digan no a los \u201cmes\u00edas\u201d"},"content":{"rendered":"<ul>\n<li><em><strong>Es arropado por cenecistas en La Laguna<\/strong><\/em><\/li>\n<li><em><strong>Le ofrecieron llevarlo a Los Pinos, pero a cambio de apoyos<\/strong><\/em><\/li>\n<\/ul>\n<div id=\"attachment_377397\" style=\"width: 470px\" class=\"wp-caption aligncenter\"><img loading=\"lazy\" decoding=\"async\" aria-describedby=\"caption-attachment-377397\" class=\"wp-image-377397 size-large\" src=\"http:\/\/www.diarioimagen.net\/wp-content\/uploads\/2018\/05\/MEADE23-PORTAL-460x268.jpg\" alt=\"\" width=\"460\" height=\"268\" srcset=\"https:\/\/www.diarioimagen.net\/wp-content\/uploads\/2018\/05\/MEADE23-PORTAL-460x268.jpg 460w, https:\/\/www.diarioimagen.net\/wp-content\/uploads\/2018\/05\/MEADE23-PORTAL-240x140.jpg 240w, https:\/\/www.diarioimagen.net\/wp-content\/uploads\/2018\/05\/MEADE23-PORTAL.jpg 480w\" sizes=\"auto, (max-width: 460px) 100vw, 460px\" \/><p id=\"caption-attachment-377397\" class=\"wp-caption-text\">En su gira por la Comarca Lagunera, Jos\u00e9 Antonio Meade se proclam\u00f3 el candidato de la certidumbre y de las familias del campo.<\/p><\/div>\n<p>&nbsp;<\/p>\n<p>&nbsp;<\/p>\n<p>Jos\u00e9 Antonio Meade, candidato de la coalici\u00f3n Todos por M\u00e9xico a la Presidencia de la Rep\u00fablica, inst\u00f3 a decir no a los \u201cmes\u00edas\u201d, a los que quieren decirle a los productores de campo qu\u00e9 hacer y darle el s\u00ed a quienes vienen a escuchar.<\/p>\n<p>\u201cLa autosuficiencia alimentaria de Andr\u00e9s Manuel (L\u00f3pez Obrador) genera insuficiencia e ineficiencia en el campo y aqu\u00ed no lo vamos a permitir\u201d, dijo al ser arropado por cientos de campesinos que le ofrecieron llevarlo a Los Pinos, pero le pidieron apoyos para el sector.<\/p>\n<p>En la Comarca Lagunera, advirti\u00f3 que en el campo \u201csabemos que si el apoyo llega a tiempo, sirve, y si llega tarde, ya no nos sirve. En la pol\u00edtica tambi\u00e9n sabemos lo mismo, en la pol\u00edtica el apoyo tambi\u00e9n tiene que llegar a tiempo. Y hoy, aqu\u00ed estamos pidi\u00e9ndole al campo su apoyo\u201d.<\/p>\n<p>El abanderado presidencial del PRI, PVEM y Panal afirm\u00f3 que \u00e9sta es una elecci\u00f3n entre el riesgo y la certidumbre, \u201cy en el campo no queremos riesgo, en las familias del campo queremos certidumbre\u201d, por lo que se proclam\u00f3 el candidato de la certidumbre y de las familias del campo.<\/p>\n<p>Por ello, afirm\u00f3 que va a ganar esta elecci\u00f3n: \u201cNos vamos a plantar en la cancha, y despu\u00e9s de 90 minutos de juego, el 2 de julio, M\u00e9xico tendr\u00e1 la certeza de un presidente que le va a dar confianza y que va a alejar el riesgo de las familias\u201d, y habr\u00e1 celebraci\u00f3n de que M\u00e9xico tendr\u00e1 rumbo, destino y futuro.<\/p>\n<p>En G\u00f3mez Palacio, Durango, dijo que el pasado domingo fue un buen d\u00eda, en donde hubo estrategia, enjundia, ideas y buen planteamiento, por eso gan\u00f3 Santos Laguna y cada que gana ese equipo de futbol, en una elecci\u00f3n presidencial gana el PRI.<\/p>\n<p>\u201cY contagiados de ese sentido estrat\u00e9gico, de esa forma de posicionarse en la cancha, de atacar y defender, el domingo despu\u00e9s de ver ganar a Santos ganamos el debate\u201d, agreg\u00f3. Asegur\u00f3 que ya se est\u00e1 a pocos d\u00edas de la elecci\u00f3n, por lo que llam\u00f3 a apoyar a los candidatos priistas al Senado y a la C\u00e1mara de Diputados: \u201cNos vamos a llevar la copa, el debate, el Senado y la Presidencia de la Rep\u00fablica\u201d, subray\u00f3.<\/p>\n<p>En su estrategia para convertir al campo en una potencia, Meade Kuribre\u00f1a se comprometi\u00f3 a escuchar a los campesinos y llevar sus encargos a Los Pinos para cumplirles, por lo que se\u00f1al\u00f3 que la siguiente elecci\u00f3n es fundamental, implica para el campo que se puedan conquistar otros mercados, vender lo que hacemos en el mundo o nos cerremos y condenamos al pa\u00eds a escasez y a ineficiencia.<\/p>\n<p>Reiter\u00f3 su propuesta de otorgar cr\u00e9ditos que lleguen a tiempo y ser un presidente que los entienda, que escuche y resuelva: \u201cNo queremos que las decisiones se tomen en las oficinas, no queremos que las decisiones se tomen lejos del campo, queremos a los funcionarios fuera de las oficinas y cerca de los productores, queremos reglas sencillas, entendibles, claras y transparentes\u201d.<\/p>\n<p>Meade Kuribre\u00f1a precis\u00f3 que en esta elecci\u00f3n, en la boleta, \u201cel candidato de la seguridad para el campo soy yo\u201d.<\/p>\n<p>Dijo estar esperanzado e ilusionado, por lo que habr\u00e1 de encabezar un gobierno al servicio de los productores, con reglas de operaci\u00f3n claras, apoyos a tiempo, ventanillas \u00fanicas, presupuestos multianuales, un campo con la certeza de que su gobierno lo conoce, lo quiere, lo respeta y lo apoya.<\/p>\n","protected":false},"excerpt":{"rendered":"<p>Jos\u00e9 Antonio Meade, candidato de la coalici\u00f3n Todos por M\u00e9xico a la Presidencia de la Rep\u00fablica, inst\u00f3 a decir no a los \u201cmes\u00edas\u201d, a los que quieren decirle a los productores de campo qu\u00e9 hacer y darle el s\u00ed a quienes vienen a escuchar.<\/p>\n","protected":false},"author":5,"featured_media":377397,"comment_status":"open","ping_status":"open","sticky":false,"template":"","format":"standard","meta":{"_monsterinsights_skip_tracking":false,"_monsterinsights_sitenote_active":false,"_monsterinsights_sitenote_note":"","_monsterinsights_sitenote_category":0,"footnotes":""},"categories":[3],"tags":[73933,73932,72371,26429,66679,43673],"class_list":["post-377396","post","type-post","status-publish","format-standard","has-post-thumbnail","hentry","category-nacional","tag-andres-manue","tag-comarca-lagunera","tag-jose-antonio-meade","tag-jose-antonio-meade-kuribrena","tag-mesias","tag-nacional"],"_links":{"self":[{"href":"https:\/\/www.diarioimagen.net\/index.php?rest_route=\/wp\/v2\/posts\/377396","targetHints":{"allow":["GET"]}}],"collection":[{"href":"https:\/\/www.diarioimagen.net\/index.php?rest_route=\/wp\/v2\/posts"}],"about":[{"href":"https:\/\/www.diarioimagen.net\/index.php?rest_route=\/wp\/v2\/types\/post"}],"author":[{"embeddable":true,"href":"https:\/\/www.diarioimagen.net\/index.php?rest_route=\/wp\/v2\/users\/5"}],"replies":[{"embeddable":true,"href":"https:\/\/www.diarioimagen.net\/index.php?rest_route=%2Fwp%2Fv2%2Fcomments&post=377396"}],"version-history":[{"count":0,"href":"https:\/\/www.diarioimagen.net\/index.php?rest_route=\/wp\/v2\/posts\/377396\/revisions"}],"wp:featuredmedia":[{"embeddable":true,"href":"https:\/\/www.diarioimagen.net\/index.php?rest_route=\/wp\/v2\/media\/377397"}],"wp:attachment":[{"href":"https:\/\/www.diarioimagen.net\/index.php?rest_route=%2Fwp%2Fv2%2Fmedia&parent=377396"}],"wp:term":[{"taxonomy":"category","embeddable":true,"href":"https:\/\/www.diarioimagen.net\/index.php?rest_route=%2Fwp%2Fv2%2Fcategories&post=377396"},{"taxonomy":"post_tag","embeddable":true,"href":"https:\/\/www.diarioimagen.net\/index.php?rest_route=%2Fwp%2Fv2%2Ftags&post=377396"}],"curies":[{"name":"wp","href":"https:\/\/api.w.org\/{rel}","templated":true}]}}