{"id":377442,"date":"2018-05-23T00:11:13","date_gmt":"2018-05-23T05:11:13","guid":{"rendered":"http:\/\/www.diarioimagen.net\/?p=377442"},"modified":"2018-05-23T03:44:09","modified_gmt":"2018-05-23T08:44:09","slug":"verifican-ambulancias-del-sector-publico-y-privado","status":"publish","type":"post","link":"https:\/\/www.diarioimagen.net\/?p=377442","title":{"rendered":"Verifican ambulancias del sector p\u00fablico y privado"},"content":{"rendered":"<ul>\n<li><em><strong>Van 16 inspecciones en lo que va de 2018<\/strong><\/em><\/li>\n<li><em><strong>Garantizan seguridad y funcionamiento del servicio param\u00e9dico<\/strong><\/em><\/li>\n<\/ul>\n<p>&nbsp;<\/p>\n<p><a href=\"http:\/\/www.diarioimagen.net\/?attachment_id=377506\" rel=\"attachment wp-att-377506\"><img loading=\"lazy\" decoding=\"async\" class=\"aligncenter size-large wp-image-377506\" src=\"http:\/\/www.diarioimagen.net\/wp-content\/uploads\/2018\/05\/ambulancias-3373-460x259.jpg\" alt=\"\" width=\"460\" height=\"259\" srcset=\"https:\/\/www.diarioimagen.net\/wp-content\/uploads\/2018\/05\/ambulancias-3373-460x259.jpg 460w, https:\/\/www.diarioimagen.net\/wp-content\/uploads\/2018\/05\/ambulancias-3373-240x135.jpg 240w, https:\/\/www.diarioimagen.net\/wp-content\/uploads\/2018\/05\/ambulancias-3373-235x132.jpg 235w, https:\/\/www.diarioimagen.net\/wp-content\/uploads\/2018\/05\/ambulancias-3373-202x114.jpg 202w, https:\/\/www.diarioimagen.net\/wp-content\/uploads\/2018\/05\/ambulancias-3373-350x196.jpg 350w, https:\/\/www.diarioimagen.net\/wp-content\/uploads\/2018\/05\/ambulancias-3373-220x123.jpg 220w, https:\/\/www.diarioimagen.net\/wp-content\/uploads\/2018\/05\/ambulancias-3373-237x132.jpg 237w, https:\/\/www.diarioimagen.net\/wp-content\/uploads\/2018\/05\/ambulancias-3373.jpg 480w\" sizes=\"auto, (max-width: 460px) 100vw, 460px\" \/><\/a><\/p>\n<p>&nbsp;<\/p>\n<p><strong>Toluca, Estado de M\u00e9xico<\/strong>.- Para garantizar la seguridad y el adecuado funcionamiento del servicio m\u00e9dico y param\u00e9dico que se presta en unidades m\u00f3viles de urgencia y primeros auxilios, la Secretar\u00eda de Salud, a trav\u00e9s de la Comisi\u00f3n para la Regulaci\u00f3n contra Riesgos Sanitarios del Estado de M\u00e9xico (Coprisem), realiza la verificaci\u00f3n permanente de ambulancias, tanto del sector p\u00fablico, como del privado.<\/p>\n<p>La dependencia inform\u00f3 que en lo que va del a\u00f1o se han realizado 16 inspecciones de forma aleatoria para validar la infraestructura de estos veh\u00edculos, herramientas y accesorios m\u00e9dicos, correcto manejo de la unidad del veh\u00edculo, auxilio constante del copiloto y que los medicamentos tengan la vigencia adecuada.<\/p>\n<p>Con estas acciones, a la fecha, no se han tenido observaciones o ameritado suspensiones. Tambi\u00e9n se revisa que el personal m\u00e9dico, param\u00e9dico, urgenci\u00f3logos y camilleros est\u00e9n siempre actualizados y se encuentren en permanente capacitaci\u00f3n, a fin de estar en condiciones de atender de manera oportuna y eficiente cualquier tipo de contingencia que se les presente.<\/p>\n<p>Durante las inspecciones se aplica un acta de verificaci\u00f3n en apego a la norma NOM 034 de Regulaci\u00f3n de los Servicios de Salud y Atenci\u00f3n M\u00e9dica Prehospitalaria, que incluye revisi\u00f3n de r\u00f3tulos, aviso de funcionamiento y protocolos de actuaci\u00f3n, entre otros. Es de resaltar que la COPRISEM brinda asesor\u00eda previa para que en el momento de supervisar al personal de dichos veh\u00edculos de auxilio, comprueben su capacidad para operar ambulancias y que tienen los insumos adecuados y necesarios.<\/p>\n","protected":false},"excerpt":{"rendered":"<p>Para garantizar la seguridad y el adecuado funcionamiento del servicio m\u00e9dico y param\u00e9dico que se presta en unidades m\u00f3viles de urgencia y primeros auxilios, la Secretar\u00eda de Salud, a trav\u00e9s de la Comisi\u00f3n para la Regulaci\u00f3n contra Riesgos Sanitarios del Estado de M\u00e9xico (Coprisem), realiza la verificaci\u00f3n permanente de ambulancias, tanto del sector p\u00fablico, como del privado.<\/p>\n","protected":false},"author":3,"featured_media":377506,"comment_status":"open","ping_status":"open","sticky":false,"template":"","format":"standard","meta":{"_monsterinsights_skip_tracking":false,"_monsterinsights_sitenote_active":false,"_monsterinsights_sitenote_note":"","_monsterinsights_sitenote_category":0,"footnotes":""},"categories":[5],"tags":[43675,73981,452],"class_list":["post-377442","post","type-post","status-publish","format-standard","has-post-thumbnail","hentry","category-estado-de-mexico","tag-estado-de-mexico","tag-sector-publico","tag-toluca"],"_links":{"self":[{"href":"https:\/\/www.diarioimagen.net\/index.php?rest_route=\/wp\/v2\/posts\/377442","targetHints":{"allow":["GET"]}}],"collection":[{"href":"https:\/\/www.diarioimagen.net\/index.php?rest_route=\/wp\/v2\/posts"}],"about":[{"href":"https:\/\/www.diarioimagen.net\/index.php?rest_route=\/wp\/v2\/types\/post"}],"author":[{"embeddable":true,"href":"https:\/\/www.diarioimagen.net\/index.php?rest_route=\/wp\/v2\/users\/3"}],"replies":[{"embeddable":true,"href":"https:\/\/www.diarioimagen.net\/index.php?rest_route=%2Fwp%2Fv2%2Fcomments&post=377442"}],"version-history":[{"count":0,"href":"https:\/\/www.diarioimagen.net\/index.php?rest_route=\/wp\/v2\/posts\/377442\/revisions"}],"wp:featuredmedia":[{"embeddable":true,"href":"https:\/\/www.diarioimagen.net\/index.php?rest_route=\/wp\/v2\/media\/377506"}],"wp:attachment":[{"href":"https:\/\/www.diarioimagen.net\/index.php?rest_route=%2Fwp%2Fv2%2Fmedia&parent=377442"}],"wp:term":[{"taxonomy":"category","embeddable":true,"href":"https:\/\/www.diarioimagen.net\/index.php?rest_route=%2Fwp%2Fv2%2Fcategories&post=377442"},{"taxonomy":"post_tag","embeddable":true,"href":"https:\/\/www.diarioimagen.net\/index.php?rest_route=%2Fwp%2Fv2%2Ftags&post=377442"}],"curies":[{"name":"wp","href":"https:\/\/api.w.org\/{rel}","templated":true}]}}