{"id":377450,"date":"2018-05-23T00:09:35","date_gmt":"2018-05-23T05:09:35","guid":{"rendered":"http:\/\/www.diarioimagen.net\/?p=377450"},"modified":"2018-05-23T03:50:49","modified_gmt":"2018-05-23T08:50:49","slug":"el-bronco-contra-la-legalizacion-de-las-drogas","status":"publish","type":"post","link":"https:\/\/www.diarioimagen.net\/?p=377450","title":{"rendered":"\u201cEl Bronco\u201d, contra la legalizaci\u00f3n de las drogas"},"content":{"rendered":"<ul>\n<li><strong><em>Encuentro con estudiantes de Mexicali<\/em><\/strong><\/li>\n<\/ul>\n<p>&nbsp;<\/p>\n<div id=\"attachment_377522\" style=\"width: 470px\" class=\"wp-caption aligncenter\"><a href=\"http:\/\/www.diarioimagen.net\/?attachment_id=377522\" rel=\"attachment wp-att-377522\"><img loading=\"lazy\" decoding=\"async\" aria-describedby=\"caption-attachment-377522\" class=\"size-large wp-image-377522\" src=\"http:\/\/www.diarioimagen.net\/wp-content\/uploads\/2018\/05\/bronco-3373-460x259.jpg\" alt=\"\" width=\"460\" height=\"259\" srcset=\"https:\/\/www.diarioimagen.net\/wp-content\/uploads\/2018\/05\/bronco-3373-460x259.jpg 460w, https:\/\/www.diarioimagen.net\/wp-content\/uploads\/2018\/05\/bronco-3373-240x135.jpg 240w, https:\/\/www.diarioimagen.net\/wp-content\/uploads\/2018\/05\/bronco-3373-235x132.jpg 235w, https:\/\/www.diarioimagen.net\/wp-content\/uploads\/2018\/05\/bronco-3373-202x114.jpg 202w, https:\/\/www.diarioimagen.net\/wp-content\/uploads\/2018\/05\/bronco-3373-350x196.jpg 350w, https:\/\/www.diarioimagen.net\/wp-content\/uploads\/2018\/05\/bronco-3373-220x123.jpg 220w, https:\/\/www.diarioimagen.net\/wp-content\/uploads\/2018\/05\/bronco-3373-237x132.jpg 237w, https:\/\/www.diarioimagen.net\/wp-content\/uploads\/2018\/05\/bronco-3373.jpg 480w\" sizes=\"auto, (max-width: 460px) 100vw, 460px\" \/><\/a><p id=\"caption-attachment-377522\" class=\"wp-caption-text\">El candidato independiente, Jaime Rodr\u00edguez, ofreci\u00f3 una conferencia ante estudiantes del CETYS de Mexicali, Baja California.<\/p><\/div>\n<p>&nbsp;<\/p>\n<p>Jaime Rodr\u00edguez Calder\u00f3n \u201cEl Bronco\u201d, candidato independiente a la Presidencia de la Rep\u00fablica, se\u00f1al\u00f3 que no cree en la legalizaci\u00f3n de la droga, porque ha generado muchos problemas, y se pronunci\u00f3 por la elaboraci\u00f3n de un inventario para decidir qu\u00e9 hacer sobre el tema, no s\u00f3lo para ganar votos.<\/p>\n<p>Luego de ofrecer una conferencia ante estudiantes del CETYS de Mexicali, Baja California, a\u00f1adi\u00f3 que tambi\u00e9n se debe conocer la opini\u00f3n de los expertos en el gobierno, para saber qu\u00e9 hacer.<\/p>\n<p>Sobre el trasiego de droga, \u201cEl Bronco\u201d se\u00f1al\u00f3 que se debe detener y actuar con dureza, porque en Estados Unidos est\u00e1 legalizado y es donde m\u00e1s se consume droga en el mundo, sin que su presidente diga nada al respecto; donde m\u00e1s violencia hay es en las escuelas y eso no lo dice.<\/p>\n<p>Durante su exposici\u00f3n ante los estudiantes, ofreci\u00f3 que como presidente crear\u00e1 infraestructura adecuada y maestros bien capacitados, as\u00ed como una educaci\u00f3n de calidad y competitiva.<\/p>\n<p>Seg\u00fan Rodr\u00edguez Calder\u00f3n, la actual reforma educativa debe modificarse y regresar los valores a las escuelas para atacar la deserci\u00f3n escolar, adem\u00e1s, se comprometi\u00f3 a crear oportunidades de empleo bien remunerados para que el talento mexicano se quede en el pa\u00eds.<\/p>\n<p>\u201cSeguiremos con el tema de las evaluaciones a los maestros, porque los maestros tienen que seguir siendo preparados, pero vamos a modificar y cambiar el sistema acad\u00e9mico y regresar las clases de valores, de principios, de disciplina, de amor a la patria.<\/p>\n<p>Asimismo, sostuvo que \u201cyo quiero que todas las escuelas del pa\u00eds puedan estar as\u00ed, este lugar es extraordinario y hay escuelas que tienen 50 chamacos amontonados en un solo sal\u00f3n con un solo maestro al que le pagan mal\u201d.<\/p>\n","protected":false},"excerpt":{"rendered":"<p>Jaime Rodr\u00edguez Calder\u00f3n \u201cEl Bronco\u201d, candidato independiente a la Presidencia de la Rep\u00fablica, se\u00f1al\u00f3 que no cree en la legalizaci\u00f3n de la droga, porque ha generado muchos problemas, y se pronunci\u00f3 por la elaboraci\u00f3n de un inventario para decidir qu\u00e9 hacer sobre el tema, no s\u00f3lo para ganar votos.<\/p>\n","protected":false},"author":3,"featured_media":377522,"comment_status":"open","ping_status":"open","sticky":false,"template":"","format":"standard","meta":{"_monsterinsights_skip_tracking":false,"_monsterinsights_sitenote_active":false,"_monsterinsights_sitenote_note":"","_monsterinsights_sitenote_category":0,"footnotes":""},"categories":[3],"tags":[265,69284,10981,43673],"class_list":["post-377450","post","type-post","status-publish","format-standard","has-post-thumbnail","hentry","category-nacional","tag-drogas","tag-jaime-rodriguez-calderon","tag-legalizacion","tag-nacional"],"_links":{"self":[{"href":"https:\/\/www.diarioimagen.net\/index.php?rest_route=\/wp\/v2\/posts\/377450","targetHints":{"allow":["GET"]}}],"collection":[{"href":"https:\/\/www.diarioimagen.net\/index.php?rest_route=\/wp\/v2\/posts"}],"about":[{"href":"https:\/\/www.diarioimagen.net\/index.php?rest_route=\/wp\/v2\/types\/post"}],"author":[{"embeddable":true,"href":"https:\/\/www.diarioimagen.net\/index.php?rest_route=\/wp\/v2\/users\/3"}],"replies":[{"embeddable":true,"href":"https:\/\/www.diarioimagen.net\/index.php?rest_route=%2Fwp%2Fv2%2Fcomments&post=377450"}],"version-history":[{"count":0,"href":"https:\/\/www.diarioimagen.net\/index.php?rest_route=\/wp\/v2\/posts\/377450\/revisions"}],"wp:featuredmedia":[{"embeddable":true,"href":"https:\/\/www.diarioimagen.net\/index.php?rest_route=\/wp\/v2\/media\/377522"}],"wp:attachment":[{"href":"https:\/\/www.diarioimagen.net\/index.php?rest_route=%2Fwp%2Fv2%2Fmedia&parent=377450"}],"wp:term":[{"taxonomy":"category","embeddable":true,"href":"https:\/\/www.diarioimagen.net\/index.php?rest_route=%2Fwp%2Fv2%2Fcategories&post=377450"},{"taxonomy":"post_tag","embeddable":true,"href":"https:\/\/www.diarioimagen.net\/index.php?rest_route=%2Fwp%2Fv2%2Ftags&post=377450"}],"curies":[{"name":"wp","href":"https:\/\/api.w.org\/{rel}","templated":true}]}}