{"id":377475,"date":"2018-05-23T00:07:52","date_gmt":"2018-05-23T05:07:52","guid":{"rendered":"http:\/\/www.diarioimagen.net\/?p=377475"},"modified":"2018-05-23T23:22:39","modified_gmt":"2018-05-24T04:22:39","slug":"estamos-en-los-mejores-niveles-de-la-historia-epn","status":"publish","type":"post","link":"https:\/\/www.diarioimagen.net\/?p=377475","title":{"rendered":"Estamos en los mejores niveles de la historia: EPN"},"content":{"rendered":"<ul>\n<li><em><strong>Seg\u00fan indicadores econ\u00f3micos<\/strong><\/em><\/li>\n<li><em><strong>Logros, fruto de trabajo compartido federaci\u00f3n-estados, afirma<\/strong><\/em><\/li>\n<\/ul>\n<p>&nbsp;<\/p>\n<div id=\"attachment_377543\" style=\"width: 470px\" class=\"wp-caption aligncenter\"><a href=\"http:\/\/www.diarioimagen.net\/?attachment_id=377543\" rel=\"attachment wp-att-377543\"><img loading=\"lazy\" decoding=\"async\" aria-describedby=\"caption-attachment-377543\" class=\"size-large wp-image-377543\" src=\"http:\/\/www.diarioimagen.net\/wp-content\/uploads\/2018\/05\/epn-3373-460x259.jpg\" alt=\"\" width=\"460\" height=\"259\" srcset=\"https:\/\/www.diarioimagen.net\/wp-content\/uploads\/2018\/05\/epn-3373-460x259.jpg 460w, https:\/\/www.diarioimagen.net\/wp-content\/uploads\/2018\/05\/epn-3373-240x135.jpg 240w, https:\/\/www.diarioimagen.net\/wp-content\/uploads\/2018\/05\/epn-3373-235x132.jpg 235w, https:\/\/www.diarioimagen.net\/wp-content\/uploads\/2018\/05\/epn-3373-202x114.jpg 202w, https:\/\/www.diarioimagen.net\/wp-content\/uploads\/2018\/05\/epn-3373-350x196.jpg 350w, https:\/\/www.diarioimagen.net\/wp-content\/uploads\/2018\/05\/epn-3373-220x123.jpg 220w, https:\/\/www.diarioimagen.net\/wp-content\/uploads\/2018\/05\/epn-3373-237x132.jpg 237w, https:\/\/www.diarioimagen.net\/wp-content\/uploads\/2018\/05\/epn-3373.jpg 480w\" sizes=\"auto, (max-width: 460px) 100vw, 460px\" \/><\/a><p id=\"caption-attachment-377543\" class=\"wp-caption-text\">El presidente Enrique Pe\u00f1a Nieto particip\u00f3 en la 54 reuni\u00f3n de la Conferencia Nacional de Gobernadores.<\/p><\/div>\n<p>&nbsp;<\/p>\n<p>Los datos de diversos indicadores econ\u00f3micos muestran \u201cque estamos en los mejores niveles de nuestra historia\u201d, destac\u00f3 el presidente Enrique Pe\u00f1a Nieto en Tabasco.<\/p>\n<p>Durante su participaci\u00f3n en la 54 reuni\u00f3n de la Conferencia Nacional de Gobernadores (Conago), subray\u00f3 que \u201cno estamos hablando de unos cuantos indicadores aislados, sino de un amplio conjunto de actividades econ\u00f3micas de muy diversos tipos\u201d.<\/p>\n<p>Estas actividades incluyen la producci\u00f3n primaria, las manufacturas y los servicios, las cuales \u201crevelan sin asomo de duda, que la econom\u00eda mexicana est\u00e1 atravesando por una transformaci\u00f3n sist\u00e9mica\u201d, dijo ante los mandatarios de Tabasco, Arturo N\u00fa\u00f1ez Jim\u00e9nez, presidente saliente de la Conago, y de Chiapas, Manuel Velasco Coello, presidente entrante de ese \u00f3rgano.<\/p>\n<p>Acompa\u00f1ado por los secretarios de Gobernaci\u00f3n, Alfonso Navarrete Prida, y de Econom\u00eda, Ildefonso Guajardo, el Presidente destac\u00f3 los records en la generaci\u00f3n de empleos, el incremento en los ingresos por exportaciones, la tasa de inflaci\u00f3n m\u00e1s baja en 40 a\u00f1os y la reducci\u00f3n de los niveles de pobreza.<\/p>\n<p>A\u00f1adi\u00f3 que la confirmaci\u00f3n de grado de inversi\u00f3n por las agencias calificadoras se traduce en menores costos de financiamiento, y que las bases de esos avances han sido la estabilidad y la certidumbre, que se derivan de un manejo responsable de las finanzas p\u00fablicas.<\/p>\n<p>El Ejecutivo federal puntualiz\u00f3 que \u201cm\u00e1s all\u00e1 de nuestras leg\u00edtimas diferencias pol\u00edticas, en estos cinco a\u00f1os y medio (de gobierno) hemos sabido coordinar y sumar esfuerzos en favor de los mexicanos\u201d.<\/p>\n<p>Sostuvo que el proceso electoral \u201cser\u00e1 una nueva oportunidad para mostrar la soildez de nuestras instituciones y la madurez de nuestra democracia\u201d, y que su gobierno seguir\u00e1 actuando con estricto apego a la legalidad para que cada uno, desde su \u00e1mbito de responsabilidad, contribuya a la creaci\u00f3n de acuerdos y el fortalecimiento de la unidad nacional.<\/p>\n<p>En la reuni\u00f3n, a la que asistieron 29 gobernadores del pa\u00eds, con la ausencia de los ejecutivos estatales de Jalisco, Sinaloa y Chihuahua, Pe\u00f1a Nieto hizo \u00e9nfasis en que el reto pendiente est\u00e1 en el tema de la seguridad, lo que exige redoblar esfuerzos de los tres \u00f3rdenes de gobierno para fortalecer las instituciones.<\/p>\n<p>No obstante, dijo que la coordinaci\u00f3n permiti\u00f3 capturar a 109 de los 122 objetivos prioritarios identificados al inicio del sexenio, entre los que se encuentran l\u00edderes de c\u00e1rteles y organizaciones criminales que representaban alta peligrosidad, y dio a conocer que en el seno de la Conago, se propone considerar como delito grave el robo de hidrocarburos y la portaci\u00f3n y acopio de armas de uso exclusivo de las fuerzas armadas.<\/p>\n<p>Previo a clausurar los trabajos de esta reuni\u00f3n, y partir de una petici\u00f3n que tuvo origen en gobernadores de estados vitivinicultores, el presidente firm\u00f3 el decreto que expide la Ley de Fomento a la Industria Vitivin\u00edcola, que es la primera norma federal que emana de la Conago.<\/p>\n","protected":false},"excerpt":{"rendered":"<p>Los datos de diversos indicadores econ\u00f3micos muestran \u201cque estamos en los mejores niveles de nuestra historia\u201d, destac\u00f3 el presidente Enrique Pe\u00f1a Nieto en Tabasco.<\/p>\n","protected":false},"author":3,"featured_media":377543,"comment_status":"open","ping_status":"open","sticky":false,"template":"","format":"standard","meta":{"_monsterinsights_skip_tracking":false,"_monsterinsights_sitenote_active":false,"_monsterinsights_sitenote_note":"","_monsterinsights_sitenote_category":0,"footnotes":""},"categories":[3],"tags":[1716,46669,43673],"class_list":["post-377475","post","type-post","status-publish","format-standard","has-post-thumbnail","hentry","category-nacional","tag-epn","tag-historia","tag-nacional"],"_links":{"self":[{"href":"https:\/\/www.diarioimagen.net\/index.php?rest_route=\/wp\/v2\/posts\/377475","targetHints":{"allow":["GET"]}}],"collection":[{"href":"https:\/\/www.diarioimagen.net\/index.php?rest_route=\/wp\/v2\/posts"}],"about":[{"href":"https:\/\/www.diarioimagen.net\/index.php?rest_route=\/wp\/v2\/types\/post"}],"author":[{"embeddable":true,"href":"https:\/\/www.diarioimagen.net\/index.php?rest_route=\/wp\/v2\/users\/3"}],"replies":[{"embeddable":true,"href":"https:\/\/www.diarioimagen.net\/index.php?rest_route=%2Fwp%2Fv2%2Fcomments&post=377475"}],"version-history":[{"count":0,"href":"https:\/\/www.diarioimagen.net\/index.php?rest_route=\/wp\/v2\/posts\/377475\/revisions"}],"wp:featuredmedia":[{"embeddable":true,"href":"https:\/\/www.diarioimagen.net\/index.php?rest_route=\/wp\/v2\/media\/377543"}],"wp:attachment":[{"href":"https:\/\/www.diarioimagen.net\/index.php?rest_route=%2Fwp%2Fv2%2Fmedia&parent=377475"}],"wp:term":[{"taxonomy":"category","embeddable":true,"href":"https:\/\/www.diarioimagen.net\/index.php?rest_route=%2Fwp%2Fv2%2Fcategories&post=377475"},{"taxonomy":"post_tag","embeddable":true,"href":"https:\/\/www.diarioimagen.net\/index.php?rest_route=%2Fwp%2Fv2%2Ftags&post=377475"}],"curies":[{"name":"wp","href":"https:\/\/api.w.org\/{rel}","templated":true}]}}