{"id":377477,"date":"2018-05-23T00:02:36","date_gmt":"2018-05-23T05:02:36","guid":{"rendered":"http:\/\/www.diarioimagen.net\/?p=377477"},"modified":"2018-05-23T04:15:45","modified_gmt":"2018-05-23T09:15:45","slug":"aeromar-formaliza-su-pacto-con-cadena-para-apoyarla-en-su-tarea-de-proporcionar-ayuda-humanitaria-donde-se-necesite","status":"publish","type":"post","link":"https:\/\/www.diarioimagen.net\/?p=377477","title":{"rendered":"Aeromar formaliza su pacto con CADENA, para apoyarla en su tarea de proporcionar ayuda humanitaria donde se necesite"},"content":{"rendered":"<h2>De cinco estrellas<\/h2>\n<h5>Victoria Gonz\u00e1lez Prado<\/h5>\n<p>&nbsp;<\/p>\n<ul>\n<li><strong><em>Inicia la construcci\u00f3n del<\/em> Four Seasons Hotel and Private Residences Fort Lauderdale<em>, localizado a orillas del oc\u00e9ano Atl\u00e1ntico<\/em><\/strong><\/li>\n<\/ul>\n<p>&nbsp;<\/p>\n<div id=\"attachment_377546\" style=\"width: 470px\" class=\"wp-caption aligncenter\"><a href=\"http:\/\/www.diarioimagen.net\/?attachment_id=377546\" rel=\"attachment wp-att-377546\"><img loading=\"lazy\" decoding=\"async\" aria-describedby=\"caption-attachment-377546\" class=\"size-large wp-image-377546\" src=\"http:\/\/www.diarioimagen.net\/wp-content\/uploads\/2018\/05\/turismo-3373-460x259.jpg\" alt=\"\" width=\"460\" height=\"259\" srcset=\"https:\/\/www.diarioimagen.net\/wp-content\/uploads\/2018\/05\/turismo-3373-460x259.jpg 460w, https:\/\/www.diarioimagen.net\/wp-content\/uploads\/2018\/05\/turismo-3373-240x135.jpg 240w, https:\/\/www.diarioimagen.net\/wp-content\/uploads\/2018\/05\/turismo-3373-235x132.jpg 235w, https:\/\/www.diarioimagen.net\/wp-content\/uploads\/2018\/05\/turismo-3373-202x114.jpg 202w, https:\/\/www.diarioimagen.net\/wp-content\/uploads\/2018\/05\/turismo-3373-350x196.jpg 350w, https:\/\/www.diarioimagen.net\/wp-content\/uploads\/2018\/05\/turismo-3373-220x123.jpg 220w, https:\/\/www.diarioimagen.net\/wp-content\/uploads\/2018\/05\/turismo-3373-237x132.jpg 237w, https:\/\/www.diarioimagen.net\/wp-content\/uploads\/2018\/05\/turismo-3373.jpg 480w\" sizes=\"auto, (max-width: 460px) 100vw, 460px\" \/><\/a><p id=\"caption-attachment-377546\" class=\"wp-caption-text\">Firmaron el acuerdo Benjam\u00edn Laniado y Ren\u00e9 Giesemann, luego salieron a la plataforma para conocer uno de los nuevos aviones, con Santiago Trevi\u00f1o.<\/p><\/div>\n<p>&nbsp;<\/p>\n<p>En cuanto tengas oportunidad, en un aparato de Aeromar emprende el vuelo desde esta capital hacia Poza Rica; tendr\u00e1s escenario esplendoroso cuando el aparato deje el macizo continental y se desplace hacia el Golfo para volver y tomar pista, con todo y que conserves en la mente la visi\u00f3n de la laguna de Tamiahua, cuyo verdor contrasta con el de la vegetaci\u00f3n que la circunda.<\/p>\n<p>Recuerdos de viajes como ese fluyeron en torrente, al saber que <strong>Ren\u00e9 Giesemann<\/strong>, director comercial de Aeromar, y<strong> Benjam\u00edn Laniado<\/strong>, presidente fundador de CADENA, firmaron un convenio mediante el cual la aerol\u00ednea formaliza su compromiso de poner a disposici\u00f3n de esa organizaci\u00f3n los boletos de avi\u00f3n que requiera para urgencias por cat\u00e1strofes naturales, como las suscitadas tras el movimiento tel\u00farico de septiembre pasado.<\/p>\n<p>Los apoyaremos con vuelos redondos todas las veces que sea preciso cuando sea necesario transportar ayuda humanitaria, subray\u00f3 <strong>Giesemann<\/strong>.<\/p>\n<p>CADENA es instituci\u00f3n que auxilia al pr\u00f3jimo en situaciones desesperadas, y lo hace con la discreci\u00f3n que establecen los c\u00e1nones de la generosidad y la solidaridad; fue fundada hace 15 a\u00f1os en la comunidad jud\u00eda en M\u00e9xico. Tiene\u00a0 presencia internacional y m\u00e1s de seis oficinas en varios pa\u00edses.<\/p>\n<p>Aeromar es la aerol\u00ednea regional del pa\u00eds con una flota de aviones ATR generaci\u00f3n 600 recientemente renovada, con una edad promedio de 1.2 a\u00f1os, transportan alrededor de 700 mil pasajeros anualmente.<\/p>\n<p>La compa\u00f1\u00eda a\u00e9rea tiene un c\u00f3digo compartido con <em>United Airlines<\/em> y m\u00e1s de 15 acuerdos interlineales.<\/p>\n<p>Durante la firma del acuerdo, ambos directivos informaron que la colaboraci\u00f3n humanitaria pactada entre Aeromar y CADENA empez\u00f3 luego de los sismos de septiembre del a\u00f1o pasado, primero para llevar ayuda y rescatistas a Juchit\u00e1n, Oaxaca, y luego para transportar especialistas y v\u00edveres, despu\u00e9s del sismo del 19 de ese mismo mes.<\/p>\n<p>Es as\u00ed que de septiembre del a\u00f1o pasado a la fecha, Aeromar ha transportado 79 toneladas de v\u00edveres, materiales de rescate y apoyo de diverso g\u00e9nero a la poblaci\u00f3n afectada, as\u00ed como a 600 personas, entre rescatistas, especialistas y voluntarios.<\/p>\n<p>\u201cSomos parte del proyecto de CADENA, por eso, vamos a ponerle nombre y apellido al convenio, por el que cada vez que sea necesario podamos reaccionar en conjunto y podamos ser parte del apoyo. No siempre podremos ir a todas partes, pero si contamos con ayuda y el avi\u00f3n disponible, reaccionaremos por la gente que m\u00e1s lo necesite\u201d, agreg\u00f3 <strong>Giesemann.<\/strong><\/p>\n<p>Asegur\u00f3 que los aviones <em>ATR 72-600<\/em>\u00a0 (72 pasajeros) y<em> ATR 42-600 <\/em>(48 pasajeros), pueden transportar tambi\u00e9n 4.8 toneladas de carga. Tienen excelente flexibilidad, lo que les permite llegar a comunidades peque\u00f1as y realizar operaciones de urgencia por sismos o huracanes.<\/p>\n<p><strong>Benjam\u00edn Laniado<\/strong>, presidente fundador de CADENA, destac\u00f3 que la colaboraci\u00f3n con Aeromar permitir\u00e1 a la asociaci\u00f3n multiplicar sus esfuerzos para \u201cllegar m\u00e1s lejos, m\u00e1s r\u00e1pido y hacer m\u00e1s\u201d.<\/p>\n<p>\u201cSomos una organizaci\u00f3n sin fines de lucro, nuestras utilidades son las personas a las que ayudamos\u201d, defini\u00f3.<\/p>\n<p>CADENA trabaja bajo tres programas: Urgencias, educaci\u00f3n y prevenci\u00f3n, con la intenci\u00f3n de disminuir da\u00f1os a comunidades impactadas por desastres, transfiri\u00e9ndoles recursos y capacidad para elevar su nivel de resiliencia.<\/p>\n<p>Es organizaci\u00f3n que sirve como puente entre las comunidades que m\u00e1s lo necesitan y los que tienen el privilegio de poder dar y as\u00ed mejorar la condici\u00f3n humana. Ha realizado 214 misiones de rescate y ayuda humanitaria en 15 pa\u00edses y en 22 estados de la Rep\u00fablica Mexicana.<\/p>\n<p>\u2730\u2730\u2730\u2730\u2730 Hace unos d\u00edas se anunci\u00f3 la construcci\u00f3n del <em>Four Seasons Hotel and Private Residences Fort Lauderdale<\/em>, localizado a orillas del oc\u00e9ano Atl\u00e1ntico, cerca de las playas de Fort Lauderdale, Florida y, desarrollado por <em>Fort Partners<\/em>, es el m\u00e1s reciente destino global ic\u00f3nico de la colecci\u00f3n de la marca. Incluir\u00e1 90 residencias privadas y 130 habitaciones.<\/p>\n<p>El inmueble, marcar\u00e1 la tercera colaboraci\u00f3n entre <em>Four Seasons<\/em> y <em>Fort Partners<\/em>, al unirse a los hoteles ya construidos en La Florida. La propiedad tendr\u00e1 22 pisos frente al mar combinar\u00e1 el lujo y el legendario servicio de la marca para visitantes y residentes por igual.<\/p>\n<p><strong>J. Allen Smith<\/strong>, presidente y CEO de <em>Four Seasons Hotels and Resorts<\/em> indic\u00f3: \u201cla marca cuenta con una historia en la que entra a los diferentes mercados y establece los est\u00e1ndares para las experiencias de estilo de vida de lujo. Esta nueva propiedad no ser\u00e1 una excepci\u00f3n, y esperamos abrir nuestras puertas en la vibrante ciudad de Fort Lauderdale\u201d,<\/p>\n<p>Smith agrega que la marca \u201cadministrar\u00e1 tanto el Hotel como las Residencias Privadas, encarg\u00e1ndose de entregar en todo momento, nuestro servicio de clase mundial. Esto es lo que nos distinguir\u00e1 en Fort Lauderdale como lo ha hecho en otros destinos, y sin duda, establecer\u00e1 esta propiedad como la mejor experiencia de estilo de vida de lujo disponible en la ciudad \u201c.<\/p>\n<p>El dise\u00f1o de interiores corre a cargo de <strong>Tara Bernerd<\/strong>, con sede en Londres, responsable de la arquitectura interior completa del edificio. Su dise\u00f1o se mantiene aut\u00e9ntico al lugar y atractivo para los hu\u00e9spedes del hotel y residentes de todo el mundo. Adem\u00e1s, <strong>Martin Brudnizki<\/strong>, reconocido dise\u00f1ador de la industria hospitalaria (con sede en Londres), fue el responsable de imaginar la experiencia culinaria y dise\u00f1ar los restaurantes, salones y \u00e1reas de piscina.<\/p>\n<p>El galardonado arquitecto con sede en Miami, <strong>Kobi Karp<\/strong>, es el cerebro arquitect\u00f3nico detr\u00e1s del desarrollo. <strong>\u00a0<\/strong><\/p>\n<p>Reconocido como uno de los dise\u00f1adores de paisajes m\u00e1s influyentes de Am\u00e9rica, <strong>Fernando Wong<\/strong> es el arquitecto paisajista l\u00edder dedicando un tercio de la propiedad a la creaci\u00f3n de espacios verdes.<\/p>\n<p>El inmueble cuenta con una terraza frente al mar en el tercer piso, con la dupla de experiencias de piscina y caba\u00f1as de lujo, un spa de primer nivel, gimnasio y el programa corporativo para ni\u00f1os, <em>Kids for All Seasons<\/em>. Un restaurante exclusivo que dar\u00e1 servicio todo el d\u00eda con asientos interiores en la terraza frente al mar adem\u00e1s de un bar en la piscina, sal\u00f3n y cafeter\u00eda al aire libre, con vistas al oc\u00e9ano.<\/p>\n<p><em><a href=\"mailto:victoriagprado@gmail.com\" target=\"_blank\" rel=\"noopener\">victoriagprado@gmail.com<\/a><\/em><br \/>\n<em> Twitter: <a href=\"https:\/\/twitter.com\/victoriagprado\" target=\"_blank\" rel=\"noopener\">@victoriagprado<\/a><\/em><\/p>\n","protected":false},"excerpt":{"rendered":"<p>En cuanto tengas oportunidad, en un aparato de Aeromar emprende el vuelo desde esta capital hacia Poza Rica; tendr\u00e1s escenario esplendoroso cuando el aparato deje el macizo continental y se desplace hacia el Golfo para volver y tomar pista, con todo y que conserves en la mente la visi\u00f3n de la laguna de Tamiahua, cuyo verdor contrasta con el de la vegetaci\u00f3n que la circunda.<\/p>\n","protected":false},"author":3,"featured_media":377546,"comment_status":"open","ping_status":"open","sticky":false,"template":"","format":"standard","meta":{"_monsterinsights_skip_tracking":false,"_monsterinsights_sitenote_active":false,"_monsterinsights_sitenote_note":"","_monsterinsights_sitenote_category":0,"footnotes":""},"categories":[11],"tags":[107,43674,43681,106],"class_list":["post-377477","post","type-post","status-publish","format-standard","has-post-thumbnail","hentry","category-turismo","tag-de-cinco-estrellas","tag-opinion","tag-turismo","tag-victoria-gonzalez-prado"],"_links":{"self":[{"href":"https:\/\/www.diarioimagen.net\/index.php?rest_route=\/wp\/v2\/posts\/377477","targetHints":{"allow":["GET"]}}],"collection":[{"href":"https:\/\/www.diarioimagen.net\/index.php?rest_route=\/wp\/v2\/posts"}],"about":[{"href":"https:\/\/www.diarioimagen.net\/index.php?rest_route=\/wp\/v2\/types\/post"}],"author":[{"embeddable":true,"href":"https:\/\/www.diarioimagen.net\/index.php?rest_route=\/wp\/v2\/users\/3"}],"replies":[{"embeddable":true,"href":"https:\/\/www.diarioimagen.net\/index.php?rest_route=%2Fwp%2Fv2%2Fcomments&post=377477"}],"version-history":[{"count":0,"href":"https:\/\/www.diarioimagen.net\/index.php?rest_route=\/wp\/v2\/posts\/377477\/revisions"}],"wp:featuredmedia":[{"embeddable":true,"href":"https:\/\/www.diarioimagen.net\/index.php?rest_route=\/wp\/v2\/media\/377546"}],"wp:attachment":[{"href":"https:\/\/www.diarioimagen.net\/index.php?rest_route=%2Fwp%2Fv2%2Fmedia&parent=377477"}],"wp:term":[{"taxonomy":"category","embeddable":true,"href":"https:\/\/www.diarioimagen.net\/index.php?rest_route=%2Fwp%2Fv2%2Fcategories&post=377477"},{"taxonomy":"post_tag","embeddable":true,"href":"https:\/\/www.diarioimagen.net\/index.php?rest_route=%2Fwp%2Fv2%2Ftags&post=377477"}],"curies":[{"name":"wp","href":"https:\/\/api.w.org\/{rel}","templated":true}]}}