{"id":377491,"date":"2018-05-23T00:08:38","date_gmt":"2018-05-23T05:08:38","guid":{"rendered":"http:\/\/www.diarioimagen.net\/?p=377491"},"modified":"2018-05-23T04:19:08","modified_gmt":"2018-05-23T09:19:08","slug":"me-sumo-por-un-mexico-edificante-y-progresista-afirma-cesar-camacho","status":"publish","type":"post","link":"https:\/\/www.diarioimagen.net\/?p=377491","title":{"rendered":"Me sumo por un M\u00e9xico edificante y progresista, afirma C\u00e9sar Camacho"},"content":{"rendered":"<ul>\n<li><strong><em>El candidato tricolor al Senado recibe apoyo de la CMIC<\/em><\/strong><\/li>\n<\/ul>\n<p>&nbsp;<\/p>\n<div id=\"attachment_377552\" style=\"width: 470px\" class=\"wp-caption aligncenter\"><a href=\"http:\/\/www.diarioimagen.net\/?attachment_id=377552\" rel=\"attachment wp-att-377552\"><img loading=\"lazy\" decoding=\"async\" aria-describedby=\"caption-attachment-377552\" class=\"size-large wp-image-377552\" src=\"http:\/\/www.diarioimagen.net\/wp-content\/uploads\/2018\/05\/TOLUCA-3373-460x259.jpg\" alt=\"\" width=\"460\" height=\"259\" srcset=\"https:\/\/www.diarioimagen.net\/wp-content\/uploads\/2018\/05\/TOLUCA-3373-460x259.jpg 460w, https:\/\/www.diarioimagen.net\/wp-content\/uploads\/2018\/05\/TOLUCA-3373-240x135.jpg 240w, https:\/\/www.diarioimagen.net\/wp-content\/uploads\/2018\/05\/TOLUCA-3373-235x132.jpg 235w, https:\/\/www.diarioimagen.net\/wp-content\/uploads\/2018\/05\/TOLUCA-3373-202x114.jpg 202w, https:\/\/www.diarioimagen.net\/wp-content\/uploads\/2018\/05\/TOLUCA-3373-350x196.jpg 350w, https:\/\/www.diarioimagen.net\/wp-content\/uploads\/2018\/05\/TOLUCA-3373-220x123.jpg 220w, https:\/\/www.diarioimagen.net\/wp-content\/uploads\/2018\/05\/TOLUCA-3373-237x132.jpg 237w, https:\/\/www.diarioimagen.net\/wp-content\/uploads\/2018\/05\/TOLUCA-3373.jpg 480w\" sizes=\"auto, (max-width: 460px) 100vw, 460px\" \/><\/a><p id=\"caption-attachment-377552\" class=\"wp-caption-text\">C\u00e9sar Camacho recibi\u00f3 el apoyo de los integrantes de la delegaci\u00f3n mexiquense de la C\u00e1mara Mexicana de la Industria de la Construcci\u00f3n (CMIC).<\/p><\/div>\n<p>&nbsp;<\/p>\n<p><strong>Toluca, Estado de M\u00e9xico<\/strong>.- De cara a la elecci\u00f3n del uno de julio, \u201cno se trata de ver al pa\u00eds de una manera partidaria o partidista, se trata de ver al pa\u00eds de una manera edificante y progresista, a eso es a lo que le apuesto, a esa corriente me adhiero para tener razones de fondo, razones de peso, construir alianzas ciudadanas y que ganemos todos\u201d.<\/p>\n<p>As\u00ed lo asegur\u00f3 C\u00e9sar Camacho, candidato del PRI al Senado de la Rep\u00fablica por el Estado de M\u00e9xico, luego de recibir el apoyo de los integrantes de la delegaci\u00f3n mexiquense de la C\u00e1mara Mexicana de la Industria de la Construcci\u00f3n (CMIC) a quienes pidi\u00f3 \u201cser sus aliados\u201d para lograr este prop\u00f3sito.<\/p>\n<p>\u201cSi alguien quiere estar a mano con sus electores, m\u00e1s le vale ser franco y dar la cara\u201d, subray\u00f3 el abanderado tricolor, acompa\u00f1ado de Mario Vallejo Vald\u00e9s, presidente estatal del organismo, para luego hacer p\u00fablico su compromiso de trabajar en equipo, desde el Congreso de la Uni\u00f3n, para que el desarrollo econ\u00f3mico, la competitividad y la generaci\u00f3n de empleos sigan siendo impronta de la entidad mexiquense.<\/p>\n<p>Luego de escuchar diversos planteamientos de los afiliados a la CMIC, Camacho sostuvo que \u201cel estado de Derecho debe ser una cultura para ser m\u00e1s eficaces en el combate a la delincuencia, cuya estrategia -reiter\u00f3- presenta \u201cun saldo deficitario\u201d, por lo que se pronunci\u00f3 a favor de la legislaci\u00f3n de medidas preventivas que permitan la regeneraci\u00f3n del tejido social.<\/p>\n<p>A solicitud expresa del presidente estatal de la CMIC, C\u00e9sar Camacho se comprometi\u00f3 a apoyar la Ley de Obra P\u00fablica, actualmente detenida en el Senado, por lo que pidi\u00f3 a los empresarios del ramo de la construcci\u00f3n proponer nuevas modificaciones que permitan erradicar la corrupci\u00f3n y garantizar un tato m\u00e1s justo para este importante gremio.<\/p>\n<p>\u201cSi como representante popular pretendes convertir tus propuestas en dogmas no vas a avanzar, debes escuchar a los que saben y hacer caso a quienes escuchas para que tus planteamientos tengan la solidez necesaria a la hora de conciliar\u201d, sostuvo el candidato a la senadur\u00eda por el Estado de M\u00e9xico.<\/p>\n","protected":false},"excerpt":{"rendered":"<p>De cara a la elecci\u00f3n del uno de julio, \u201cno se trata de ver al pa\u00eds de una manera partidaria o partidista, se trata de ver al pa\u00eds de una manera edificante y progresista, a eso es a lo que le apuesto, a esa corriente me adhiero para tener razones de fondo, razones de peso, construir alianzas ciudadanas y que ganemos todos\u201d.<\/p>\n","protected":false},"author":3,"featured_media":377552,"comment_status":"open","ping_status":"open","sticky":false,"template":"","format":"standard","meta":{"_monsterinsights_skip_tracking":false,"_monsterinsights_sitenote_active":false,"_monsterinsights_sitenote_note":"","_monsterinsights_sitenote_category":0,"footnotes":""},"categories":[35155],"tags":[3184,43675,44,452],"class_list":["post-377491","post","type-post","status-publish","format-standard","has-post-thumbnail","hentry","category-estado-de-mexico-estado-de-mexico","tag-cesar-camacho-quiroz","tag-estado-de-mexico","tag-mexico","tag-toluca"],"_links":{"self":[{"href":"https:\/\/www.diarioimagen.net\/index.php?rest_route=\/wp\/v2\/posts\/377491","targetHints":{"allow":["GET"]}}],"collection":[{"href":"https:\/\/www.diarioimagen.net\/index.php?rest_route=\/wp\/v2\/posts"}],"about":[{"href":"https:\/\/www.diarioimagen.net\/index.php?rest_route=\/wp\/v2\/types\/post"}],"author":[{"embeddable":true,"href":"https:\/\/www.diarioimagen.net\/index.php?rest_route=\/wp\/v2\/users\/3"}],"replies":[{"embeddable":true,"href":"https:\/\/www.diarioimagen.net\/index.php?rest_route=%2Fwp%2Fv2%2Fcomments&post=377491"}],"version-history":[{"count":0,"href":"https:\/\/www.diarioimagen.net\/index.php?rest_route=\/wp\/v2\/posts\/377491\/revisions"}],"wp:featuredmedia":[{"embeddable":true,"href":"https:\/\/www.diarioimagen.net\/index.php?rest_route=\/wp\/v2\/media\/377552"}],"wp:attachment":[{"href":"https:\/\/www.diarioimagen.net\/index.php?rest_route=%2Fwp%2Fv2%2Fmedia&parent=377491"}],"wp:term":[{"taxonomy":"category","embeddable":true,"href":"https:\/\/www.diarioimagen.net\/index.php?rest_route=%2Fwp%2Fv2%2Fcategories&post=377491"},{"taxonomy":"post_tag","embeddable":true,"href":"https:\/\/www.diarioimagen.net\/index.php?rest_route=%2Fwp%2Fv2%2Ftags&post=377491"}],"curies":[{"name":"wp","href":"https:\/\/api.w.org\/{rel}","templated":true}]}}