{"id":377569,"date":"2018-05-23T00:04:30","date_gmt":"2018-05-23T05:04:30","guid":{"rendered":"http:\/\/www.diarioimagen.net\/?p=377569"},"modified":"2018-05-23T04:44:35","modified_gmt":"2018-05-23T09:44:35","slug":"damojh-decenas-de-incidentes-aereos","status":"publish","type":"post","link":"https:\/\/www.diarioimagen.net\/?p=377569","title":{"rendered":"Damojh; decenas de incidentes a\u00e9reos"},"content":{"rendered":"<h2>Poder y dinero<\/h2>\n<h5>V\u00edctor S\u00e1nchez Ba\u00f1os<\/h5>\n<p><em>\u00a0<\/em><\/p>\n<p style=\"text-align: right;\"><strong><em>La palabra es mitad de quien la pronuncia y mitad <\/em><em>de quien la escucha<br \/>\n<\/em><\/strong><em>Michel Maurice de Talleyrand-P\u00e9rigord, 1754-1838; pol\u00edtico y diplom\u00e1tico franc\u00e9s<\/em><\/p>\n<p>&nbsp;<\/p>\n<p>#TragediaCuba #ProtegidadeSCT #GlobalAir #Vivencias #C\u00f3mplicesenDGAC #SCT #RuizEsparza #RodriguezCampo #CafeterasA\u00e9reas #peligroenlosCielos #Sosanosgtra #Fayad #Novartis<\/p>\n<p>&nbsp;<\/p>\n<p>La impunidad con que vuelan aerol\u00edneas propiedad de Manuel Rodr\u00edguez Campo, llevaron a la muerte a m\u00e1s de 100 personas en el accidente del viernes pasado en La Habana, Cuba. Operaba con autorizaci\u00f3n de la Direcci\u00f3n de Aeron\u00e1utica Civil sin cumplir los requisitos elementales para proteger la vida de tripulaci\u00f3n, pasajeros y de personas en tierra.<\/p>\n<p>Estimado lector, d\u00e9jame platicarte una historia que vivimos en carne propia un grupo de periodistas mexicanos. En febrero del 2014, un grupo de reporteros de la fuente pol\u00edtica, abordamos un vuelo fletado por Javier Duarte de Ochoa, entonces gobernador de Veracruz, a una reuni\u00f3n plenaria de senadores. El vuelo fue de Global Air, que parti\u00f3 alrededor de las 19:00 horas. En el vuelo viajaba, adem\u00e1s, el que fuera l\u00edder del sindicato de pilotos, Jes\u00fas Ram\u00edrez Strabros.<\/p>\n<p>Desde el inicio del vuelo estuvo movido y turbulento, lo que no es extraordinario en \u00e9poca de lluvias, pero ten\u00eda evidentes problemas de presi\u00f3n dentro de la aeronave, un Boeing 737, que se reflejaba en el \u201ctaponamiento\u201d de los o\u00eddos de todos los pasajeros.<\/p>\n<p>Fuertes vientos atacaron al avi\u00f3n. Parec\u00eda no sostenerse en el aire, mientras el piloto acercaba a la pista el avi\u00f3n. Llov\u00eda intensamente, pero nada extraordinario para quienes viajamos cotidianamente no provocaba sorpresa. Carecemos del conocimiento de vuelo, pero sab\u00edamos que algo estaba mal. Incluso, el rostro de Ram\u00edrez Stabros se apreciaba con preocupaci\u00f3n.<\/p>\n<p>Nunca olvidaremos ese aterrizaje en Veracruz. Un avi\u00f3n que se mov\u00eda entre 45 y 60 grados en ambos sentidos. El viento lanzaba la aeronave arriba, abajo, izquierda y derecha con furia. Al tocar tierra, lo hizo con una de las llantas y sobre una de ellas avanz\u00f3 varios metros, quiz\u00e1 unos 400 metros. Al caer la otra llanta brincaba el Boeing sin control.<\/p>\n<p>Al final, la pericia del piloto se impuso y logr\u00f3 dejar la aeronave en la pista. Incluso mientras carreteaba rumbo a la terminal, el viento mov\u00eda con brusquedad el avi\u00f3n, que parec\u00eda podr\u00eda someterse a la voluntad de Eolo. Al bajar de la aeronave, el viento nos mov\u00eda a los pasajeros que ten\u00edamos que caminar unos 50 metros hasta el edificio. Pregunt\u00e9 al piloto, de unos 40 a\u00f1os de edad, que velocidad ten\u00edan los vientos y me dijo m\u00e1s de 80 kil\u00f3metros por hora. Y le pregunt\u00e9 si era m\u00e1s seguro viajar de regreso a la Ciudad de M\u00e9xico, a lo que contest\u00f3 encogiendo los hombros: mis \u00f3rdenes eran \u201caterrizar a como d\u00e9 lugar\u201d para atender a otro vuelo fletado.<\/p>\n<p>Despu\u00e9s, supe que la aeronave se alquil\u00f3 en 500 mil pesos para 80 pasajeros, cuando ese tipo de viajes se alquila por mucho menos. Un supuesto ahorro, ya que las aerol\u00edneas de vuelos programados como Aerom\u00e9xico, Volaris o Interjet, hacen vuelos ch\u00e1rters por mucho menos dinero. Un negocito para alg\u00fan funcionario gubernamental.<\/p>\n<p>Aerol\u00edneas Damojh, es una chartera que ofrece sus servicios a muchas dependencias de gobierno a precios realmente rid\u00edculos. Esas dependencias, con enorme desprecio a la vida de periodistas, los invitan a viajar en aerol\u00edneas que son baratas y no ofrecen las garant\u00edas de seguridad para los pasajeros, ni para el resto de los mexicanos en tierra. Pueden estrellarse en cualquier parte.<\/p>\n<p>A trav\u00e9s de la marca Global Air, fundada 1992 en M\u00e9xico por el piloto espa\u00f1ol Manuel Rodr\u00edguez Campo, Aerol\u00edneas Damojh tiene una larga lista de pleitos judiciales en varias partes de Am\u00e9rica Latina y M\u00e9xico, a consecuencia de sus actividades abusivas contra trabajadores, proveedores y pasajeros.<\/p>\n<p>Rodr\u00edguez Campo, con oficinas en la colonia Obrera de la Ciudad de M\u00e9xico, controla varias aerol\u00edneas en Ecuador, Sudamericana de Aviaci\u00f3n, Sudaeroecuador, donde opera en aeropuertos de bajo nivel que les cobra poco por los servicios. En M\u00e9xico aterriza en Celaya, Guanajuato.<\/p>\n<p>En M\u00e9xico, \u00bfautoridades de Aeron\u00e1utica Civil y de la SCT, que encabeza Gerardo Ruiz Esparza, asumir\u00e1n sus responsabilidades en esos vuelos? Definitivamente, no. Otro caso de impunidad.<\/p>\n<p><strong>PODEROSOS CABALLEROS<\/strong>: Se siguen sumando impresentables a la campa\u00f1a de Andr\u00e9s Manuel L\u00f3pez Obrador. Ahora se suma Jos\u00e9 Sosa, el cacique de la Universidad Aut\u00f3noma de Hidalgo, quien detenta el control del dinero y los estudiantes desde al gobierno de Guillermo Rosell de la Lama. Ya le dio posiciones en candidaturas y ahora ve menos la franquicia que le alquil\u00f3 a Dante Delgado, Movimiento Ciudadano, con el que hac\u00eda ruido en la entidad gobernada por Omar Fayad.<\/p>\n<p><a href=\"http:\/\/poderydinero.mx\" target=\"_blank\" rel=\"noopener\"><em>poderydinero.mx<\/em><\/a><b><br \/>\n<\/b><em><a href=\"mailto:vsb@poderydinero.mx\" target=\"_blank\" rel=\"noopener\">vsb@poderydinero.mx<\/a><br \/>\n<\/em><em><strong>Twitter:<\/strong><a href=\"https:\/\/twitter.com\/vsanchezbanos\" target=\"_blank\" rel=\"noopener\">@vsanchezbano<br \/>\n<\/a><\/em><em><strong>Facebook:\u00a0<\/strong><a href=\"https:\/\/www.facebook.com\/vsanchezbanos?fref=ts\" target=\"_blank\" rel=\"noopener\">vsanchezbano<\/a><\/em><\/p>\n","protected":false},"excerpt":{"rendered":"<p><span style=\"color: #005497;\"><strong>V\u00edctor S\u00e1nchez Ba\u00f1os<\/strong><\/span><\/p>\n","protected":false},"author":3,"featured_media":0,"comment_status":"open","ping_status":"open","sticky":false,"template":"","format":"standard","meta":{"_monsterinsights_skip_tracking":false,"_monsterinsights_sitenote_active":false,"_monsterinsights_sitenote_note":"","_monsterinsights_sitenote_category":0,"footnotes":""},"categories":[38844],"tags":[43674,38847,38848],"class_list":["post-377569","post","type-post","status-publish","format-standard","hentry","category-victor-sanchez-banos","tag-opinion","tag-poder-y-dinero","tag-victor-sanchez-banos"],"_links":{"self":[{"href":"https:\/\/www.diarioimagen.net\/index.php?rest_route=\/wp\/v2\/posts\/377569","targetHints":{"allow":["GET"]}}],"collection":[{"href":"https:\/\/www.diarioimagen.net\/index.php?rest_route=\/wp\/v2\/posts"}],"about":[{"href":"https:\/\/www.diarioimagen.net\/index.php?rest_route=\/wp\/v2\/types\/post"}],"author":[{"embeddable":true,"href":"https:\/\/www.diarioimagen.net\/index.php?rest_route=\/wp\/v2\/users\/3"}],"replies":[{"embeddable":true,"href":"https:\/\/www.diarioimagen.net\/index.php?rest_route=%2Fwp%2Fv2%2Fcomments&post=377569"}],"version-history":[{"count":0,"href":"https:\/\/www.diarioimagen.net\/index.php?rest_route=\/wp\/v2\/posts\/377569\/revisions"}],"wp:attachment":[{"href":"https:\/\/www.diarioimagen.net\/index.php?rest_route=%2Fwp%2Fv2%2Fmedia&parent=377569"}],"wp:term":[{"taxonomy":"category","embeddable":true,"href":"https:\/\/www.diarioimagen.net\/index.php?rest_route=%2Fwp%2Fv2%2Fcategories&post=377569"},{"taxonomy":"post_tag","embeddable":true,"href":"https:\/\/www.diarioimagen.net\/index.php?rest_route=%2Fwp%2Fv2%2Ftags&post=377569"}],"curies":[{"name":"wp","href":"https:\/\/api.w.org\/{rel}","templated":true}]}}