{"id":377590,"date":"2018-05-24T00:09:11","date_gmt":"2018-05-24T05:09:11","guid":{"rendered":"http:\/\/www.diarioimagen.net\/?p=377590"},"modified":"2018-05-24T23:34:00","modified_gmt":"2018-05-25T04:34:00","slug":"meade-ofrece-a-discapacitados-mas-espacios-en-el-gobierno","status":"publish","type":"post","link":"https:\/\/www.diarioimagen.net\/?p=377590","title":{"rendered":"M\u00e1s espacios a personas con discapacidad: Meade"},"content":{"rendered":"<ul>\n<li><em><strong>\u201cLa educaci\u00f3n debe llegar a todos\u201d<\/strong><\/em><\/li>\n<li><em><strong>Ofrece cruzada nacional para atender analfabetismo en este sector<\/strong><\/em><\/li>\n<\/ul>\n<h6>Jos\u00e9 Luis Monta\u00f1ez<\/h6>\n<p>&nbsp;<\/p>\n<div id=\"attachment_377591\" style=\"width: 470px\" class=\"wp-caption aligncenter\"><img loading=\"lazy\" decoding=\"async\" aria-describedby=\"caption-attachment-377591\" class=\"wp-image-377591 size-large\" src=\"http:\/\/www.diarioimagen.net\/wp-content\/uploads\/2018\/05\/MEADE24-PORTAL-460x268.jpg\" alt=\"\" width=\"460\" height=\"268\" srcset=\"https:\/\/www.diarioimagen.net\/wp-content\/uploads\/2018\/05\/MEADE24-PORTAL-460x268.jpg 460w, https:\/\/www.diarioimagen.net\/wp-content\/uploads\/2018\/05\/MEADE24-PORTAL-240x140.jpg 240w, https:\/\/www.diarioimagen.net\/wp-content\/uploads\/2018\/05\/MEADE24-PORTAL.jpg 480w\" sizes=\"auto, (max-width: 460px) 100vw, 460px\" \/><p id=\"caption-attachment-377591\" class=\"wp-caption-text\">Jos\u00e9 Antonio Meade ofreci\u00f3 una cruzada nacional para abatir el rezago educativo de personas con discapacidad.<\/p><\/div>\n<p>&nbsp;<\/p>\n<p>Jos\u00e9 Antonio Meade Kuribre\u00f1a, candidato de la coalici\u00f3n Todos por M\u00e9xico, se comprometi\u00f3 a que de ganar la elecci\u00f3n del 1 de julio, crear\u00eda un instituto nacional para la inclusi\u00f3n que trabaje a favor de las personas con discapacidad, as\u00ed como generar m\u00e1s espacios laborales en el gobierno para ese sector.<\/p>\n<p>Durante la presentaci\u00f3n de Avanzar Contigo en Braille, ofreci\u00f3 una cruzada nacional para atender el reto de analfabetismo y abatir el rezago educativo de personas con discapacidad, la cual ser\u00eda biling\u00fce con el sistema braille, lenguaje de se\u00f1as mexicanas y tecnolog\u00eda para que la educaci\u00f3n llegue a todos.<\/p>\n<p>El abanderado de los partidos Revolucionario Institucional (PRI), Verde Ecologista de M\u00e9xico (PVEM) y Nueva Alianza afirm\u00f3 tambi\u00e9n que se requieren condiciones econ\u00f3micas mejores para quien tiene una discapacidad.<\/p>\n<p>Abund\u00f3 que ello implica cr\u00e9ditos, ampliar las posibilidades laborales y poner el ejemplo desde el gobierno, donde habr\u00eda m\u00e1s espacios para las personas con alguna discapacidad.<\/p>\n<p>Adem\u00e1s, ofreci\u00f3 ampliar la cobertura de salud, que los centros de salud est\u00e9n 100 por ciento equipados, con medicinas, y que haya conocimiento particular en materia de discapacidad para que la atenci\u00f3n sea pertinente.<\/p>\n<p>En este marco, Meade Kuribre\u00f1a reiter\u00f3 que se triplicar\u00eda el apoyo del programa Prospera para las familias que enfrentan el reto de tener a un integrante con discapacidad.<\/p>\n<p>Se dijo dispuesto a trabajar y a entregar su vida por un M\u00e9xico incluyente, en donde los derechos no tengan apellidos, \u201cpor un M\u00e9xico en donde reconozcamos que si nuestra Constituci\u00f3n dice que tenemos el derecho a la educaci\u00f3n, ese derecho tiene que ser para todos, que si la Constituci\u00f3n dice que tenemos derecho a la salud, tiene que ser para todos\u201d.<\/p>\n<p>Tras afirmar que se requiere en el gobierno alguien que entienda que la visi\u00f3n de la inclusi\u00f3n es de derechos y no solamente de atenci\u00f3n del punto de vista de salud, indic\u00f3 que por ello impulsar\u00e1 el instituto nacional para la inclusi\u00f3n para garantizar que se cumplan y respeten los derechos de una persona con discapacidad.<\/p>\n<p>Jos\u00e9 Antonio Meade ofreci\u00f3 tambi\u00e9n una estrategia nacional de movilidad, la cual -reconoci\u00f3- es un reto que implica tecnolog\u00eda, adecuaciones en el transporte p\u00fablico para que sea accesible e incluyente.<\/p>\n<p>Arropado por personas con alguna discapacidad, quienes le ofrecieron su apoyo para que llegue a Los Pinos, afirm\u00f3 que lo m\u00e1s importante que juzga a un pa\u00eds, a una campa\u00f1a, a un gobierno y a sus pol\u00edticos, es si son capaces de comprometerse por un M\u00e9xico incluyente.<\/p>\n","protected":false},"excerpt":{"rendered":"<p><span style=\"color: #005497;\">Jos\u00e9 Luis Monta\u00f1ez<\/span><br \/>\n<br \/>\nJos\u00e9 Antonio Meade Kuribre\u00f1a, candidato de la coalici\u00f3n Todos por M\u00e9xico, se comprometi\u00f3 a que de ganar la elecci\u00f3n del 1 de julio, crear\u00eda un instituto nacional para la inclusi\u00f3n que trabaje a favor de las personas con discapacidad, as\u00ed como generar m\u00e1s espacios laborales en el gobierno para ese sector.<\/p>\n","protected":false},"author":5,"featured_media":377591,"comment_status":"open","ping_status":"open","sticky":false,"template":"","format":"standard","meta":{"_monsterinsights_skip_tracking":false,"_monsterinsights_sitenote_active":false,"_monsterinsights_sitenote_note":"","_monsterinsights_sitenote_category":0,"footnotes":""},"categories":[3],"tags":[24566,46970,73992,26429,72665,43673,73993],"class_list":["post-377590","post","type-post","status-publish","format-standard","has-post-thumbnail","hentry","category-nacional","tag-discapacidad","tag-espacio","tag-espacios-en-el-gobierno","tag-jose-antonio-meade-kuribrena","tag-meade","tag-nacional","tag-tender-analfabetismo"],"_links":{"self":[{"href":"https:\/\/www.diarioimagen.net\/index.php?rest_route=\/wp\/v2\/posts\/377590","targetHints":{"allow":["GET"]}}],"collection":[{"href":"https:\/\/www.diarioimagen.net\/index.php?rest_route=\/wp\/v2\/posts"}],"about":[{"href":"https:\/\/www.diarioimagen.net\/index.php?rest_route=\/wp\/v2\/types\/post"}],"author":[{"embeddable":true,"href":"https:\/\/www.diarioimagen.net\/index.php?rest_route=\/wp\/v2\/users\/5"}],"replies":[{"embeddable":true,"href":"https:\/\/www.diarioimagen.net\/index.php?rest_route=%2Fwp%2Fv2%2Fcomments&post=377590"}],"version-history":[{"count":0,"href":"https:\/\/www.diarioimagen.net\/index.php?rest_route=\/wp\/v2\/posts\/377590\/revisions"}],"wp:featuredmedia":[{"embeddable":true,"href":"https:\/\/www.diarioimagen.net\/index.php?rest_route=\/wp\/v2\/media\/377591"}],"wp:attachment":[{"href":"https:\/\/www.diarioimagen.net\/index.php?rest_route=%2Fwp%2Fv2%2Fmedia&parent=377590"}],"wp:term":[{"taxonomy":"category","embeddable":true,"href":"https:\/\/www.diarioimagen.net\/index.php?rest_route=%2Fwp%2Fv2%2Fcategories&post=377590"},{"taxonomy":"post_tag","embeddable":true,"href":"https:\/\/www.diarioimagen.net\/index.php?rest_route=%2Fwp%2Fv2%2Ftags&post=377590"}],"curies":[{"name":"wp","href":"https:\/\/api.w.org\/{rel}","templated":true}]}}