{"id":377596,"date":"2018-05-24T00:01:32","date_gmt":"2018-05-24T05:01:32","guid":{"rendered":"http:\/\/www.diarioimagen.net\/?p=377596"},"modified":"2018-05-24T23:33:25","modified_gmt":"2018-05-25T04:33:25","slug":"kapsula-la-experiencia-musical-a-traves-del-tiempo","status":"publish","type":"post","link":"https:\/\/www.diarioimagen.net\/?p=377596","title":{"rendered":"Kapsula: \u201cLa experiencia musical a trav\u00e9s del tiempo\u201d"},"content":{"rendered":"<ul>\n<li><em><strong>La banda de covers cl\u00e1sicos y actuales estar\u00e1 el 8 de junio en el Lunario del Auditorio Nacional<\/strong><\/em><\/li>\n<\/ul>\n<h6>Arturo Arellano<\/h6>\n<p><strong>\u00a0<\/strong><\/p>\n<div id=\"attachment_377597\" style=\"width: 470px\" class=\"wp-caption aligncenter\"><img loading=\"lazy\" decoding=\"async\" aria-describedby=\"caption-attachment-377597\" class=\"size-large wp-image-377597\" src=\"http:\/\/www.diarioimagen.net\/wp-content\/uploads\/2018\/05\/KAPSULA_01-POORTAL-460x314.jpg\" alt=\"\" width=\"460\" height=\"314\" srcset=\"https:\/\/www.diarioimagen.net\/wp-content\/uploads\/2018\/05\/KAPSULA_01-POORTAL-460x314.jpg 460w, https:\/\/www.diarioimagen.net\/wp-content\/uploads\/2018\/05\/KAPSULA_01-POORTAL-240x164.jpg 240w, https:\/\/www.diarioimagen.net\/wp-content\/uploads\/2018\/05\/KAPSULA_01-POORTAL.jpg 700w\" sizes=\"auto, (max-width: 460px) 100vw, 460px\" \/><p id=\"caption-attachment-377597\" class=\"wp-caption-text\">La agrupaci\u00f3n imprime su estilo a los \u00e9xitos musicales desde los setentas y hasta la actualidad.<\/p><\/div>\n<p>&nbsp;<\/p>\n<p>Kapsula se form\u00f3 hace varios a\u00f1os como un proyecto, pues el principal objetivo era fusionar talentos vocales, diferentes g\u00e9neros y gustos musicales en un show, donde su p\u00fablico viva una experiencia fuera de lo normal. Con altas ventas de shows, el grupo lleva m\u00e1s de tres a\u00f1os trabajando, por lo que este \u00e9xito ha logrado llevarlos al nivel y demanda que ahora disfrutan, es por eso que es momento de dar el salto al m\u00edtico Lunario del Auditorio Nacional de la Ciudad de M\u00e9xico, donde ofrecer\u00e1n su experiencia musical a trav\u00e9s del tiempo.<\/p>\n<p>Rodrigo, Stephie, Sylvia, Carlos, Stephania y Valentino, intergantes de\u00a0esta Kapsula del tiempo, visitaron la redacci\u00f3n de <strong>DIARIO IMAGEN<\/strong>, donde en entrevista platicaron: \u201cVamos a tener nuestro primer Lunario, es un show que representa bastantes cosas para nuestro momento. Kapsula lleva varios a\u00f1os trabajando en centros nocturnos, pero de tres a\u00f1os para ac\u00e1 hemos juntado los caminos de los que formamos el grupo y hemos definido que queremos ir por m\u00e1s. El Lunario ser\u00e1 el parteaguas, presentamos el nuevo show, con muchas sorpresas, producci\u00f3n y un gran impacto visual\u201d. En ese mismo tenor explican: \u201cCreo que cada integrante tiene un estilo particular, por lo que hay mucha diversidad, arreglos nuevos y coreograf\u00edas, eso va a suceder en el Lunario y a partir de ese d\u00eda en otros escenarios\u201d.<\/p>\n<p>Se describen como \u201cuna banda de covers, pero con un sello propio, somos muchos en el escenario y cada quien aporta algo distinto, pues somos tambi\u00e9n de diferentes culturas. Por ejemplo, hay gente de Argentina, Venezuela, Panam\u00e1 y por supuesto de M\u00e9xico, lo cual nos da diferentes influencias que nutren este espect\u00e1culo, es donde radica la diferencia entre ser una banda de covers que imita y toca los temas tal cual el artista original y Kapsula, que le imprime su estilo a los \u00e9xitos conocidos por todos desde la d\u00e9cada de los setentas, hasta lo actual\u201d. Aclaran en tanto que \u201cdesde el principio decidimos no casarnos con ning\u00fan g\u00e9nero en particular, siempre hemos querido abarcar lo m\u00e1s posible, cantar lo que nos gusta y hacer nada sin que nos obliguen, todo lo llevamos a nuestro estilo\u201d.<\/p>\n<p>Del espect\u00e1culo en vivo refieren: \u201cTenemos varios medleys, donde incluimos hits de cada \u00e9poca, el show se llena de muchas cosas y cada integrante tiene su momento, su onda, para que luego entremos todos de lleno, incluso la gente se sorprende mucho, no saben si gritar o bailar. Kapsula es una banda de diversi\u00f3n, queremos que la gente conecte con cada una de nuestras personalidades y que tengan un show lleno de baile, coreograf\u00edas, muy buenas voces, excelentes m\u00fasicos, luces y pantallas. La idea es que cuando nos vayan a ver se olviden de todo lo malo\u201d.<\/p>\n<p>En tanto, aseguran que su intenci\u00f3n es probar tambi\u00e9n con alg\u00fan tema in\u00e9dito. \u201cYa est\u00e1 en producci\u00f3n, lo estamos cocinando apenas, tiene participaci\u00f3n de todos. Pero finalmente la idea no es migrar a s\u00f3lo temas in\u00e9ditos, estamos haciendo uno, porque surgi\u00f3 de manera natural, como una necesidad de transmitir lo que somos como grupo, una gran fiesta. Estaremos metiendo la canci\u00f3n en nuestros shows, porque finalmente nuestro fuerte es en vivo, no queremos sacar un disco ni hacernos famosos con ello, queremos seguir haciendo muchos shows\u201d.<\/p>\n","protected":false},"excerpt":{"rendered":"<p>Kapsula se form\u00f3 hace varios a\u00f1os como un proyecto, pues el principal objetivo era fusionar talentos vocales, diferentes g\u00e9neros y gustos musicales en un show, donde su p\u00fablico viva una experiencia fuera de lo normal. <\/p>\n","protected":false},"author":5,"featured_media":377598,"comment_status":"open","ping_status":"open","sticky":false,"template":"","format":"standard","meta":{"_monsterinsights_skip_tracking":false,"_monsterinsights_sitenote_active":false,"_monsterinsights_sitenote_note":"","_monsterinsights_sitenote_category":0,"footnotes":""},"categories":[12],"tags":[43682,73999,74000,8017,74001,74003,74002,66658],"class_list":["post-377596","post","type-post","status-publish","format-standard","has-post-thumbnail","hentry","category-espectaculos","tag-espectaculos","tag-kapsula","tag-la-experiencia-musical-a-traves-del-tiempo","tag-lunario-del-auditorio-nacional","tag-rodrigo","tag-stephania-y-valentino","tag-stephie","tag-sylvia"],"_links":{"self":[{"href":"https:\/\/www.diarioimagen.net\/index.php?rest_route=\/wp\/v2\/posts\/377596","targetHints":{"allow":["GET"]}}],"collection":[{"href":"https:\/\/www.diarioimagen.net\/index.php?rest_route=\/wp\/v2\/posts"}],"about":[{"href":"https:\/\/www.diarioimagen.net\/index.php?rest_route=\/wp\/v2\/types\/post"}],"author":[{"embeddable":true,"href":"https:\/\/www.diarioimagen.net\/index.php?rest_route=\/wp\/v2\/users\/5"}],"replies":[{"embeddable":true,"href":"https:\/\/www.diarioimagen.net\/index.php?rest_route=%2Fwp%2Fv2%2Fcomments&post=377596"}],"version-history":[{"count":0,"href":"https:\/\/www.diarioimagen.net\/index.php?rest_route=\/wp\/v2\/posts\/377596\/revisions"}],"wp:featuredmedia":[{"embeddable":true,"href":"https:\/\/www.diarioimagen.net\/index.php?rest_route=\/wp\/v2\/media\/377598"}],"wp:attachment":[{"href":"https:\/\/www.diarioimagen.net\/index.php?rest_route=%2Fwp%2Fv2%2Fmedia&parent=377596"}],"wp:term":[{"taxonomy":"category","embeddable":true,"href":"https:\/\/www.diarioimagen.net\/index.php?rest_route=%2Fwp%2Fv2%2Fcategories&post=377596"},{"taxonomy":"post_tag","embeddable":true,"href":"https:\/\/www.diarioimagen.net\/index.php?rest_route=%2Fwp%2Fv2%2Ftags&post=377596"}],"curies":[{"name":"wp","href":"https:\/\/api.w.org\/{rel}","templated":true}]}}