{"id":377617,"date":"2018-05-24T00:05:36","date_gmt":"2018-05-24T05:05:36","guid":{"rendered":"http:\/\/www.diarioimagen.net\/?p=377617"},"modified":"2018-05-24T00:23:02","modified_gmt":"2018-05-24T05:23:02","slug":"ciro-y-los-persas-llegan-por-primera-vez-a-mexico","status":"publish","type":"post","link":"https:\/\/www.diarioimagen.net\/?p=377617","title":{"rendered":"Ciro y Los Persas llegan por primera vez a M\u00e9xico"},"content":{"rendered":"<ul>\n<li><em><strong>Ofrecer\u00e1n un concierto el 7 de junio en Carpa Astros y el 9 del mismo mes en el Cosqu\u00edn Rock de Guadalajara<\/strong><\/em><\/li>\n<\/ul>\n<p>&nbsp;<\/p>\n<div id=\"attachment_377618\" style=\"width: 470px\" class=\"wp-caption aligncenter\"><img loading=\"lazy\" decoding=\"async\" aria-describedby=\"caption-attachment-377618\" class=\"size-large wp-image-377618\" src=\"http:\/\/www.diarioimagen.net\/wp-content\/uploads\/2018\/05\/CIRO-PORTAL-460x268.jpg\" alt=\"\" width=\"460\" height=\"268\" srcset=\"https:\/\/www.diarioimagen.net\/wp-content\/uploads\/2018\/05\/CIRO-PORTAL-460x268.jpg 460w, https:\/\/www.diarioimagen.net\/wp-content\/uploads\/2018\/05\/CIRO-PORTAL-240x140.jpg 240w, https:\/\/www.diarioimagen.net\/wp-content\/uploads\/2018\/05\/CIRO-PORTAL.jpg 480w\" sizes=\"auto, (max-width: 460px) 100vw, 460px\" \/><p id=\"caption-attachment-377618\" class=\"wp-caption-text\">A principios de a\u00f1o, Ciro particip\u00f3 como invitado de Los Pericos en la decimonovena edici\u00f3n del festival Vive Latino.<\/p><\/div>\n<p>&nbsp;<\/p>\n<p>Mientras se espera por su llegada a M\u00e9xico,\u00a0Ciro y Los Persas anunciaron su m\u00e1s grande concierto. Luego de llenar en dos ocasiones el estadio de Ferro y un V\u00e9lez, donde presentaron la primera parte de su disco \u201cNaranja persa\u201d ante m\u00e1s de 40 mil personas.<\/p>\n<p>El pasado 15 de diciembre tocaron en el estadio River Plate de Buenos Aires. Con capacidad para 65 mil personas, es el escenario en el cual Los Piojos se consagraron, llen\u00e1ndolo en cinco oportunidades, que ahora recibir\u00e1 a Ciro como solista, transform\u00e1ndose as\u00ed en el primer artista argentino en tocar all\u00ed con dos proyectos distintos. Continuando con su desarrollo internacional, anunciaron sus primeros dos conciertos en M\u00e9xico.\u00a0El 7 de junio estar\u00e1n en la Carpa Astros de la Ciudad de M\u00e9xico y el 9 en el Cosqu\u00edn Rock de Guadalajara.\u00a0Pr\u00f3ximamente anunciar\u00e1n m\u00e1s conciertos en Latinoam\u00e9rica y en todo el territorio argentino.<\/p>\n<p>A principios de a\u00f1o,\u00a0Ciro\u00a0particip\u00f3 como invitado de Los Pericos en la decimonovena edici\u00f3n del festival Vive Latino. En esa ocasi\u00f3n interpret\u00f3 \u201cCasi nunca lo ves\u201d, canci\u00f3n que qued\u00f3 registrada por ambos artistas en el disco \u201c3000 Vivos\u201d de Los Pericos, grabado en directo en Ciudad de M\u00e9xico.<\/p>\n","protected":false},"excerpt":{"rendered":"<p>Mientras se espera por su llegada a M\u00e9xico,\u00a0Ciro y Los Persas anunciaron su m\u00e1s grande concierto. Luego de llenar en dos ocasiones el estadio de Ferro y un V\u00e9lez, donde presentaron la primera parte de su disco \u201cNaranja persa\u201d ante m\u00e1s de 40 mil personas.\u00a0<\/p>\n","protected":false},"author":5,"featured_media":377618,"comment_status":"open","ping_status":"open","sticky":false,"template":"","format":"standard","meta":{"_monsterinsights_skip_tracking":false,"_monsterinsights_sitenote_active":false,"_monsterinsights_sitenote_note":"","_monsterinsights_sitenote_category":0,"footnotes":""},"categories":[12],"tags":[19149,74020,74022,43682,74021],"class_list":["post-377617","post","type-post","status-publish","format-standard","has-post-thumbnail","hentry","category-espectaculos","tag-carpa-astros","tag-ciro","tag-cosquin-rock-de-guadalajara","tag-espectaculos","tag-los-persas"],"_links":{"self":[{"href":"https:\/\/www.diarioimagen.net\/index.php?rest_route=\/wp\/v2\/posts\/377617","targetHints":{"allow":["GET"]}}],"collection":[{"href":"https:\/\/www.diarioimagen.net\/index.php?rest_route=\/wp\/v2\/posts"}],"about":[{"href":"https:\/\/www.diarioimagen.net\/index.php?rest_route=\/wp\/v2\/types\/post"}],"author":[{"embeddable":true,"href":"https:\/\/www.diarioimagen.net\/index.php?rest_route=\/wp\/v2\/users\/5"}],"replies":[{"embeddable":true,"href":"https:\/\/www.diarioimagen.net\/index.php?rest_route=%2Fwp%2Fv2%2Fcomments&post=377617"}],"version-history":[{"count":0,"href":"https:\/\/www.diarioimagen.net\/index.php?rest_route=\/wp\/v2\/posts\/377617\/revisions"}],"wp:featuredmedia":[{"embeddable":true,"href":"https:\/\/www.diarioimagen.net\/index.php?rest_route=\/wp\/v2\/media\/377618"}],"wp:attachment":[{"href":"https:\/\/www.diarioimagen.net\/index.php?rest_route=%2Fwp%2Fv2%2Fmedia&parent=377617"}],"wp:term":[{"taxonomy":"category","embeddable":true,"href":"https:\/\/www.diarioimagen.net\/index.php?rest_route=%2Fwp%2Fv2%2Fcategories&post=377617"},{"taxonomy":"post_tag","embeddable":true,"href":"https:\/\/www.diarioimagen.net\/index.php?rest_route=%2Fwp%2Fv2%2Ftags&post=377617"}],"curies":[{"name":"wp","href":"https:\/\/api.w.org\/{rel}","templated":true}]}}