{"id":377626,"date":"2018-05-24T00:11:03","date_gmt":"2018-05-24T05:11:03","guid":{"rendered":"http:\/\/www.diarioimagen.net\/?p=377626"},"modified":"2018-05-24T03:43:47","modified_gmt":"2018-05-24T08:43:47","slug":"anaya-cortes-pide-no-acostumbrarse-a-la-violencia","status":"publish","type":"post","link":"https:\/\/www.diarioimagen.net\/?p=377626","title":{"rendered":"Anaya Cort\u00e9s pide no acostumbrarse a la violencia"},"content":{"rendered":"<ul>\n<li><strong><em>\u201cSus niveles son ya insostenibles\u201d<\/em><\/strong><\/li>\n<\/ul>\n<p>&nbsp;<\/p>\n<div id=\"attachment_377718\" style=\"width: 470px\" class=\"wp-caption aligncenter\"><a href=\"http:\/\/www.diarioimagen.net\/?attachment_id=377718\" rel=\"attachment wp-att-377718\"><img loading=\"lazy\" decoding=\"async\" aria-describedby=\"caption-attachment-377718\" class=\"size-large wp-image-377718\" src=\"http:\/\/www.diarioimagen.net\/wp-content\/uploads\/2018\/05\/anaya-3374-460x259.jpg\" alt=\"\" width=\"460\" height=\"259\" srcset=\"https:\/\/www.diarioimagen.net\/wp-content\/uploads\/2018\/05\/anaya-3374-460x259.jpg 460w, https:\/\/www.diarioimagen.net\/wp-content\/uploads\/2018\/05\/anaya-3374-240x135.jpg 240w, https:\/\/www.diarioimagen.net\/wp-content\/uploads\/2018\/05\/anaya-3374-235x132.jpg 235w, https:\/\/www.diarioimagen.net\/wp-content\/uploads\/2018\/05\/anaya-3374-202x114.jpg 202w, https:\/\/www.diarioimagen.net\/wp-content\/uploads\/2018\/05\/anaya-3374-350x196.jpg 350w, https:\/\/www.diarioimagen.net\/wp-content\/uploads\/2018\/05\/anaya-3374-220x123.jpg 220w, https:\/\/www.diarioimagen.net\/wp-content\/uploads\/2018\/05\/anaya-3374-237x132.jpg 237w, https:\/\/www.diarioimagen.net\/wp-content\/uploads\/2018\/05\/anaya-3374.jpg 480w\" sizes=\"auto, (max-width: 460px) 100vw, 460px\" \/><\/a><p id=\"caption-attachment-377718\" class=\"wp-caption-text\">El candidato panista, Ricardo Anaya, pidi\u00f3 a la sociedad \u201cno acostumbrarse\u201d a la violencia.<\/p><\/div>\n<p>&nbsp;<\/p>\n<p>Ricardo Anaya Cort\u00e9s, candidato a la Presidencia de la Rep\u00fablica por la coalici\u00f3n Por M\u00e9xico al Frente, pidi\u00f3 a la sociedad \u201cno acostumbrarse\u201d a la violencia, luego de la jornada sangrienta que vivi\u00f3 Jalisco esta semana, con un saldo de tres muertos, entre ellas un beb\u00e9 de 8 meses y varios heridos.<\/p>\n<p>El abanderado del PAN asegur\u00f3 que de ganar las elecciones, los resultados en materia de seguridad se ver\u00e1n desde los primeros d\u00edas, pero llevar\u00e1 todo el sexenio regresar a los niveles de 2008.<\/p>\n<p>\u201cVa a ser un esfuerzo de largo trayecto, vamos a tener que trabajar durante todo el sexenio de manera intensa para recuperar la paz y la tranquilidad en todo el territorio nacional. S\u00ed es posible recuperar la paz y estoy convencido de que lo vamos a lograr\u201d. Previo a un encuentro con l\u00edderes locales en Jalisco, Ricardo Anaya dijo que se tiene que alcanzar la paz y que s\u00f3lo con alternancia se alcanzar\u00e1n objetivos en materia de seguridad.<\/p>\n<p>\u201cEs un problema muy profundo que nosotros vamos a atender desde el primer minuto del gobierno, ser\u00e1 nuestra m\u00e1xima prioridad. La meta que hemos planteado es que necesitamos regresar a los indicadores que ten\u00edamos hace 10 a\u00f1os. En 2008 aproximadamente, en donde los niveles de violencia ser\u00e1n la mitad de lo que tenemos ahora, esa es la primera meta que tenemos que alcanzar\u201d, destac\u00f3.<\/p>\n<p>Sobre los actos de violencia que se vivieron en las \u00faltimas horas en Jalisco, Anaya lanz\u00f3 un \u201cya basta\u201d y dijo que no va a politizar lo que ha pasado en la entidad.<\/p>\n<p>Anaya Cort\u00e9s se refiri\u00f3 a la muerte de un beb\u00e9 de ocho meses que muri\u00f3 luego de que el autob\u00fas en el que viajaba fue incendiado tras el atentado al ex fiscal general del estado, Luis N\u00e1jera.<\/p>\n<p>\u201cS\u00ed quiero expresar mi m\u00e1s sincera solidaridad con su familia y por supuesto mi absoluto repudio hacia esto que est\u00e1 ocurriendo.<\/p>\n<p>Durante la reuni\u00f3n con los l\u00edderes estatales, Anaya expuso su propuesta de gobierno y destac\u00f3 que cuando un pa\u00eds rebasa los \u00edndices de homicidios por cada cien mil habitantes, la violencia se empieza a comportar como una epidemia.<\/p>\n<p>\u201cTenemos que atender las causas m\u00e1s profundas de la violencia, hacer ejercicios serios de inteligencia para desmantelar a las organizaciones criminales, crear la Secretar\u00eda de Seguridad Ciudadana, y duplicar el tama\u00f1o de la Polic\u00eda Federal para apoyar de mejor manera a las entidades federativas\u201d, concluy\u00f3.<\/p>\n<p>As\u00ed como profesionalizar y certificar a todas las polic\u00edas del pa\u00eds y \u201cevitar que lleguen las armas a los delincuentes, ya que cada a\u00f1o entran de Estados Unidos a M\u00e9xico m\u00e1s de 200 mil armas de manera ilegal\u201d.<\/p>\n<p>Prometi\u00f3 certificar a las polic\u00edas, \u201cpero en tanto lo logramos nos seguiremos apoyando del Ej\u00e9rcito y de la Marina, hasta en tanto no contemos con polic\u00edas confiables, bien preparados, capaces, que realmente est\u00e9n del lado de la gente\u201d.<\/p>\n<p>\u201cEl objetivo central es recuperar la paz en nuestro pa\u00eds, para que las familias en M\u00e9xico y en Jalisco vivan tranquilas y en paz\u201d, concluy\u00f3.<\/p>\n","protected":false},"excerpt":{"rendered":"<p>Ricardo Anaya Cort\u00e9s, candidato a la Presidencia de la Rep\u00fablica por la coalici\u00f3n Por M\u00e9xico al Frente, pidi\u00f3 a la sociedad \u201cno acostumbrarse\u201d a la violencia, luego de la jornada sangrienta que vivi\u00f3 Jalisco esta semana, con un saldo de tres muertos, entre ellas un beb\u00e9 de 8 meses y varios heridos.<\/p>\n","protected":false},"author":3,"featured_media":377718,"comment_status":"open","ping_status":"open","sticky":false,"template":"","format":"standard","meta":{"_monsterinsights_skip_tracking":false,"_monsterinsights_sitenote_active":false,"_monsterinsights_sitenote_note":"","_monsterinsights_sitenote_category":0,"footnotes":""},"categories":[3],"tags":[43673,7347,5066],"class_list":["post-377626","post","type-post","status-publish","format-standard","has-post-thumbnail","hentry","category-nacional","tag-nacional","tag-ricardo-anaya-cortes","tag-violencia"],"_links":{"self":[{"href":"https:\/\/www.diarioimagen.net\/index.php?rest_route=\/wp\/v2\/posts\/377626","targetHints":{"allow":["GET"]}}],"collection":[{"href":"https:\/\/www.diarioimagen.net\/index.php?rest_route=\/wp\/v2\/posts"}],"about":[{"href":"https:\/\/www.diarioimagen.net\/index.php?rest_route=\/wp\/v2\/types\/post"}],"author":[{"embeddable":true,"href":"https:\/\/www.diarioimagen.net\/index.php?rest_route=\/wp\/v2\/users\/3"}],"replies":[{"embeddable":true,"href":"https:\/\/www.diarioimagen.net\/index.php?rest_route=%2Fwp%2Fv2%2Fcomments&post=377626"}],"version-history":[{"count":0,"href":"https:\/\/www.diarioimagen.net\/index.php?rest_route=\/wp\/v2\/posts\/377626\/revisions"}],"wp:featuredmedia":[{"embeddable":true,"href":"https:\/\/www.diarioimagen.net\/index.php?rest_route=\/wp\/v2\/media\/377718"}],"wp:attachment":[{"href":"https:\/\/www.diarioimagen.net\/index.php?rest_route=%2Fwp%2Fv2%2Fmedia&parent=377626"}],"wp:term":[{"taxonomy":"category","embeddable":true,"href":"https:\/\/www.diarioimagen.net\/index.php?rest_route=%2Fwp%2Fv2%2Fcategories&post=377626"},{"taxonomy":"post_tag","embeddable":true,"href":"https:\/\/www.diarioimagen.net\/index.php?rest_route=%2Fwp%2Fv2%2Ftags&post=377626"}],"curies":[{"name":"wp","href":"https:\/\/api.w.org\/{rel}","templated":true}]}}