{"id":377632,"date":"2018-05-24T00:09:31","date_gmt":"2018-05-24T05:09:31","guid":{"rendered":"http:\/\/www.diarioimagen.net\/?p=377632"},"modified":"2018-05-24T03:50:15","modified_gmt":"2018-05-24T08:50:15","slug":"falta-colaboracion-ciudadanos-gobierno-el-bronco","status":"publish","type":"post","link":"https:\/\/www.diarioimagen.net\/?p=377632","title":{"rendered":"Falta colaboraci\u00f3n ciudadanos-gobierno: \u201cEl Bronco\u201d"},"content":{"rendered":"<ul>\n<li><strong><em>Vital para cambiar M\u00e9xico<\/em><\/strong><\/li>\n<\/ul>\n<p>&nbsp;<\/p>\n<div id=\"attachment_377724\" style=\"width: 470px\" class=\"wp-caption aligncenter\"><a href=\"http:\/\/www.diarioimagen.net\/?attachment_id=377724\" rel=\"attachment wp-att-377724\"><img loading=\"lazy\" decoding=\"async\" aria-describedby=\"caption-attachment-377724\" class=\"size-large wp-image-377724\" src=\"http:\/\/www.diarioimagen.net\/wp-content\/uploads\/2018\/05\/BRONCO-3374-460x259.jpg\" alt=\"\" width=\"460\" height=\"259\" srcset=\"https:\/\/www.diarioimagen.net\/wp-content\/uploads\/2018\/05\/BRONCO-3374-460x259.jpg 460w, https:\/\/www.diarioimagen.net\/wp-content\/uploads\/2018\/05\/BRONCO-3374-240x135.jpg 240w, https:\/\/www.diarioimagen.net\/wp-content\/uploads\/2018\/05\/BRONCO-3374-235x132.jpg 235w, https:\/\/www.diarioimagen.net\/wp-content\/uploads\/2018\/05\/BRONCO-3374-202x114.jpg 202w, https:\/\/www.diarioimagen.net\/wp-content\/uploads\/2018\/05\/BRONCO-3374-350x196.jpg 350w, https:\/\/www.diarioimagen.net\/wp-content\/uploads\/2018\/05\/BRONCO-3374-220x123.jpg 220w, https:\/\/www.diarioimagen.net\/wp-content\/uploads\/2018\/05\/BRONCO-3374-237x132.jpg 237w, https:\/\/www.diarioimagen.net\/wp-content\/uploads\/2018\/05\/BRONCO-3374.jpg 480w\" sizes=\"auto, (max-width: 460px) 100vw, 460px\" \/><\/a><p id=\"caption-attachment-377724\" class=\"wp-caption-text\">Jaime Rodr\u00edguez plante\u00f3 que de ganar los comicios, los trabajadores que ganen menos de 10 mil 500 pesos no pagar\u00e1n impuestos.<\/p><\/div>\n<p>&nbsp;<\/p>\n<p>El candidato independiente a la Presidencia de la Rep\u00fablica, Jaime Rodr\u00edguez, plante\u00f3 que de ganar los comicios, las personas que ganen menos de 10 mil 500 pesos no pagar\u00e1n impuestos, lo que generar\u00e1 que las familias mexicanas tengan m\u00e1s recursos.<\/p>\n<p>En el marco de la Plenaria de Presidentes de la Confederaci\u00f3n de C\u00e1maras Nacionales de Comercio, Servicios y Turismo, adelant\u00f3 que su eventual gabinete estar\u00eda conformado por quienes han tenido que pagar impuestos y saben el esfuerzo que se requiere para ganarse la vida.<\/p>\n<p>En el evento, \u201cEl Bronco\u201d consider\u00f3 que los ciudadanos y el gobernador deben trabajar en conjunto para transformar al pa\u00eds, y asegur\u00f3 que se requiere un gobierno elegido y dirigido por ciudadanos, pues, opin\u00f3, ning\u00fan partido pol\u00edtico es la soluci\u00f3n a los problemas de M\u00e9xico.<\/p>\n<p>\u201cNecesitamos que todo mundo cambie su actitud, no habr\u00e1 otra oportunidad m\u00e1s grandiosa que \u00e9sta para sacar a los partidos pol\u00edticos de M\u00e9xico\u201d, subray\u00f3.<\/p>\n<p>El aspirante sin partido destac\u00f3 que en Nuevo Le\u00f3n se construye el primer hospital geri\u00e1trico en el pa\u00eds y asever\u00f3 que en esta entidad se ha vencido a la pobreza y se tiene un fiscal aut\u00f3nomo, por lo cual sostuvo que \u201cM\u00e9xico debe abrir los ojos como lo hizo Nuevo Le\u00f3n\u201d.<\/p>\n<p>En su cuenta de Twitter @JaimeRdzNL, asegur\u00f3 que ser\u00eda un presidente itinerante, por lo que vivir\u00e1 en los estados con mayores problemas, como Oaxaca para hablar con los maestros y Tamaulipas, a fin de disminuir la violencia.<\/p>\n<p>Tambi\u00e9n manifest\u00f3 su desacuerdo con el aspirante presidencial de la coalici\u00f3n Juntos Haremos Historia, Andr\u00e9s Manuel L\u00f3pez Obrador, de querer repartir los recursos de los mexicanos.<\/p>\n<p>\u201cNo estoy de acuerdo con que @LopezObrador_ quiera repartir el dinero tuyo y m\u00edo. Es una injusticia para el pueblo trabajador que paga impuestos\u201d, dijo Rodr\u00edguez Calder\u00f3n.<\/p>\n","protected":false},"excerpt":{"rendered":"<p> El candidato independiente a la Presidencia de la Rep\u00fablica, Jaime Rodr\u00edguez, plante\u00f3 que de ganar los comicios, las personas que ganen menos de 10 mil 500 pesos no pagar\u00e1n impuestos, lo que generar\u00e1 que las familias mexicanas tengan m\u00e1s recursos.<\/p>\n","protected":false},"author":3,"featured_media":377724,"comment_status":"open","ping_status":"open","sticky":false,"template":"","format":"standard","meta":{"_monsterinsights_skip_tracking":false,"_monsterinsights_sitenote_active":false,"_monsterinsights_sitenote_note":"","_monsterinsights_sitenote_category":0,"footnotes":""},"categories":[3],"tags":[7196,69284,43673],"class_list":["post-377632","post","type-post","status-publish","format-standard","has-post-thumbnail","hentry","category-nacional","tag-gobierno","tag-jaime-rodriguez-calderon","tag-nacional"],"_links":{"self":[{"href":"https:\/\/www.diarioimagen.net\/index.php?rest_route=\/wp\/v2\/posts\/377632","targetHints":{"allow":["GET"]}}],"collection":[{"href":"https:\/\/www.diarioimagen.net\/index.php?rest_route=\/wp\/v2\/posts"}],"about":[{"href":"https:\/\/www.diarioimagen.net\/index.php?rest_route=\/wp\/v2\/types\/post"}],"author":[{"embeddable":true,"href":"https:\/\/www.diarioimagen.net\/index.php?rest_route=\/wp\/v2\/users\/3"}],"replies":[{"embeddable":true,"href":"https:\/\/www.diarioimagen.net\/index.php?rest_route=%2Fwp%2Fv2%2Fcomments&post=377632"}],"version-history":[{"count":0,"href":"https:\/\/www.diarioimagen.net\/index.php?rest_route=\/wp\/v2\/posts\/377632\/revisions"}],"wp:featuredmedia":[{"embeddable":true,"href":"https:\/\/www.diarioimagen.net\/index.php?rest_route=\/wp\/v2\/media\/377724"}],"wp:attachment":[{"href":"https:\/\/www.diarioimagen.net\/index.php?rest_route=%2Fwp%2Fv2%2Fmedia&parent=377632"}],"wp:term":[{"taxonomy":"category","embeddable":true,"href":"https:\/\/www.diarioimagen.net\/index.php?rest_route=%2Fwp%2Fv2%2Fcategories&post=377632"},{"taxonomy":"post_tag","embeddable":true,"href":"https:\/\/www.diarioimagen.net\/index.php?rest_route=%2Fwp%2Fv2%2Ftags&post=377632"}],"curies":[{"name":"wp","href":"https:\/\/api.w.org\/{rel}","templated":true}]}}