{"id":377653,"date":"2018-05-24T00:14:13","date_gmt":"2018-05-24T05:14:13","guid":{"rendered":"http:\/\/www.diarioimagen.net\/?p=377653"},"modified":"2018-05-24T04:19:36","modified_gmt":"2018-05-24T09:19:36","slug":"buscan-a-el-bukanans-por-robo-a-trenes-en-2-estados","status":"publish","type":"post","link":"https:\/\/www.diarioimagen.net\/?p=377653","title":{"rendered":"Buscan a <em>El Bukanans<\/em> por robo a trenes en 2 estados"},"content":{"rendered":"<ul>\n<li><em><strong>Elevan recompensa a 5 mdp<\/strong><\/em><\/li>\n<li><em><strong>Mayor presencia de la Gendarmer\u00eda en zona de atracos<\/strong><\/em><\/li>\n<\/ul>\n<p>&nbsp;<\/p>\n<div id=\"attachment_377757\" style=\"width: 470px\" class=\"wp-caption aligncenter\"><a href=\"http:\/\/www.diarioimagen.net\/?attachment_id=377757\" rel=\"attachment wp-att-377757\"><img loading=\"lazy\" decoding=\"async\" aria-describedby=\"caption-attachment-377757\" class=\"size-large wp-image-377757\" src=\"http:\/\/www.diarioimagen.net\/wp-content\/uploads\/2018\/05\/BUKANAS-3374-460x327.jpg\" alt=\"\" width=\"460\" height=\"327\" srcset=\"https:\/\/www.diarioimagen.net\/wp-content\/uploads\/2018\/05\/BUKANAS-3374-460x327.jpg 460w, https:\/\/www.diarioimagen.net\/wp-content\/uploads\/2018\/05\/BUKANAS-3374-240x170.jpg 240w, https:\/\/www.diarioimagen.net\/wp-content\/uploads\/2018\/05\/BUKANAS-3374-90x65.jpg 90w, https:\/\/www.diarioimagen.net\/wp-content\/uploads\/2018\/05\/BUKANAS-3374.jpg 656w\" sizes=\"auto, (max-width: 460px) 100vw, 460px\" \/><\/a><p id=\"caption-attachment-377757\" class=\"wp-caption-text\">Elevan a 5 millones de pesos la recompensa para quien d\u00e9 informaci\u00f3n de Roberto de los Santos, \u201cEl Bukanans\u201d, l\u00edder de los huachicoleros.<\/p><\/div>\n<p>&nbsp;<\/p>\n<p>La Polic\u00eda Federal y el gobierno de Veracruz van por Roberto de los Santos de Jes\u00fas, \u201cEl Bukanans\u201d, uno de los dos l\u00edderes criminales, a los que se responsabiliza de la ola de robos y vandalismo a los trenes de carga entre los l\u00edmites de Puebla y Veracruz.<\/p>\n<p>El comisionado general de la corporaci\u00f3n, Manelich Castilla Craviotto, anunci\u00f3 que se reforzar\u00e1 la presencia de la Gendarmer\u00eda en esa zona, entre el municipio de Orizaba y Puebla, para\u00a0 evitar el robo de mercanc\u00eda a los vagones.<\/p>\n<p>Tras reunirse en Xalapa con el gobernador de Veracruz, Miguel \u00c1ngel Yunes Linares, autoridades federales y locales y con representantes de las empresas Ferromex y Ferrosur,\u00a0 el mando de la corporaci\u00f3n anunci\u00f3 que en los pr\u00f3ximos d\u00edas arribar\u00e1n los elementos a la zona, con personal especializado en la atenci\u00f3n de ciclos productivos.<\/p>\n<p>\u201cSe va a dar el reforzamiento con la presencia del personal de Gendarmer\u00eda, con personal especializado en la atenci\u00f3n de ciclos productivos, un grupo especializado en este tipo de delitos que estar\u00e1 llegando en los pr\u00f3ximos d\u00edas para reforzar esta misi\u00f3n y se\u00f1alar que, como en otras latitudes, s\u00f3lo por la v\u00eda interinstitucional y con apoyo de la sociedad hemos salido adelante y estamos seguros que en Veracruz as\u00ed ser\u00e1\u201d.<\/p>\n<p>Adem\u00e1s, Castilla Craviotto dijo que se reforzar\u00e1n tambi\u00e9n las tareas de inteligencia para localizar a \u201cEl Bukanas\u201d y al otro l\u00edder criminal.<\/p>\n<p>Cabe recordar que el gobierno de Puebla increment\u00f3 la recompensa a cinco millones de pesos, para quien aporte informaci\u00f3n que lleve a la captura de \u201cEl Bukanans\u201d.<\/p>\n<p>En tanto, el mandatario de Veracruz, Miguel \u00c1ngel Yunes, precis\u00f3 que la Gendarmer\u00eda tendr\u00e1 presencia entre Orizaba y en los l\u00edmites con Puebla, que es la zona de mayor incidencia de robos al ferrocarril.<\/p>\n<p>Dijo que recibi\u00f3 comunicaci\u00f3n del presidente, Enrique Pe\u00f1a Nieto, quien le ofreci\u00f3 el respaldo del gobierno de la Rep\u00fablica para atender un tema de orden regional y generar las condiciones que permitan el libre paso de los trenes de carga por la entidad y con ello garantizar un motor importante de la econom\u00eda que moviliza una multiplicidad de productos, principalmente materias primas y granos.<\/p>\n<p>\u201cEl Estado mexicano, quero decir el Ej\u00e9rcito\u00a0 la Marina y la Polic\u00eda Federal, a trav\u00e9s de la Gendarmer\u00eda, junto a las fuerzas estatales, reforzar\u00e1n su presencia en la zona, particularmente entre Orizaba y en los l\u00edmites con Puebla, que es la zona de mayor incidencia de robos al ferrocarril\u201d.<\/p>\n","protected":false},"excerpt":{"rendered":"<p>La Polic\u00eda Federal y el gobierno de Veracruz van por Roberto de los Santos de Jes\u00fas, \u201cEl Bukanans\u201d, uno de los dos l\u00edderes criminales, a los que se responsabiliza de la ola de robos y vandalismo a los trenes de carga entre los l\u00edmites de Puebla y Veracruz.<\/p>\n","protected":false},"author":3,"featured_media":377757,"comment_status":"open","ping_status":"open","sticky":false,"template":"","format":"standard","meta":{"_monsterinsights_skip_tracking":false,"_monsterinsights_sitenote_active":false,"_monsterinsights_sitenote_note":"","_monsterinsights_sitenote_category":0,"footnotes":""},"categories":[7],"tags":[74032,27322,13955,43677],"class_list":["post-377653","post","type-post","status-publish","format-standard","has-post-thumbnail","hentry","category-seguridad","tag-el-bukanans","tag-recompensa","tag-robo","tag-seguridad"],"_links":{"self":[{"href":"https:\/\/www.diarioimagen.net\/index.php?rest_route=\/wp\/v2\/posts\/377653","targetHints":{"allow":["GET"]}}],"collection":[{"href":"https:\/\/www.diarioimagen.net\/index.php?rest_route=\/wp\/v2\/posts"}],"about":[{"href":"https:\/\/www.diarioimagen.net\/index.php?rest_route=\/wp\/v2\/types\/post"}],"author":[{"embeddable":true,"href":"https:\/\/www.diarioimagen.net\/index.php?rest_route=\/wp\/v2\/users\/3"}],"replies":[{"embeddable":true,"href":"https:\/\/www.diarioimagen.net\/index.php?rest_route=%2Fwp%2Fv2%2Fcomments&post=377653"}],"version-history":[{"count":0,"href":"https:\/\/www.diarioimagen.net\/index.php?rest_route=\/wp\/v2\/posts\/377653\/revisions"}],"wp:featuredmedia":[{"embeddable":true,"href":"https:\/\/www.diarioimagen.net\/index.php?rest_route=\/wp\/v2\/media\/377757"}],"wp:attachment":[{"href":"https:\/\/www.diarioimagen.net\/index.php?rest_route=%2Fwp%2Fv2%2Fmedia&parent=377653"}],"wp:term":[{"taxonomy":"category","embeddable":true,"href":"https:\/\/www.diarioimagen.net\/index.php?rest_route=%2Fwp%2Fv2%2Fcategories&post=377653"},{"taxonomy":"post_tag","embeddable":true,"href":"https:\/\/www.diarioimagen.net\/index.php?rest_route=%2Fwp%2Fv2%2Ftags&post=377653"}],"curies":[{"name":"wp","href":"https:\/\/api.w.org\/{rel}","templated":true}]}}