{"id":377684,"date":"2018-05-24T00:00:10","date_gmt":"2018-05-24T05:00:10","guid":{"rendered":"http:\/\/www.diarioimagen.net\/?p=377684"},"modified":"2018-05-24T00:43:49","modified_gmt":"2018-05-24T05:43:49","slug":"por-que-nestora-quiere-fuero","status":"publish","type":"post","link":"https:\/\/www.diarioimagen.net\/?p=377684","title":{"rendered":"\u00bfPor qu\u00e9 Nestora quiere fuero?"},"content":{"rendered":"<h2>La Retaguardia<\/h2>\n<h5>Adriana Moreno Cordero<\/h5>\n<p>&nbsp;<\/p>\n<ul>\n<li><em><strong>Duarte la coloca como v\u00edctima<\/strong><\/em><\/li>\n<li><em><strong>Kybernus, con propuestas para candidatos presidenciales<\/strong><\/em><\/li>\n<\/ul>\n<p>&nbsp;<\/p>\n<p>Muy digno, eso s\u00ed, el representante de Morena ante el Instituto Nacional Electoral, <strong>Horacio Duarte<\/strong>, interpuso una queja en contra del candidato de la coalici\u00f3n, \u201cTodos por M\u00e9xico\u201d, <strong>Jos\u00e9 Antonio Meade<\/strong>, por los se\u00f1alamientos que \u00e9ste hiciera el d\u00eda del debate celebrado en Tijuana, en contra, ni m\u00e1s ni menos que de <strong>Nestora Salgado<\/strong>, quien aspira a llegar al Senado de la Rep\u00fablica, representando al partido de <strong>Andr\u00e9s Manuel L\u00f3pez Obrador<\/strong>.<\/p>\n<p>De acuerdo a diversos analistas, el experredista se \u201clanz\u00f3 hasta la cocina\u201d al solicitar al Instituto que encabeza <strong>Lorenzo C\u00f3rdova<\/strong>, atender su demanda bajo la \u00f3ptica del protocolo de violencia pol\u00edtica contra las mujeres, porque con sus dichos, se supone que Meade habr\u00eda ejercido violencia de g\u00e9nero.<\/p>\n<p>No son pocos los que consideran que lo que intenta Duarte, es \u201cvoltear la jugada\u201d para poner a la expolic\u00eda comunitaria de Guerrero que habr\u00eda ca\u00eddo en varias acciones cuestionables, por decir lo menos, en car\u00e1cter de v\u00edctima.<\/p>\n<p>La pregunta es entonces: \u00bfpor qu\u00e9 Nestora Salgado quiere con tanto af\u00e1n el fuero?<\/p>\n<p>Por lo pronto, Meade Kuribre\u00f1a, ya le hizo saber a la aspirante a la C\u00e1mara Alta que no le ofrecer\u00e1 disculpa p\u00fablica alguna. Adem\u00e1s, resulta curioso y significativo que en esa instancia legislativa, el senador petista <strong>Manuel Bartlett<\/strong>, de plano se haya \u201clavado las manos\u201d para decir que \u00e9l no tuvo nada que ver en la selecci\u00f3n de tan flamante candidata. De pasada, el poblano asegur\u00f3 que tampoco el due\u00f1o de Morena.<\/p>\n<p>Lo anterior no dej\u00f3 de sorprender a m\u00e1s de uno, ya que es bien sabido el tema de las \u201cencuestas-dedito\u201d que a lo largo y ancho del pa\u00eds realiz\u00f3 el tabasque\u00f1o para poner candidatos a modo y a su gusto, as\u00ed que las palabras de Bartlett, salen sobrando porque nadie se las puede creer.<\/p>\n<p>Por su parte, la senadora pri\u00edsta, <strong>Diva Gast\u00e9lum<\/strong> se\u00f1al\u00f3 que por lo menos en su partido, \u201cnunca vamos a estar a favor de los delincuentes\u201d y agreg\u00f3 algo muy interesante, que al parecer la \u201cv\u00edctima\u201d Salgado es extranjera, estadunidense, am\u00e9n de que presuntamente existe un procedimiento vivo en su contra que tiene nombre: \u201cEl Para\u00edso\u201d.<\/p>\n<p>De acuerdo a lo dicho por Gast\u00e9lum, en alg\u00fan momento, Nestora argument\u00f3 ser norteamericana,\u00a0lo que le impedir\u00eda participar en unas elecciones mexicanas.<\/p>\n<p>El coordinador de la bancada del PAN en la C\u00e1mara de Diputados, <strong>Marko Cort\u00e9s<\/strong>, tambi\u00e9n pidi\u00f3 que se le retire la candidatura de Morena a Salgado y de ah\u00ed, igualmente pidi\u00f3 que, de pasadita, se le retire la candidatura al ex l\u00edder minero, <strong>Napole\u00f3n G\u00f3mez Urrutia<\/strong>, un asunto que, por cierto, se hab\u00eda quedado medio dormido.<\/p>\n<p style=\"text-align: center;\"><strong>Municiones<\/strong><\/p>\n<p>*** El lunes 28 de mayo en el Front\u00f3n M\u00e9xico, j\u00f3venes l\u00edderes de todo el pa\u00eds que integran\u00a0<strong>Kybernus, <\/strong>programa de valor social de<strong> Grupo Salinas y <\/strong>en el marco del evento \u201cRecupera tu Futuro\u201d, una propuesta de la Juventud para M\u00e9xico\u201d,\u00a0sostendr\u00e1n un di\u00e1logo con los cuatro candidatos a la Presidencia de la Rep\u00fablica. \u00a0Con esta iniciativa, <strong>Grupo Salinas, <\/strong>a trav\u00e9s de Kybernus<strong>,<\/strong>\u00a0siempre en la b\u00fasqueda por establecer condiciones para que nuevos liderazgos desplieguen su talento e influencia, y qu\u00e9 mejor escenario que el actual proceso electoral, que representa una gran oportunidad para que los j\u00f3venes participen activamente en la construcci\u00f3n de tan importante agenda p\u00fablica nacional.<\/p>\n<p>\u201cRecupera tu futuro\u201d,\u00a0ha sido una gran propuesta c\u00edvica iniciada en febrero del 2017 y que ha realizado 42 reuniones en diferentes ciudades del pa\u00eds, con m\u00e1s de 3 mil participantes entre j\u00f3venes y actores comunitarios relevantes, y en las cuales se externaron mil 635 sugerencias de pol\u00edticas p\u00fablicas para los pr\u00f3ximos a\u00f1os, de ah\u00ed la importancia de la reuni\u00f3n con los candidatos presidenciales.<\/p>\n<p>*** Kybernus, se form\u00f3 y se consolid\u00f3 gracias a \u00a0<strong>Ricardo Salinas Pliego,\u00a0<\/strong> quien se\u00f1al\u00f3: <strong>\u201c<\/strong>no tenemos tiempo que perder, debemos inculcar en nuestros j\u00f3venes una cultura de respeto a la ley, de respeto al esfuerzo, de la b\u00fasqueda de innovaci\u00f3n, de independencia y debemos inculcarle a los j\u00f3venes la voluntad de tomar riesgos<strong>. <\/strong>Si queremos lograr una mejor sociedad para todos, estamos obligados a dejar un mejor pa\u00eds a nuestros hijos y un mejor planeta para las futuras generaciones\u201d.<\/p>\n<p>Kybernus naci\u00f3 en el 2011, con un car\u00e1cter apartidista, laico y no lucrativo. Est\u00e1 conformada por m\u00e1s de\u00a0dos mil <strong>\u00a0<\/strong>participantes en los \u00a032\u00a0estados de la Rep\u00fablica.<\/p>\n<p>*** Vale la pena destacar tambi\u00e9n que el a\u00f1o pasado,\u00a0<strong>Kybernus<\/strong>\u00a0convoc\u00f3 en\u00a036 ciudades del pa\u00eds\u00a0a j\u00f3venes y actores sociales, pol\u00edticos, acad\u00e9micos y empresariales para discutir y elaborar propuestas para construir entornos propicios para generar prosperidad incluyente, para lo cual, se llevaron a cabo\u00a0<strong>5\u00a0<\/strong>reuniones regionales , en las que participaron\u00a0mil <strong>500\u00a0<\/strong>j\u00f3venes y\u00a0 mil 400<strong>\u00a0<\/strong>actores de la sociedad, en las que salieron m\u00e1s de\u00a0mil 250 propuestas\u00a0de las cuales,\u00a0cincuenta propuestas\u00a0de pol\u00edticas p\u00fablicas ser\u00e1n presentadas a los cuatro candidatos presidenciales que asistir\u00e1n el pr\u00f3ximo lunes al foro.<\/p>\n<p><a href=\"mailto:morcora@gmail.com\" target=\"_blank\" rel=\"noopener\"><em>morcora@gmail.com<\/em><\/a><\/p>\n","protected":false},"excerpt":{"rendered":"<p><span style=\"color: #005497;\"><strong>Adriana Moreno Cordero<\/strong><\/span><\/p>\n","protected":false},"author":3,"featured_media":0,"comment_status":"open","ping_status":"open","sticky":false,"template":"","format":"standard","meta":{"_monsterinsights_skip_tracking":false,"_monsterinsights_sitenote_active":false,"_monsterinsights_sitenote_note":"","_monsterinsights_sitenote_category":0,"footnotes":""},"categories":[69370],"tags":[69369,69368,43674],"class_list":["post-377684","post","type-post","status-publish","format-standard","hentry","category-adriana-moreno-cordero","tag-adriana-moreno-cordero","tag-la-retaguardia","tag-opinion"],"_links":{"self":[{"href":"https:\/\/www.diarioimagen.net\/index.php?rest_route=\/wp\/v2\/posts\/377684","targetHints":{"allow":["GET"]}}],"collection":[{"href":"https:\/\/www.diarioimagen.net\/index.php?rest_route=\/wp\/v2\/posts"}],"about":[{"href":"https:\/\/www.diarioimagen.net\/index.php?rest_route=\/wp\/v2\/types\/post"}],"author":[{"embeddable":true,"href":"https:\/\/www.diarioimagen.net\/index.php?rest_route=\/wp\/v2\/users\/3"}],"replies":[{"embeddable":true,"href":"https:\/\/www.diarioimagen.net\/index.php?rest_route=%2Fwp%2Fv2%2Fcomments&post=377684"}],"version-history":[{"count":0,"href":"https:\/\/www.diarioimagen.net\/index.php?rest_route=\/wp\/v2\/posts\/377684\/revisions"}],"wp:attachment":[{"href":"https:\/\/www.diarioimagen.net\/index.php?rest_route=%2Fwp%2Fv2%2Fmedia&parent=377684"}],"wp:term":[{"taxonomy":"category","embeddable":true,"href":"https:\/\/www.diarioimagen.net\/index.php?rest_route=%2Fwp%2Fv2%2Fcategories&post=377684"},{"taxonomy":"post_tag","embeddable":true,"href":"https:\/\/www.diarioimagen.net\/index.php?rest_route=%2Fwp%2Fv2%2Ftags&post=377684"}],"curies":[{"name":"wp","href":"https:\/\/api.w.org\/{rel}","templated":true}]}}