{"id":377713,"date":"2018-05-24T00:11:25","date_gmt":"2018-05-24T05:11:25","guid":{"rendered":"http:\/\/www.diarioimagen.net\/?p=377713"},"modified":"2018-05-24T04:42:22","modified_gmt":"2018-05-24T09:42:22","slug":"pan-y-prd-exigen-examen-medico-a-los-cuatro-candidatos-presidenciales","status":"publish","type":"post","link":"https:\/\/www.diarioimagen.net\/?p=377713","title":{"rendered":"PAN y PRD exigen examen m\u00e9dico a los cuatro candidatos presidenciales"},"content":{"rendered":"<h2>Tras la puerta del poder<\/h2>\n<h5>Roberto Vizca\u00edno<\/h5>\n<p>&nbsp;<\/p>\n<div id=\"attachment_377783\" style=\"width: 470px\" class=\"wp-caption aligncenter\"><a href=\"http:\/\/www.diarioimagen.net\/?attachment_id=377783\" rel=\"attachment wp-att-377783\"><img loading=\"lazy\" decoding=\"async\" aria-describedby=\"caption-attachment-377783\" class=\"size-large wp-image-377783\" src=\"http:\/\/www.diarioimagen.net\/wp-content\/uploads\/2018\/05\/coco-wash-LUIS-XAVIER-3374-460x358.jpg\" alt=\"\" width=\"460\" height=\"358\" srcset=\"https:\/\/www.diarioimagen.net\/wp-content\/uploads\/2018\/05\/coco-wash-LUIS-XAVIER-3374-460x358.jpg 460w, https:\/\/www.diarioimagen.net\/wp-content\/uploads\/2018\/05\/coco-wash-LUIS-XAVIER-3374-240x187.jpg 240w, https:\/\/www.diarioimagen.net\/wp-content\/uploads\/2018\/05\/coco-wash-LUIS-XAVIER-3374-768x597.jpg 768w, https:\/\/www.diarioimagen.net\/wp-content\/uploads\/2018\/05\/coco-wash-LUIS-XAVIER-3374.jpg 1200w\" sizes=\"auto, (max-width: 460px) 100vw, 460px\" \/><\/a><p id=\"caption-attachment-377783\" class=\"wp-caption-text\"><em>Coco wash<\/em>&#8230;. | Luis Xavier<\/p><\/div>\n<p>&nbsp;<\/p>\n<p>Como lo hab\u00eda adelantado <strong>Ricardo Anaya<\/strong> candidato de M\u00e9xico al Frente (PAN, PRD y MC), ayer <strong>Marko Cort\u00e9s<\/strong> coordinador de los diputados federales del blanquiazul y presidente de la Junta de Coordinaci\u00f3n Pol\u00edtica en San L\u00e1zaro, pidi\u00f3 a la Comisi\u00f3n Permanente emita un exhorto al INE para que exija un certificado m\u00e9dico a los candidatos a la Presidencia de la Rep\u00fablica.<\/p>\n<p>Y anunci\u00f3 que antes de que concluya la presente legislatura su partido presentar\u00e1 una iniciativa para que en la Ley Electoral se incluya como requisito un examen y certificado m\u00e9dico a los aspirantes a la Presidencia.<\/p>\n<p>Ambas posturas fueron a su vez avaladas por el virtual coordinador de los diputados del PRD, el sonorense <strong>Jes\u00fas Zambrano.<\/strong><\/p>\n<p>Con esto, avanza en el Senado y la C\u00e1mara de Diputados el debate sobre el supuesto mal estado de salud de <strong>Andr\u00e9s Manuel L\u00f3pez Obrador <\/strong>quien, afirman datos no desmentidos, est\u00e1 sometido a una permanente revisi\u00f3n por un cardi\u00f3logo cubano radicado en Miami, Estados Unidos, y bajo medicamentos que alteran la capacidad mental en la toma de decisiones.<\/p>\n<p>El asunto lleg\u00f3 ya al Congreso y ahora depende de sus integrantes tramitarlo para emitir una Ley y normas o requisitos que se ve dif\u00edcil puedan influir ya en las elecciones del 1 de julio.<\/p>\n<p style=\"text-align: center;\"><strong>Otros debates electorales<\/strong><\/p>\n<p>A 3 meses y una semana de que concluya la actual legislatura, y con el nombramiento del Fiscal General de la Naci\u00f3n y del Fiscal Anticorrupci\u00f3n, as\u00ed como la desaparici\u00f3n del fuero en el congelador, con el presidente del Senado y de la Comisi\u00f3n Permanente, <strong>Ernesto Cordero<\/strong> de viaje en Rusia, diputados y senadores debatieron ayer\u2026 sobre las elecciones.<\/p>\n<p>Por ello, dijeron, \u201cen busca de garantizar el avance democr\u00e1tico el pr\u00f3ximo primero de julio\u201d, la Comisi\u00f3n Permanente emiti\u00f3 ayer un exhort\u00f3 al Instituto Nacional Electoral y a la Fiscal\u00eda Especializada para la Atenci\u00f3n de Delitos Electorales \u201ca intensificar las campa\u00f1as de informaci\u00f3n a la ciudadan\u00eda sobre los actos de coacci\u00f3n del voto, entre otras acciones que vulneren los principios de equidad e imparcialidad durante los procesos electorales\u201d.<\/p>\n<p>Fuera de eso todos los verdaderos asuntos legislativos est\u00e1n detenidos.<\/p>\n<p>A pesar de eso diputados y senadores asistentes a la sesi\u00f3n semanal de la Permanente encontraron con que si bien \u201cel INE ha realizado campa\u00f1as y publicaciones para informar de mecanismos que inhiban la coacci\u00f3n del voto, y de los medios de denuncia de delitos electorales\u201d, los legisladores consideran que todo esto \u201cse debe ampliar para precisar la informaci\u00f3n.<\/p>\n<p>\u201cCon la adecuada informaci\u00f3n, el ciudadano puede denunciar todo acto que quebrante una efectiva realizaci\u00f3n del quehacer electoral, de la que todos los ciudadanos son parte y, en peque\u00f1a o gran medida, responsables de cuidar uno de los m\u00e1s importantes derechos y obligaciones que se les han conferido: el voto\u201d, indicaron.<\/p>\n<p>Ya metidos en el asunto electoral, senadores y diputados emitieron otro punto de acuerdo, \u00e9ste dirigido a los 32 gobernadores a quienes pidieron evitar pr\u00e1cticas ilegales electorales y respetar las disposiciones que garantizan la equidad y la libertad del voto de los ciudadanos.<\/p>\n<p>A los 2 mil 440 presidentes municipales existentes en el pa\u00eds los exhortaron a abstenerse de usar los escudos y s\u00edmbolos de origen partidario en obras e inmuebles p\u00fablicos y servicios relacionados a ellos.<\/p>\n<p>Por qu\u00e9 no, pues ya andaban en lo electoral, tambi\u00e9n le exigieron a la Fepade que, en coordinaci\u00f3n con el Instituto Electoral de la Cuidad de M\u00e9xico, apuren las investigaciones por la presunta utilizaci\u00f3n de programas sociales con fines electorales en las delegaciones de Coyoac\u00e1n e Iztacalco.<\/p>\n<p>Y como ya lo hab\u00edan hecho con gobernadores y alcaldes, a los titulares de las 16 delegaciones capitalinas les exigieron conducirse con respeto y apego a las disposiciones electorales y no intentar influir en el proceso electoral y respetar la libertad del voto de los ciudadanos el pr\u00f3ximo 1 de julio.<\/p>\n<p>La senadora Diva Gast\u00e9lum, a nombre de la bancada del PRI pidi\u00f3 a la Fiscal\u00eda y al Instituto Electoral de la Ciudad de M\u00e9xico confirmar si existe el uso de programas sociales con fines electorales.<\/p>\n<p>\u201cEsperamos que no se solape una situaci\u00f3n tan seria, porque se ve en todas las delegaciones, uso de programas sociales; es importante blindar el proceso electoral del 1 de julio\u201d, indic\u00f3.<\/p>\n<p style=\"text-align: center;\"><strong>Desde Rusia<\/strong><\/p>\n<p>Durante una recepci\u00f3n de la Delegaci\u00f3n Parlamentaria de la Federaci\u00f3n de Rusia, encabezada por la vicepresidenta de la Duma Estatal de la Asamblea Federal, <strong>Olga Epifanova<\/strong>, el senador <strong>Ernesto Cordero<\/strong> consider\u00f3 que ambas naciones comparten el anhelo por cumplir con la Agenda 2030 de la Organizaci\u00f3n de las Naciones Unidas respecto a las metas de desarrollo y prosperidad.<\/p>\n<p>Cordero indic\u00f3 que en los espacios en que coinciden &#8211;como en la Uni\u00f3n Interparlamentaria, la Organizaci\u00f3n de las Naciones Unidas o en el G-20&#8211; las posturas de M\u00e9xico y Rusia son de pa\u00edses aliados, amigos que impulsan las iniciativas mutuas.<\/p>\n<p style=\"text-align: center;\"><strong>Con Corral, Chihuahua \u00bfterritorio aut\u00f3nomo?<\/strong><\/p>\n<p>Los habitantes de Chihuahua tienen cada vez m\u00e1s la impresi\u00f3n de que pudieran estar viviendo dentro de un reinado. El del monarca <strong>Javier Corral<\/strong>, <em>rey de horca y cuchillo.<\/em><\/p>\n<p>Y es que el gobernante panista que est\u00e1 metido en una abierta contienda de poder con el gobierno federal y el Poder Judicial, todav\u00eda tiene para repartir le\u00f1azos contra la legalidad.<\/p>\n<p>Por lo pronto la abierta e ilegal intervenci\u00f3n del gobernador<strong> Javier Corral <\/strong>en el caso de <strong>Alejandro Guti\u00e9rrez,<\/strong> el ex secretario pri\u00edsta detenido por un supuesto desv\u00edo de 250 millones de pesos depositados por la federaci\u00f3n al gobierno anterior, a fin de utilizarlos en las campa\u00f1as electorales del PRI en 2016 lo mantiene bajo el an\u00e1lisis y la mira de la Suprema Corte de Justicia de la Naci\u00f3n y de la Judicatura Federal.<\/p>\n<p>Ello porque <strong>Corral<\/strong> ha dado la instrucci\u00f3n a sus cuerpos policiacos estatales y a su fiscal estatal, a <strong>C\u00e9sar Augusto Peniche Espejel<\/strong> y a <strong>Juan Mart\u00edn Gonz\u00e1lez Aguirre<\/strong>, responsable del Centro de Reinserci\u00f3n Social Estatal N\u00famero 1 en Aquiles Serd\u00e1n, Chihuahua, a incumplir el traslado de Guti\u00e9rrez y otros presos a un penal federal ordenado por el Juez federal de Control del Centro de Justicia Penal Federal del Reclusorio Norte, <strong>Gerardo Moreno Garc\u00eda.<\/strong><\/p>\n<p>Frente a este incumplimiento, el mencionado juez impuso una multa por 403 mil pesos y amenaz\u00f3 con utilizar incluso al Ej\u00e9rcito para hacer cumplir el traslado de los presos mencionados.<\/p>\n<p>Sin embargo, con otras argucias y <em>chicanas<\/em> <strong>Corral<\/strong> ha impedido que la orden del juez federal sea cumplida y mantiene pr\u00e1cticamente secuestrados en el penal del estado tanto a <strong>Alejandro Guti\u00e9rrez <\/strong>como a <strong>Antonio Tar\u00edn Garc\u00eda<\/strong> y a <strong>Gerardo Villegas Madriles<\/strong>, ex directores de Adquisiciones y de Administraci\u00f3n de la Secretar\u00eda de Hacienda de Chihuahua.<\/p>\n<p>En este contexto Corral ha ordenado a su fiscal estatal, <strong>C\u00e9sar Augusto Peniche Espejel a<\/strong> presionar al Juez (federal) Sexto de Distrito, <strong>H\u00e9ctor Manuel Flores Lara<\/strong> para que falle en una petici\u00f3n de amparo interpuesta por el empresario local <strong>Carlos Chavira.<\/strong><\/p>\n<p>Esta manipulaci\u00f3n de la justicia \u2013tanto lo de <strong>Guti\u00e9rrez<\/strong> como lo de <strong>Chavira-<\/strong>, tienen alarmados a ministros de la Suprema Corte y de la Judicatura Federal encabezados por el ministro <strong>Luis Mar\u00eda Aguilar Morales.<\/strong><\/p>\n<p>Hace unos d\u00edas en un desplegado publicado en medios locales, el empresario <strong>Chavira<\/strong> le explica al presidente de la Suprema Corte que, desde octubre del 2011, enfrenta una persecuci\u00f3n judicial, medi\u00e1tica y pol\u00edtica iniciada por el entonces gobernador <strong>C\u00e9sar Duarte<\/strong> que incluye amenazas a su integridad f\u00edsica y a la de su familia, intentos de extorsi\u00f3n y destrucci\u00f3n de su patrimonio, as\u00ed como una campa\u00f1a de descr\u00e9dito, que lleva ya 7 a\u00f1os, en los que ha enfrentado y ganado 10 juicios abiertos en su contra, lo que ha comprobado su inocencia, al obtener resoluciones jur\u00eddicas absolutorias.<\/p>\n<p>El caso es que, luego de ganar cada uno, el gobierno del estado \u2013primero encabezado por <strong>C\u00e9sar Duarte<\/strong> y ahora por <strong>Javier Corral<\/strong>&#8211; ha iniciado inmediatamente un nuevo proceso con base en los mismos argumentos, y la misma documentaci\u00f3n, utilizados en los anteriores juicios.<\/p>\n<p>Una abierta y descarada persecusi\u00f3n pol\u00edtica.<\/p>\n<p><em><a href=\"mailto:rvizcainoa@gmail.com\" target=\"_blank\" rel=\"noopener\">vizcainoa@gmail.com<\/a><\/em><br \/>\n<em><a href=\"http:\/\/www.endirecto.com.mx\/\" target=\"_blank\" rel=\"noopener\">www.endirecto.com.mx<\/a><\/em><br \/>\n<em><a href=\"https:\/\/twitter.com\/_rvizcaino\" target=\"_blank\" rel=\"noopener\">@_RVizcaino<\/a><\/em><br \/>\n<a href=\"https:\/\/www.facebook.com\/rvizcainoa\" target=\"_blank\" rel=\"noopener\">f<em>acebook.com\/rvizcainoa<\/em><\/a><\/p>\n","protected":false},"excerpt":{"rendered":"<p><span style=\"color: #005497;\"><strong>Roberto Vizca\u00edno<\/strong><\/span><br \/>\n<br \/>\nComo lo hab\u00eda adelantado <strong>Ricardo Anaya<\/strong> candidato de M\u00e9xico al Frente (PAN, PRD y MC), ayer <strong>Marko Cort\u00e9s<\/strong> coordinador de los diputados federales del blanquiazul y presidente de la Junta de Coordinaci\u00f3n Pol\u00edtica en San L\u00e1zaro, pidi\u00f3 a la Comisi\u00f3n Permanente emita un exhorto al INE para que exija un certificado m\u00e9dico a los candidatos a la Presidencia de la Rep\u00fablica.<\/p>\n","protected":false},"author":3,"featured_media":377783,"comment_status":"open","ping_status":"open","sticky":false,"template":"","format":"standard","meta":{"_monsterinsights_skip_tracking":false,"_monsterinsights_sitenote_active":false,"_monsterinsights_sitenote_note":"","_monsterinsights_sitenote_category":0,"footnotes":""},"categories":[136],"tags":[43674,93,94],"class_list":["post-377713","post","type-post","status-publish","format-standard","has-post-thumbnail","hentry","category-roberto-vizcaino-opinion","tag-opinion","tag-roberto-vizcaino","tag-tras-la-puerta-del-poder"],"_links":{"self":[{"href":"https:\/\/www.diarioimagen.net\/index.php?rest_route=\/wp\/v2\/posts\/377713","targetHints":{"allow":["GET"]}}],"collection":[{"href":"https:\/\/www.diarioimagen.net\/index.php?rest_route=\/wp\/v2\/posts"}],"about":[{"href":"https:\/\/www.diarioimagen.net\/index.php?rest_route=\/wp\/v2\/types\/post"}],"author":[{"embeddable":true,"href":"https:\/\/www.diarioimagen.net\/index.php?rest_route=\/wp\/v2\/users\/3"}],"replies":[{"embeddable":true,"href":"https:\/\/www.diarioimagen.net\/index.php?rest_route=%2Fwp%2Fv2%2Fcomments&post=377713"}],"version-history":[{"count":0,"href":"https:\/\/www.diarioimagen.net\/index.php?rest_route=\/wp\/v2\/posts\/377713\/revisions"}],"wp:featuredmedia":[{"embeddable":true,"href":"https:\/\/www.diarioimagen.net\/index.php?rest_route=\/wp\/v2\/media\/377783"}],"wp:attachment":[{"href":"https:\/\/www.diarioimagen.net\/index.php?rest_route=%2Fwp%2Fv2%2Fmedia&parent=377713"}],"wp:term":[{"taxonomy":"category","embeddable":true,"href":"https:\/\/www.diarioimagen.net\/index.php?rest_route=%2Fwp%2Fv2%2Fcategories&post=377713"},{"taxonomy":"post_tag","embeddable":true,"href":"https:\/\/www.diarioimagen.net\/index.php?rest_route=%2Fwp%2Fv2%2Ftags&post=377713"}],"curies":[{"name":"wp","href":"https:\/\/api.w.org\/{rel}","templated":true}]}}