{"id":377835,"date":"2018-05-25T00:08:04","date_gmt":"2018-05-25T05:08:04","guid":{"rendered":"http:\/\/www.diarioimagen.net\/?p=377835"},"modified":"2018-05-27T23:02:03","modified_gmt":"2018-05-28T04:02:03","slug":"se-busca-obtener-denominacion-de-origen-de-planta-criolla-de-cafe","status":"publish","type":"post","link":"https:\/\/www.diarioimagen.net\/?p=377835","title":{"rendered":"Se busca obtener denominaci\u00f3n de origen de planta criolla de caf\u00e9"},"content":{"rendered":"<ul>\n<li><em><strong>De la regi\u00f3n sur del Edomex<\/strong><\/em><\/li>\n<li><em><strong>Habr\u00e1 un vivero en el municipio de Tejupilco para cultivarla<\/strong><\/em><\/li>\n<\/ul>\n<p>&nbsp;<\/p>\n<div id=\"attachment_377948\" style=\"width: 470px\" class=\"wp-caption aligncenter\"><a href=\"http:\/\/www.diarioimagen.net\/?attachment_id=377948\" rel=\"attachment wp-att-377948\"><img loading=\"lazy\" decoding=\"async\" aria-describedby=\"caption-attachment-377948\" class=\"size-large wp-image-377948\" src=\"http:\/\/www.diarioimagen.net\/wp-content\/uploads\/2018\/05\/cafe-3375-460x259.jpg\" alt=\"\" width=\"460\" height=\"259\" srcset=\"https:\/\/www.diarioimagen.net\/wp-content\/uploads\/2018\/05\/cafe-3375-460x259.jpg 460w, https:\/\/www.diarioimagen.net\/wp-content\/uploads\/2018\/05\/cafe-3375-240x135.jpg 240w, https:\/\/www.diarioimagen.net\/wp-content\/uploads\/2018\/05\/cafe-3375-235x132.jpg 235w, https:\/\/www.diarioimagen.net\/wp-content\/uploads\/2018\/05\/cafe-3375-202x114.jpg 202w, https:\/\/www.diarioimagen.net\/wp-content\/uploads\/2018\/05\/cafe-3375-350x196.jpg 350w, https:\/\/www.diarioimagen.net\/wp-content\/uploads\/2018\/05\/cafe-3375-220x123.jpg 220w, https:\/\/www.diarioimagen.net\/wp-content\/uploads\/2018\/05\/cafe-3375-237x132.jpg 237w, https:\/\/www.diarioimagen.net\/wp-content\/uploads\/2018\/05\/cafe-3375.jpg 480w\" sizes=\"auto, (max-width: 460px) 100vw, 460px\" \/><\/a><p id=\"caption-attachment-377948\" class=\"wp-caption-text\">Mayt\u00e9 Ramos, presidenta de la Comisi\u00f3n de Movilidad de la Coparmex.<\/p><\/div>\n<p>&nbsp;<\/p>\n<p><strong>Amatepec, Estado de M\u00e9xico<\/strong>.- El gobernador del Estado de M\u00e9xico, Alfredo Del Mazo, se reuni\u00f3 con productores mexiquenses de caf\u00e9, a quienes inform\u00f3 que la administraci\u00f3n estatal realizar\u00e1 las gestiones necesarias para obtener la denominaci\u00f3n de origen de la planta criolla del caf\u00e9 de la regi\u00f3n sur estatal, con el objetivo de impulsar la producci\u00f3n de este cultivo y la calidad de vida de quienes se dedican a su plantaci\u00f3n y comercio.<\/p>\n<p>\u201cQue impulsemos esa denominaci\u00f3n de origen que seguramente les va a ayudar mucho, y que adem\u00e1s nos ayuda a posicionar la marca y a posicionar la regi\u00f3n, incluso el estado, porque si lo logramos nos ayuda a posicionar la marca del caf\u00e9 en el Estado de M\u00e9xico y lo vamos a explorar, con todo gusto, y le encargo aqu\u00ed al Secretario que lo podamos impulsar y espero que les podamos traer buenas noticas m\u00e1s adelante, en este sentido\u201d, dio a conocer.<\/p>\n<p>En un recorrido que realiz\u00f3 en la finca El Pino, donde se encuentra la Cooperativa de Caf\u00e9 Org\u00e1nico Amatepec, el mandatario estatal se\u00f1al\u00f3 que tambi\u00e9n se crear\u00e1 en Tejupilco un vivero para cultivar la planta de caf\u00e9, certificada y libre de roya, para facilitar las tareas que desempe\u00f1an los cafetaleros en esta regi\u00f3n.<\/p>\n<p>\u201cPoder impulsar una planta certificada, libre de roya, en donde podamos nosotros apoyar a los productores y que eso nos ayude a prevenir que ese tipo de plagas lleguen y a que tengan ustedes acceso a estas plantas\u201d, inform\u00f3. En gira de trabajo por este municipio, el mandatario mexiquense escuch\u00f3 inquietudes y propuestas de productores de caf\u00e9 de Amatepec, San Sim\u00f3n de Guerrero, Tejupilco, Temascaltepec y Tlatlaya, a quienes garantiz\u00f3 que en el Estado de M\u00e9xico se dar\u00e1 un impulso renovado a este cultivo.<\/p>\n<p>Por ello, instruy\u00f3 al Secretario de Desarrollo Agropecuario a dise\u00f1ar un programa para certificar la calidad de las plantas que se cultivan en esta zona y garantizar que est\u00e9n libres de plagas, adem\u00e1s de vigilar que tenga los cuidados y la calidad necesaria para comercializarla y que tambi\u00e9n se otorgue un subsidio a productores locales, y eviten adquirirla en otros estados del pa\u00eds.<\/p>\n<p>Acompa\u00f1ado por los secretarios de Desarrollo Agropecuario y Medio Ambiente, as\u00ed como por el delegado federal de la Sagarpa, el gobernador inform\u00f3 que los productores de caf\u00e9 tambi\u00e9n podr\u00e1n acceder a un programa de capacitaci\u00f3n que les ayude a mejorar la imagen de su marca de caf\u00e9 y les sea m\u00e1s f\u00e1cil venderlo en m\u00e1s lugares.<\/p>\n<p>En esta visita, durante la cual conoci\u00f3 los diversos procesos que tiene el caf\u00e9 antes de llegar al mercado, el titular del Ejecutivo estatal reconoci\u00f3 a los cafetaleros mexiquenses porque gracias a su trabajo lograron incrementar su producci\u00f3n en los \u00faltimos a\u00f1os.<\/p>\n<p>Actualmente, en el Estado de M\u00e9xico el caf\u00e9 se cultiva en 23 municipios, donde se tienen identificados a 954 productores, quienes poseen 350 hect\u00e1reas, cuyos cultivos dejaron ingresos por 22.9 millones de pesos, tan s\u00f3lo el a\u00f1o pasado.<\/p>\n<p>Se re\u00fane Alfredo Del Mazo con productores de caf\u00e9 de los municipios de Amatepec, San Sim\u00f3n de Guerrero, Temascaltepec, Tejupilco, Tlatlaya y Sultepec.<\/p>\n","protected":false},"excerpt":{"rendered":"<p>El gobernador del Estado de M\u00e9xico, Alfredo Del Mazo, se reuni\u00f3 con productores mexiquenses de caf\u00e9, a quienes inform\u00f3 que la administraci\u00f3n estatal realizar\u00e1 las gestiones necesarias para obtener la denominaci\u00f3n de origen de la planta criolla del caf\u00e9 de la regi\u00f3n sur estatal, con el objetivo de impulsar la producci\u00f3n de este cultivo y la calidad de vida de quienes se dedican a su plantaci\u00f3n y comercio.<\/p>\n","protected":false},"author":3,"featured_media":377948,"comment_status":"open","ping_status":"open","sticky":false,"template":"","format":"standard","meta":{"_monsterinsights_skip_tracking":false,"_monsterinsights_sitenote_active":false,"_monsterinsights_sitenote_note":"","_monsterinsights_sitenote_category":0,"footnotes":""},"categories":[5],"tags":[74077,3490,43675,74078],"class_list":["post-377835","post","type-post","status-publish","format-standard","has-post-thumbnail","hentry","category-estado-de-mexico","tag-amatepec","tag-cafe","tag-estado-de-mexico","tag-planta-criolla"],"_links":{"self":[{"href":"https:\/\/www.diarioimagen.net\/index.php?rest_route=\/wp\/v2\/posts\/377835","targetHints":{"allow":["GET"]}}],"collection":[{"href":"https:\/\/www.diarioimagen.net\/index.php?rest_route=\/wp\/v2\/posts"}],"about":[{"href":"https:\/\/www.diarioimagen.net\/index.php?rest_route=\/wp\/v2\/types\/post"}],"author":[{"embeddable":true,"href":"https:\/\/www.diarioimagen.net\/index.php?rest_route=\/wp\/v2\/users\/3"}],"replies":[{"embeddable":true,"href":"https:\/\/www.diarioimagen.net\/index.php?rest_route=%2Fwp%2Fv2%2Fcomments&post=377835"}],"version-history":[{"count":0,"href":"https:\/\/www.diarioimagen.net\/index.php?rest_route=\/wp\/v2\/posts\/377835\/revisions"}],"wp:featuredmedia":[{"embeddable":true,"href":"https:\/\/www.diarioimagen.net\/index.php?rest_route=\/wp\/v2\/media\/377948"}],"wp:attachment":[{"href":"https:\/\/www.diarioimagen.net\/index.php?rest_route=%2Fwp%2Fv2%2Fmedia&parent=377835"}],"wp:term":[{"taxonomy":"category","embeddable":true,"href":"https:\/\/www.diarioimagen.net\/index.php?rest_route=%2Fwp%2Fv2%2Fcategories&post=377835"},{"taxonomy":"post_tag","embeddable":true,"href":"https:\/\/www.diarioimagen.net\/index.php?rest_route=%2Fwp%2Fv2%2Ftags&post=377835"}],"curies":[{"name":"wp","href":"https:\/\/api.w.org\/{rel}","templated":true}]}}