{"id":377837,"date":"2018-05-25T00:10:52","date_gmt":"2018-05-25T05:10:52","guid":{"rendered":"http:\/\/www.diarioimagen.net\/?p=377837"},"modified":"2018-05-25T03:14:02","modified_gmt":"2018-05-25T08:14:02","slug":"investigador-de-la-uaem-apoya-sistema-de-salud-unico","status":"publish","type":"post","link":"https:\/\/www.diarioimagen.net\/?p=377837","title":{"rendered":"Investigador de la UAEM apoya sistema de salud \u00fanico"},"content":{"rendered":"<ul>\n<li><strong><em>En la atenci\u00f3n de primer nivel<\/em><\/strong><\/li>\n<\/ul>\n<p>&nbsp;<\/p>\n<div id=\"attachment_377924\" style=\"width: 470px\" class=\"wp-caption aligncenter\"><a href=\"http:\/\/www.diarioimagen.net\/?attachment_id=377924\" rel=\"attachment wp-att-377924\"><img loading=\"lazy\" decoding=\"async\" aria-describedby=\"caption-attachment-377924\" class=\"size-large wp-image-377924\" src=\"http:\/\/www.diarioimagen.net\/wp-content\/uploads\/2018\/05\/UAEM-3375-460x307.jpg\" alt=\"\" width=\"460\" height=\"307\" srcset=\"https:\/\/www.diarioimagen.net\/wp-content\/uploads\/2018\/05\/UAEM-3375-460x307.jpg 460w, https:\/\/www.diarioimagen.net\/wp-content\/uploads\/2018\/05\/UAEM-3375-240x160.jpg 240w, https:\/\/www.diarioimagen.net\/wp-content\/uploads\/2018\/05\/UAEM-3375.jpg 700w\" sizes=\"auto, (max-width: 460px) 100vw, 460px\" \/><\/a><p id=\"caption-attachment-377924\" class=\"wp-caption-text\">Gilberto Felipe V\u00e1zquez de Anda es integrante de la Academia Nacional de Medicina de M\u00e9xico desde 2004.<\/p><\/div>\n<p>&nbsp;<\/p>\n<p><strong>Toluca, Estado de M\u00e9xico<\/strong>.\u2013 El investigador de la Universidad Aut\u00f3noma del Estado de M\u00e9xico, Gilberto Felipe V\u00e1zquez de Anda, particip\u00f3 en la declaratoria que realiz\u00f3 la Academia Nacional de Medicina de M\u00e9xico (ANMM), una de las corporaciones m\u00e9dicas de mayor prestigio en el pa\u00eds, que este a\u00f1o propuso, entre otros aspectos, la integraci\u00f3n de un sistema de salud \u00fanico, con la finalidad de garantizar este derecho humano.<\/p>\n<p>El universitario adscrito al Centro de Investigaci\u00f3n Ciencias M\u00e9dicas (CICMED) de la Aut\u00f3noma mexiquense sostuvo que la propuesta se enfoca principalmente en la atenci\u00f3n de primer nivel, que corresponde a 80 por ciento de las solicitudes m\u00e9dicas en el pa\u00eds y que ser\u00edan atendidas por m\u00e9dicos generales, quienes ser\u00edan distribuidos en zonas de acuerdo con la densidad poblacional.<\/p>\n<p>Contar con un programa de salud unificado permitir\u00eda que un m\u00e9dico atienda de forma indistinta a la poblaci\u00f3n, y su labor ser\u00eda remunerada de acuerdo con el sistema de financiamiento al que pertenezca el paciente, ya sea por instituci\u00f3n p\u00fablica, por seguro de gastos m\u00e9dicos u otro, indic\u00f3 V\u00e1zquez de Anda, quien abund\u00f3 que las farmacias, hospitales y laboratorios podr\u00edan trabajar del mismo modo.<\/p>\n<p>La declaratoria que encabeza el presidente de la ANMM, Armando Mansilla Olivares, y que se titula \u201cEl futuro de la seguridad social y la asistencia m\u00e9dica en M\u00e9xico\u201d, es resultado de un profundo diagn\u00f3stico sobre el sistema de salud en el pa\u00eds, que revela que cerca de 55 por ciento de la poblaci\u00f3n se atiende en instituciones p\u00fablicas, mientras que el resto acude a consultorios privados.<\/p>\n<p>Asimismo, el posicionamiento de los miembros de esta academia, que a lo largo de un siglo de vida ininterrumpida ha sido integrada por mil 173 acad\u00e9micos, es dignificar la imagen de los m\u00e9dicos generales, de los cuales egresan un promedio de 50 mil al a\u00f1o, luego de siete a\u00f1os de formaci\u00f3n acad\u00e9mica y con los conocimientos necesarios para atender a la poblaci\u00f3n.<\/p>\n<p>Cabe mencionar que el investigador de la UAEM, Gilberto Felipe V\u00e1zquez de Anda, es integrante de la Academia Nacional de Medicina de M\u00e9xico desde 2004 y su ingreso por honorabilidad a esta instituci\u00f3n fue resultado de su competencia curricular y desempe\u00f1o en el \u00e1rea de la medicina cr\u00edtica.<\/p>\n","protected":false},"excerpt":{"rendered":"<p>El investigador de la Universidad Aut\u00f3noma del Estado de M\u00e9xico, Gilberto Felipe V\u00e1zquez de Anda, particip\u00f3 en la declaratoria que realiz\u00f3 la Academia Nacional de Medicina de M\u00e9xico (ANMM), una de las corporaciones m\u00e9dicas de mayor prestigio en el pa\u00eds, que este a\u00f1o propuso, entre otros aspectos, la integraci\u00f3n de un sistema de salud \u00fanico, con la finalidad de garantizar este derecho humano.<\/p>\n","protected":false},"author":3,"featured_media":377924,"comment_status":"open","ping_status":"open","sticky":false,"template":"","format":"standard","meta":{"_monsterinsights_skip_tracking":false,"_monsterinsights_sitenote_active":false,"_monsterinsights_sitenote_note":"","_monsterinsights_sitenote_category":0,"footnotes":""},"categories":[5],"tags":[43675,74079,452,1491],"class_list":["post-377837","post","type-post","status-publish","format-standard","has-post-thumbnail","hentry","category-estado-de-mexico","tag-estado-de-mexico","tag-gilberto-felipe-vazquez-de-anda","tag-toluca","tag-uaem"],"_links":{"self":[{"href":"https:\/\/www.diarioimagen.net\/index.php?rest_route=\/wp\/v2\/posts\/377837","targetHints":{"allow":["GET"]}}],"collection":[{"href":"https:\/\/www.diarioimagen.net\/index.php?rest_route=\/wp\/v2\/posts"}],"about":[{"href":"https:\/\/www.diarioimagen.net\/index.php?rest_route=\/wp\/v2\/types\/post"}],"author":[{"embeddable":true,"href":"https:\/\/www.diarioimagen.net\/index.php?rest_route=\/wp\/v2\/users\/3"}],"replies":[{"embeddable":true,"href":"https:\/\/www.diarioimagen.net\/index.php?rest_route=%2Fwp%2Fv2%2Fcomments&post=377837"}],"version-history":[{"count":0,"href":"https:\/\/www.diarioimagen.net\/index.php?rest_route=\/wp\/v2\/posts\/377837\/revisions"}],"wp:featuredmedia":[{"embeddable":true,"href":"https:\/\/www.diarioimagen.net\/index.php?rest_route=\/wp\/v2\/media\/377924"}],"wp:attachment":[{"href":"https:\/\/www.diarioimagen.net\/index.php?rest_route=%2Fwp%2Fv2%2Fmedia&parent=377837"}],"wp:term":[{"taxonomy":"category","embeddable":true,"href":"https:\/\/www.diarioimagen.net\/index.php?rest_route=%2Fwp%2Fv2%2Fcategories&post=377837"},{"taxonomy":"post_tag","embeddable":true,"href":"https:\/\/www.diarioimagen.net\/index.php?rest_route=%2Fwp%2Fv2%2Ftags&post=377837"}],"curies":[{"name":"wp","href":"https:\/\/api.w.org\/{rel}","templated":true}]}}