{"id":377844,"date":"2018-05-25T00:11:11","date_gmt":"2018-05-25T05:11:11","guid":{"rendered":"http:\/\/www.diarioimagen.net\/?p=377844"},"modified":"2018-05-25T03:37:52","modified_gmt":"2018-05-25T08:37:52","slug":"promueven-donacion-de-organos-en-la-entidad","status":"publish","type":"post","link":"https:\/\/www.diarioimagen.net\/?p=377844","title":{"rendered":"Promueven donaci\u00f3n de \u00f3rganos en la entidad"},"content":{"rendered":"<h2>Arco Norte<\/h2>\n<h5>Jos\u00e9 Luis Monta\u00f1ez Aguilar<\/h5>\n<p>&nbsp;<\/p>\n<p><a href=\"http:\/\/www.diarioimagen.net\/?attachment_id=377989\" rel=\"attachment wp-att-377989\"><img loading=\"lazy\" decoding=\"async\" class=\"aligncenter size-large wp-image-377989\" src=\"http:\/\/www.diarioimagen.net\/wp-content\/uploads\/2018\/05\/arco-3375-460x259.jpg\" alt=\"\" width=\"460\" height=\"259\" srcset=\"https:\/\/www.diarioimagen.net\/wp-content\/uploads\/2018\/05\/arco-3375-460x259.jpg 460w, https:\/\/www.diarioimagen.net\/wp-content\/uploads\/2018\/05\/arco-3375-240x135.jpg 240w, https:\/\/www.diarioimagen.net\/wp-content\/uploads\/2018\/05\/arco-3375-235x132.jpg 235w, https:\/\/www.diarioimagen.net\/wp-content\/uploads\/2018\/05\/arco-3375-202x114.jpg 202w, https:\/\/www.diarioimagen.net\/wp-content\/uploads\/2018\/05\/arco-3375-350x196.jpg 350w, https:\/\/www.diarioimagen.net\/wp-content\/uploads\/2018\/05\/arco-3375-220x123.jpg 220w, https:\/\/www.diarioimagen.net\/wp-content\/uploads\/2018\/05\/arco-3375-237x132.jpg 237w, https:\/\/www.diarioimagen.net\/wp-content\/uploads\/2018\/05\/arco-3375.jpg 480w\" sizes=\"auto, (max-width: 460px) 100vw, 460px\" \/><\/a><\/p>\n<p>&nbsp;<\/p>\n<p>Con el objetivo de difundir la importancia de donar \u00f3rganos y tejidos con fines de trasplante y abatir con ello las listas de espera, el Centro Estatal de Trasplantes del Estado de M\u00e9xico (CETRAEM), lleva a cabo la campa\u00f1a permanente \u201cDe mano en mano, de coraz\u00f3n a coraz\u00f3n\u201d.<\/p>\n<p>A trav\u00e9s de esta estrategia, que comenz\u00f3 en 2011, se entregan anualmente 3 mil tarjetas de Donador Voluntario, sumando un total de 18 mil distribuidas a la fecha y cerca de 2 mil mexiquenses dentro del padr\u00f3n de personas dispuestas a donar.<\/p>\n<p>El Estado de M\u00e9xico es pionero en la implementaci\u00f3n de m\u00e9todos como \u00e9ste, que ha sido fundamental para lograr un incremento en el n\u00famero de donaciones.<\/p>\n<p>\u201cDe mano en mano, de coraz\u00f3n a coraz\u00f3n\u201d, tambi\u00e9n busca sensibilizar a la poblaci\u00f3n acerca de dar vida despu\u00e9s de la vida y se promueve a trav\u00e9s de conferencias, cursos, pl\u00e1ticas informativas en hospitales y ferias de salud.<\/p>\n<p>A fin de hacer llegar esta campa\u00f1a a un mayor n\u00famero de mexiquenses, el CETRAEM ha iniciado con la capacitaci\u00f3n de las y los Trabajadores de Atenci\u00f3n Primaria a la Salud (TAPS), considerados como un ej\u00e9rcito de m\u00e1s de mil 800 especialistas del Instituto de Salud del Estado de M\u00e9xico (ISEM).<\/p>\n<p style=\"text-align: center;\"><strong>Especializa ISSEMyM a m\u00e9dicos y enfermeras en neurocirug\u00eda<\/strong><\/p>\n<p>Con la participaci\u00f3n de m\u00e9dicos especialistas provenientes de Chile, Brasil, Ecuador, Argentina y Espa\u00f1a, el Instituto de Seguridad Social del Estado de M\u00e9xico y Municipios (ISSEMyM), llev\u00f3 a cabo el XVI Congreso Internacional de Neurocirug\u00eda y el X Congreso Neuroquir\u00fargico para enfermeras.<\/p>\n<p>Con trasmisiones en vivo a los cinco continentes, abordaron temas para el tratamiento de traumatismo craneal por accidente automovil\u00edstico, ca\u00eddas, as\u00ed como por impacto por arma de fuego y todos los cuidados que implican estas lesiones para evitar secuelas motoras, as\u00ed como el manejo de hipotermia en pacientes con hinchaz\u00f3n cerebral, lesiones secundarias al trauma o lesi\u00f3n hemorr\u00e1gica y la monitorizaci\u00f3n neurol\u00f3gica con medidas continuas en la oxigenaci\u00f3n.<\/p>\n<p>Por su parte, las enfermeras recibieron actualizaci\u00f3n en t\u00e9cnicas quir\u00fargicas.<\/p>\n<p><em><a href=\"mailto:montanezaguilar@gmail.com\" target=\"_blank\" rel=\"noopener noreferrer\">montanezaguilar@gmail.com<\/a><\/em><\/p>\n","protected":false},"excerpt":{"rendered":"<p><span style=\"color: #005497;\">Jos\u00e9 Luis Monta\u00f1ez Aguilar<\/span><br \/>\n<br \/>\nCon el objetivo de difundir la importancia de donar \u00f3rganos y tejidos con fines de trasplante y abatir con ello las listas de espera, el Centro Estatal de Trasplantes del Estado de M\u00e9xico (CETRAEM), lleva a cabo la campa\u00f1a permanente \u201cDe mano en mano, de coraz\u00f3n a coraz\u00f3n\u201d.<\/p>\n","protected":false},"author":3,"featured_media":377989,"comment_status":"open","ping_status":"open","sticky":false,"template":"","format":"standard","meta":{"_monsterinsights_skip_tracking":false,"_monsterinsights_sitenote_active":false,"_monsterinsights_sitenote_note":"","_monsterinsights_sitenote_category":0,"footnotes":""},"categories":[5],"tags":[13284,43704,43674],"class_list":["post-377844","post","type-post","status-publish","format-standard","has-post-thumbnail","hentry","category-estado-de-mexico","tag-arco-norte","tag-jose-luis-montanez-aguilar","tag-opinion"],"_links":{"self":[{"href":"https:\/\/www.diarioimagen.net\/index.php?rest_route=\/wp\/v2\/posts\/377844","targetHints":{"allow":["GET"]}}],"collection":[{"href":"https:\/\/www.diarioimagen.net\/index.php?rest_route=\/wp\/v2\/posts"}],"about":[{"href":"https:\/\/www.diarioimagen.net\/index.php?rest_route=\/wp\/v2\/types\/post"}],"author":[{"embeddable":true,"href":"https:\/\/www.diarioimagen.net\/index.php?rest_route=\/wp\/v2\/users\/3"}],"replies":[{"embeddable":true,"href":"https:\/\/www.diarioimagen.net\/index.php?rest_route=%2Fwp%2Fv2%2Fcomments&post=377844"}],"version-history":[{"count":0,"href":"https:\/\/www.diarioimagen.net\/index.php?rest_route=\/wp\/v2\/posts\/377844\/revisions"}],"wp:featuredmedia":[{"embeddable":true,"href":"https:\/\/www.diarioimagen.net\/index.php?rest_route=\/wp\/v2\/media\/377989"}],"wp:attachment":[{"href":"https:\/\/www.diarioimagen.net\/index.php?rest_route=%2Fwp%2Fv2%2Fmedia&parent=377844"}],"wp:term":[{"taxonomy":"category","embeddable":true,"href":"https:\/\/www.diarioimagen.net\/index.php?rest_route=%2Fwp%2Fv2%2Fcategories&post=377844"},{"taxonomy":"post_tag","embeddable":true,"href":"https:\/\/www.diarioimagen.net\/index.php?rest_route=%2Fwp%2Fv2%2Ftags&post=377844"}],"curies":[{"name":"wp","href":"https:\/\/api.w.org\/{rel}","templated":true}]}}