{"id":377847,"date":"2018-05-25T00:08:30","date_gmt":"2018-05-25T05:08:30","guid":{"rendered":"http:\/\/www.diarioimagen.net\/?p=377847"},"modified":"2018-05-25T02:47:41","modified_gmt":"2018-05-25T07:47:41","slug":"dice-anaya-que-el-nombre-de-zavala-confundira-al-elector","status":"publish","type":"post","link":"https:\/\/www.diarioimagen.net\/?p=377847","title":{"rendered":"Dice Anaya que el nombre de Zavala confundir\u00e1 al elector"},"content":{"rendered":"<ul>\n<li><em><strong>Apoya reimprimir boletas electorales<\/strong><\/em><\/li>\n<li><em><strong>El abanderado panista afirma que acatar\u00e1 decisi\u00f3n del TEPJF<\/strong><\/em><\/li>\n<\/ul>\n<p>&nbsp;<\/p>\n<div id=\"attachment_377933\" style=\"width: 470px\" class=\"wp-caption aligncenter\"><a href=\"http:\/\/www.diarioimagen.net\/?attachment_id=377933\" rel=\"attachment wp-att-377933\"><img loading=\"lazy\" decoding=\"async\" aria-describedby=\"caption-attachment-377933\" class=\"size-large wp-image-377933\" src=\"http:\/\/www.diarioimagen.net\/wp-content\/uploads\/2018\/05\/ANAYA-3375-460x259.jpg\" alt=\"\" width=\"460\" height=\"259\" srcset=\"https:\/\/www.diarioimagen.net\/wp-content\/uploads\/2018\/05\/ANAYA-3375-460x259.jpg 460w, https:\/\/www.diarioimagen.net\/wp-content\/uploads\/2018\/05\/ANAYA-3375-240x135.jpg 240w, https:\/\/www.diarioimagen.net\/wp-content\/uploads\/2018\/05\/ANAYA-3375-235x132.jpg 235w, https:\/\/www.diarioimagen.net\/wp-content\/uploads\/2018\/05\/ANAYA-3375-202x114.jpg 202w, https:\/\/www.diarioimagen.net\/wp-content\/uploads\/2018\/05\/ANAYA-3375-350x196.jpg 350w, https:\/\/www.diarioimagen.net\/wp-content\/uploads\/2018\/05\/ANAYA-3375-220x123.jpg 220w, https:\/\/www.diarioimagen.net\/wp-content\/uploads\/2018\/05\/ANAYA-3375-237x132.jpg 237w, https:\/\/www.diarioimagen.net\/wp-content\/uploads\/2018\/05\/ANAYA-3375.jpg 480w\" sizes=\"auto, (max-width: 460px) 100vw, 460px\" \/><\/a><p id=\"caption-attachment-377933\" class=\"wp-caption-text\">Ricardo Anaya Cort\u00e9s se\u00f1ala que eliminar a Margarita Zavala de la boleta evitar\u00eda confusi\u00f3n entre el electorado.<\/p><\/div>\n<p>&nbsp;<\/p>\n<p>El aspirante presidencial, Ricardo Anaya, consider\u00f3 que la decisi\u00f3n de la coalici\u00f3n Por M\u00e9xico al Frente de solicitar al Tribunal Electoral la reimpresi\u00f3n de las papeletas electorales para eliminar el nombre de Margarita Zavala, evitar\u00eda confusi\u00f3n en el electorado.<\/p>\n<p>En entrevista, luego de reunirse con el Consejo Nacional Agropecuario (CNA), que encabeza Bosco de la Vega, el panista destac\u00f3 sin embargo que acatar\u00e1 la decisi\u00f3n del Tribunal Electoral del Poder Judicial de la Federaci\u00f3n (TEPJF) en ese sentido.<\/p>\n<p>Cuestionado sobre la posibilidad de que la aparici\u00f3n de Zavala G\u00f3mez del Campo pudiera perjudicarlo en la contienda, dijo que m\u00e1s all\u00e1 de especular, lo importante es que la ciudadan\u00eda tenga claro qui\u00e9nes son los cuatro candidatos y a cual dar\u00e1 su voto, sin que ello se preste a confusi\u00f3n.<\/p>\n<p>\u201cLe dar\u00eda mucha mayor transparencia al proceso, no habr\u00eda confusi\u00f3n a la hora que la gente vaya a votar, pero en cualquier caso se los digo con toda claridad, nosotros vamos a acatar lo que resuelva la autoridad electoral\u201d, coment\u00f3 Anaya Cort\u00e9s.<\/p>\n<p>En torno a la renegociaci\u00f3n del Tratado de Libre Comercio de Am\u00e9rica del Norte (TLCAN), el pol\u00edtico queretano insisti\u00f3 que Mexico no debe firmar bajo ninguna circunstancia, una negociaci\u00f3n que le sea desfavorable, sino que debe aguantar.<\/p>\n<p>\u201cNo nos debemos precipitar, es fundamental que tengamos un buen acuerdo para nuestro pa\u00eds y estoy convencido que yo lo puedo lograr como presidente de M\u00e9xico\u201d, expres\u00f3.<\/p>\n<p>En torno a la amenaza de la Coordinadora Nacional de Trabajadores de la Educaci\u00f3n (CNTE) de llevar a cabo, entre otras acciones, un plant\u00f3n nacional para solicitar que se derogue la reforma educativa, Ricardo Anaya dijo que si bien se debe privilegiar el di\u00e1logo, tambi\u00e9n es un hecho que se debe aplicar la ley.<\/p>\n<p>\u201cLa ley se le debe aplicar a todos y a todas, necesitamos que haya Estado de derecho y todos cumplamos la ley, desde el presidente (de la Rep\u00fablica) hasta el \u00faltimo de los ciudadanos (&#8230;) se debe privilegiar la educaci\u00f3n de las ni\u00f1as y ni\u00f1os, es inaceptable que se est\u00e9 dejando a los ni\u00f1os sin clase y se act\u00fae con fines pol\u00edticos. Mi llamado es a que respetemos el derecho de los ni\u00f1os a que tengan una educaci\u00f3n de calidad\u201d, expres\u00f3.<\/p>\n<p>M\u00e1s adelante, el exlegislador desestim\u00f3 los se\u00f1alamientos del candidato de la coalici\u00f3n Juntos Haremos Historia, Andr\u00e9s Manuel L\u00f3pez Obrador, en el sentido de que los empresarios est\u00e1n solicitando a sus trabajadores que apoyen su candidatura, raz\u00f3n por la que adelant\u00f3 que interpondr\u00e1 una denuncia ante la Fiscal\u00eda Especializada de Atenci\u00f3n a Delitos Electorales (Fepade).<\/p>\n<p>Ricardo Anaya opin\u00f3 que esas declaraciones son una muestra m\u00e1s de paranoia, de que el tabasque\u00f1o \u201cest\u00e1 muy nervioso porque le vamos a ganar las elecciones\u201d, adem\u00e1s.<\/p>\n","protected":false},"excerpt":{"rendered":"<p>El aspirante presidencial, Ricardo Anaya, consider\u00f3 que la decisi\u00f3n de la coalici\u00f3n Por M\u00e9xico al Frente de solicitar al Tribunal Electoral la reimpresi\u00f3n de las papeletas electorales para eliminar la imagen de Margarita Zavala, evitar\u00eda confusi\u00f3n en el electorado.<\/p>\n","protected":false},"author":3,"featured_media":377933,"comment_status":"open","ping_status":"open","sticky":false,"template":"","format":"standard","meta":{"_monsterinsights_skip_tracking":false,"_monsterinsights_sitenote_active":false,"_monsterinsights_sitenote_note":"","_monsterinsights_sitenote_category":0,"footnotes":""},"categories":[3],"tags":[22989,13639,74080,7347],"class_list":["post-377847","post","type-post","status-publish","format-standard","has-post-thumbnail","hentry","category-nacional","tag-boletas","tag-margarita-zavala-gomez-del-campo","tag-reimprimir","tag-ricardo-anaya-cortes"],"_links":{"self":[{"href":"https:\/\/www.diarioimagen.net\/index.php?rest_route=\/wp\/v2\/posts\/377847","targetHints":{"allow":["GET"]}}],"collection":[{"href":"https:\/\/www.diarioimagen.net\/index.php?rest_route=\/wp\/v2\/posts"}],"about":[{"href":"https:\/\/www.diarioimagen.net\/index.php?rest_route=\/wp\/v2\/types\/post"}],"author":[{"embeddable":true,"href":"https:\/\/www.diarioimagen.net\/index.php?rest_route=\/wp\/v2\/users\/3"}],"replies":[{"embeddable":true,"href":"https:\/\/www.diarioimagen.net\/index.php?rest_route=%2Fwp%2Fv2%2Fcomments&post=377847"}],"version-history":[{"count":0,"href":"https:\/\/www.diarioimagen.net\/index.php?rest_route=\/wp\/v2\/posts\/377847\/revisions"}],"wp:featuredmedia":[{"embeddable":true,"href":"https:\/\/www.diarioimagen.net\/index.php?rest_route=\/wp\/v2\/media\/377933"}],"wp:attachment":[{"href":"https:\/\/www.diarioimagen.net\/index.php?rest_route=%2Fwp%2Fv2%2Fmedia&parent=377847"}],"wp:term":[{"taxonomy":"category","embeddable":true,"href":"https:\/\/www.diarioimagen.net\/index.php?rest_route=%2Fwp%2Fv2%2Fcategories&post=377847"},{"taxonomy":"post_tag","embeddable":true,"href":"https:\/\/www.diarioimagen.net\/index.php?rest_route=%2Fwp%2Fv2%2Ftags&post=377847"}],"curies":[{"name":"wp","href":"https:\/\/api.w.org\/{rel}","templated":true}]}}