{"id":377850,"date":"2018-05-25T00:09:18","date_gmt":"2018-05-25T05:09:18","guid":{"rendered":"http:\/\/www.diarioimagen.net\/?p=377850"},"modified":"2018-05-25T02:43:27","modified_gmt":"2018-05-25T07:43:27","slug":"nestora-ayudaria-a-amlo-a-ser-cacique-el-bronco","status":"publish","type":"post","link":"https:\/\/www.diarioimagen.net\/?p=377850","title":{"rendered":"Nestora ayudar\u00eda a AMLO a ser cacique: <em>El Bronco<\/em>"},"content":{"rendered":"<ul>\n<li><strong><em>Se re\u00fane con ganaderos de Chihuahua<\/em><\/strong><\/li>\n<\/ul>\n<p>&nbsp;<\/p>\n<div id=\"attachment_377928\" style=\"width: 470px\" class=\"wp-caption aligncenter\"><a href=\"http:\/\/www.diarioimagen.net\/?attachment_id=377928\" rel=\"attachment wp-att-377928\"><img loading=\"lazy\" decoding=\"async\" aria-describedby=\"caption-attachment-377928\" class=\"size-large wp-image-377928\" src=\"http:\/\/www.diarioimagen.net\/wp-content\/uploads\/2018\/05\/BRONCO-3375-460x259.jpg\" alt=\"\" width=\"460\" height=\"259\" srcset=\"https:\/\/www.diarioimagen.net\/wp-content\/uploads\/2018\/05\/BRONCO-3375-460x259.jpg 460w, https:\/\/www.diarioimagen.net\/wp-content\/uploads\/2018\/05\/BRONCO-3375-240x135.jpg 240w, https:\/\/www.diarioimagen.net\/wp-content\/uploads\/2018\/05\/BRONCO-3375-235x132.jpg 235w, https:\/\/www.diarioimagen.net\/wp-content\/uploads\/2018\/05\/BRONCO-3375-202x114.jpg 202w, https:\/\/www.diarioimagen.net\/wp-content\/uploads\/2018\/05\/BRONCO-3375-350x196.jpg 350w, https:\/\/www.diarioimagen.net\/wp-content\/uploads\/2018\/05\/BRONCO-3375-220x123.jpg 220w, https:\/\/www.diarioimagen.net\/wp-content\/uploads\/2018\/05\/BRONCO-3375-237x132.jpg 237w, https:\/\/www.diarioimagen.net\/wp-content\/uploads\/2018\/05\/BRONCO-3375.jpg 480w\" sizes=\"auto, (max-width: 460px) 100vw, 460px\" \/><\/a><p id=\"caption-attachment-377928\" class=\"wp-caption-text\">Jaime Rodr\u00edguez Calder\u00f3n sostuvo una reuni\u00f3n con ganaderos y hombres del campo de Chihuahua.<\/p><\/div>\n<p>&nbsp;<\/p>\n<p>El candidato presidencial independiente, Jaime Rodr\u00edguez Calder\u00f3n, afirm\u00f3 que la activista Nestora Salgado Garc\u00eda ayudar\u00eda a Andr\u00e9s Manuel L\u00f3pez Obrador, candidato de Morena, a ser un cacique en este pa\u00eds, porque seg\u00fan \u00e9l s\u00f3lo est\u00e1 rodeando de gente de ese tipo.<\/p>\n<p>En entrevista en Chihuahua, sostuvo que Nestora Salgado, quien es activista y fue ex comandanta de la polic\u00eda comunitaria de Olinal\u00e1, Guerrero, y quien estuvo en la c\u00e1rcel acusada de secuestro, no ser\u00eda m\u00e1s que otra de las piezas del aspirante de la coalici\u00f3n Juntos Haremos Historia, para su cacicazgo.<\/p>\n<p>Tras reunirse con ganaderos y hombres del campo de Chihuahua, \u201cEl Bronco\u201d manifest\u00f3 que \u00e9l prefiere el subsidio y todo apoyo para el campo que seguir tirando el dinero en pol\u00edticas asistencialistas.<\/p>\n<p>Destac\u00f3 que Chihuahua es un gran productor de ganado, manzana, alfalfa, nuez, y sostuvo que es el \u00fanico aspirante presidencial que defiende ese tema.<\/p>\n<p>De acuerdo con Rodr\u00edguez Calder\u00f3n, el campo mexicano est\u00e1 desatendido porque se le han dedicado recursos en gran parte al asistencialismo, sin incrementar la productividad y el campo mexicano es el salvador de M\u00e9xico; es la parte con la que es posible competir con el mundo.<\/p>\n<p>Se\u00f1al\u00f3 que la industrializaci\u00f3n es una parte que se tiene que seguir, pero el campo mexicano puede darle al pa\u00eds lo que le daba en el pasado, por lo que \u201ctenemos que subsidiar mucha de la producci\u00f3n que se tiene en M\u00e9xico\u201d.<\/p>\n<p>En Chihuahua han vencido la adversidad, porque lo han logrado en el desierto, con la falta de agua, a comparaci\u00f3n del sureste donde hay enormes cantidades de agua y vegetaci\u00f3n, y lo que hace falta all\u00e1 es que el gobierno se ponga a trabajar.<\/p>\n<p>Los ganaderos, enfatiz\u00f3 Rodr\u00edguez Calder\u00f3n, son gente que viene de generaciones, manteniendo y sosteniendo la actividad, han tenido problemas como sequ\u00edas, se ha reducido el hato ganadero, la violencia y la maldad invade.<\/p>\n<p>Por ello, a\u00f1adi\u00f3, se necesita financiamiento tasa cero para todos los campesinos y ganaderos, porque actualmente existe mucha burocracia y lo que se necesita es dinero para los campesinos.<\/p>\n<p>Quiero facilitar que el recurso al campo, que tengan los recursos de manera inmediata, que el asistencialismo sea para el campo, que sean los ganaderos quienes pueden crecer.<\/p>\n","protected":false},"excerpt":{"rendered":"<p>El candidato presidencial independiente, Jaime Rodr\u00edguez Calder\u00f3n, afirm\u00f3 que la activista Nestora Salgado Garc\u00eda ayudar\u00eda a Andr\u00e9s Manuel L\u00f3pez Obrador, candidato de Morena, a ser un cacique en este pa\u00eds, porque seg\u00fan \u00e9l s\u00f3lo est\u00e1 rodeando de gente de ese tipo.<\/p>\n","protected":false},"author":3,"featured_media":377928,"comment_status":"open","ping_status":"open","sticky":false,"template":"","format":"standard","meta":{"_monsterinsights_skip_tracking":false,"_monsterinsights_sitenote_active":false,"_monsterinsights_sitenote_note":"","_monsterinsights_sitenote_category":0,"footnotes":""},"categories":[3],"tags":[2545,74081,69284,74082],"class_list":["post-377850","post","type-post","status-publish","format-standard","has-post-thumbnail","hentry","category-nacional","tag-amlo","tag-cacique","tag-jaime-rodriguez-calderon","tag-nestora-salgado-garcia"],"_links":{"self":[{"href":"https:\/\/www.diarioimagen.net\/index.php?rest_route=\/wp\/v2\/posts\/377850","targetHints":{"allow":["GET"]}}],"collection":[{"href":"https:\/\/www.diarioimagen.net\/index.php?rest_route=\/wp\/v2\/posts"}],"about":[{"href":"https:\/\/www.diarioimagen.net\/index.php?rest_route=\/wp\/v2\/types\/post"}],"author":[{"embeddable":true,"href":"https:\/\/www.diarioimagen.net\/index.php?rest_route=\/wp\/v2\/users\/3"}],"replies":[{"embeddable":true,"href":"https:\/\/www.diarioimagen.net\/index.php?rest_route=%2Fwp%2Fv2%2Fcomments&post=377850"}],"version-history":[{"count":0,"href":"https:\/\/www.diarioimagen.net\/index.php?rest_route=\/wp\/v2\/posts\/377850\/revisions"}],"wp:featuredmedia":[{"embeddable":true,"href":"https:\/\/www.diarioimagen.net\/index.php?rest_route=\/wp\/v2\/media\/377928"}],"wp:attachment":[{"href":"https:\/\/www.diarioimagen.net\/index.php?rest_route=%2Fwp%2Fv2%2Fmedia&parent=377850"}],"wp:term":[{"taxonomy":"category","embeddable":true,"href":"https:\/\/www.diarioimagen.net\/index.php?rest_route=%2Fwp%2Fv2%2Fcategories&post=377850"},{"taxonomy":"post_tag","embeddable":true,"href":"https:\/\/www.diarioimagen.net\/index.php?rest_route=%2Fwp%2Fv2%2Ftags&post=377850"}],"curies":[{"name":"wp","href":"https:\/\/api.w.org\/{rel}","templated":true}]}}