{"id":377883,"date":"2018-05-25T00:09:49","date_gmt":"2018-05-25T05:09:49","guid":{"rendered":"http:\/\/www.diarioimagen.net\/?p=377883"},"modified":"2018-05-25T03:13:20","modified_gmt":"2018-05-25T08:13:20","slug":"arranca-campana-aldo-ledezma-en-cuautitlan-mexico","status":"publish","type":"post","link":"https:\/\/www.diarioimagen.net\/?p=377883","title":{"rendered":"Arranca campa\u00f1a Aldo Ledezma en Cuautitl\u00e1n, M\u00e9xico"},"content":{"rendered":"<p><a href=\"http:\/\/www.diarioimagen.net\/?attachment_id=377959\" rel=\"attachment wp-att-377959\"><img loading=\"lazy\" decoding=\"async\" class=\"aligncenter size-large wp-image-377959\" src=\"http:\/\/www.diarioimagen.net\/wp-content\/uploads\/2018\/05\/CUAUTITLAN-3375-460x259.jpg\" alt=\"\" width=\"460\" height=\"259\" srcset=\"https:\/\/www.diarioimagen.net\/wp-content\/uploads\/2018\/05\/CUAUTITLAN-3375-460x259.jpg 460w, https:\/\/www.diarioimagen.net\/wp-content\/uploads\/2018\/05\/CUAUTITLAN-3375-240x135.jpg 240w, https:\/\/www.diarioimagen.net\/wp-content\/uploads\/2018\/05\/CUAUTITLAN-3375-235x132.jpg 235w, https:\/\/www.diarioimagen.net\/wp-content\/uploads\/2018\/05\/CUAUTITLAN-3375-202x114.jpg 202w, https:\/\/www.diarioimagen.net\/wp-content\/uploads\/2018\/05\/CUAUTITLAN-3375-350x196.jpg 350w, https:\/\/www.diarioimagen.net\/wp-content\/uploads\/2018\/05\/CUAUTITLAN-3375-220x123.jpg 220w, https:\/\/www.diarioimagen.net\/wp-content\/uploads\/2018\/05\/CUAUTITLAN-3375-237x132.jpg 237w, https:\/\/www.diarioimagen.net\/wp-content\/uploads\/2018\/05\/CUAUTITLAN-3375.jpg 480w\" sizes=\"auto, (max-width: 460px) 100vw, 460px\" \/><\/a><\/p>\n<p>&nbsp;<\/p>\n<p><strong>Cuautitl\u00e1n, Estado de M\u00e9xico.-<\/strong> Al dar inicio a su campa\u00f1a de proselitismo el candidato del Partido Revolucionario Institucional a la presidencia municipal de Cuautitl\u00e1n, Aldo Ledezma, se hizo acompa\u00f1ar del \u00a0candidato a diputado local, Alonso Vicente\u00f1o, \u00a0por el distrito 19,\u00a0 comentando que el PRI continuar\u00e1 reinando en la zona, pues son la mejor propuesta.<\/p>\n<p>&nbsp;<\/p>\n","protected":false},"excerpt":{"rendered":"<p>Al dar inicio a su campa\u00f1a de proselitismo el candidato del Partido Revolucionario Institucional a la presidencia municipal de Cuautitl\u00e1n, Aldo Ledezma, se hizo acompa\u00f1ar del  candidato a diputado local, Alonso Vicente\u00f1o,  por el distrito 19,  comentando que el PRI continuar\u00e1 reinando en la zona, pues son la mejor propuesta. <\/p>\n","protected":false},"author":3,"featured_media":377959,"comment_status":"open","ping_status":"open","sticky":false,"template":"","format":"standard","meta":{"_monsterinsights_skip_tracking":false,"_monsterinsights_sitenote_active":false,"_monsterinsights_sitenote_note":"","_monsterinsights_sitenote_category":0,"footnotes":""},"categories":[35155],"tags":[74085,681,43675],"class_list":["post-377883","post","type-post","status-publish","format-standard","has-post-thumbnail","hentry","category-estado-de-mexico-estado-de-mexico","tag-aldo-ledezma","tag-cuautitlan","tag-estado-de-mexico"],"_links":{"self":[{"href":"https:\/\/www.diarioimagen.net\/index.php?rest_route=\/wp\/v2\/posts\/377883","targetHints":{"allow":["GET"]}}],"collection":[{"href":"https:\/\/www.diarioimagen.net\/index.php?rest_route=\/wp\/v2\/posts"}],"about":[{"href":"https:\/\/www.diarioimagen.net\/index.php?rest_route=\/wp\/v2\/types\/post"}],"author":[{"embeddable":true,"href":"https:\/\/www.diarioimagen.net\/index.php?rest_route=\/wp\/v2\/users\/3"}],"replies":[{"embeddable":true,"href":"https:\/\/www.diarioimagen.net\/index.php?rest_route=%2Fwp%2Fv2%2Fcomments&post=377883"}],"version-history":[{"count":0,"href":"https:\/\/www.diarioimagen.net\/index.php?rest_route=\/wp\/v2\/posts\/377883\/revisions"}],"wp:featuredmedia":[{"embeddable":true,"href":"https:\/\/www.diarioimagen.net\/index.php?rest_route=\/wp\/v2\/media\/377959"}],"wp:attachment":[{"href":"https:\/\/www.diarioimagen.net\/index.php?rest_route=%2Fwp%2Fv2%2Fmedia&parent=377883"}],"wp:term":[{"taxonomy":"category","embeddable":true,"href":"https:\/\/www.diarioimagen.net\/index.php?rest_route=%2Fwp%2Fv2%2Fcategories&post=377883"},{"taxonomy":"post_tag","embeddable":true,"href":"https:\/\/www.diarioimagen.net\/index.php?rest_route=%2Fwp%2Fv2%2Ftags&post=377883"}],"curies":[{"name":"wp","href":"https:\/\/api.w.org\/{rel}","templated":true}]}}