{"id":378004,"date":"2018-05-28T00:11:39","date_gmt":"2018-05-28T05:11:39","guid":{"rendered":"http:\/\/www.diarioimagen.net\/?p=378004"},"modified":"2018-05-27T23:44:28","modified_gmt":"2018-05-28T04:44:28","slug":"giran-orden-de-aprehension-contra-karime-macias","status":"publish","type":"post","link":"https:\/\/www.diarioimagen.net\/?p=378004","title":{"rendered":"Giran orden de aprehensi\u00f3n contra Karime Mac\u00edas"},"content":{"rendered":"<ul>\n<li><em><strong>Acusada del desv\u00edo de 112 millones de pesos<\/strong><\/em><\/li>\n<\/ul>\n<p>&nbsp;<\/p>\n<div id=\"attachment_378005\" style=\"width: 470px\" class=\"wp-caption aligncenter\"><img loading=\"lazy\" decoding=\"async\" aria-describedby=\"caption-attachment-378005\" class=\"size-large wp-image-378005\" src=\"http:\/\/www.diarioimagen.net\/wp-content\/uploads\/2018\/05\/KARIME29-ok-portal-460x268.jpg\" alt=\"\" width=\"460\" height=\"268\" srcset=\"https:\/\/www.diarioimagen.net\/wp-content\/uploads\/2018\/05\/KARIME29-ok-portal-460x268.jpg 460w, https:\/\/www.diarioimagen.net\/wp-content\/uploads\/2018\/05\/KARIME29-ok-portal-240x140.jpg 240w, https:\/\/www.diarioimagen.net\/wp-content\/uploads\/2018\/05\/KARIME29-ok-portal.jpg 480w\" sizes=\"auto, (max-width: 460px) 100vw, 460px\" \/><p id=\"caption-attachment-378005\" class=\"wp-caption-text\">La Fiscal\u00eda General de Veracruz inform\u00f3 que se libr\u00f3 orden de aprehensi\u00f3n contra Karime Mac\u00edas, esposa del ex gobernador Javier Duarte.<\/p><\/div>\n<p>&nbsp;<\/p>\n<p>La Fiscal\u00eda de Veracruz inform\u00f3 que gir\u00f3 una orden de aprehensi\u00f3n contra Karime Mac\u00edas, esposa del ex gobernador Javier Duarte de Ochoa, por el delito de da\u00f1o patrimonial contra las arcas del estado por m\u00e1s de 112 millones de pesos.<\/p>\n<p>El fiscal Jorge Winckler detall\u00f3 que Karime Mac\u00edas utiliz\u00f3 el Sistema Estatal para el Desarrollo Integral de la Familia (DIF) Veracruz para realizar los desv\u00edos mediante empresas fantasmas y se emitir\u00e1 una ficha roja para llevar a cabo su captura.<\/p>\n<p>En conferencia de prensa, el Fiscal Jorge Winckler Ortiz afirm\u00f3 que la orden contra Mac\u00edas fue liberada por un juez de control del fuero com\u00fan el pasado viernes 25 de mayo.<\/p>\n<p>Debido a que Mac\u00edas abandon\u00f3 el pa\u00eds, la Fiscal\u00eda solicitar\u00e1 a la Procuradur\u00eda General de la Rep\u00fablica (PGR) el establecimiento de una alerta migratoria y la publicaci\u00f3n de una ficha roja para la b\u00fasqueda, localizaci\u00f3n y detenci\u00f3n en el extranjero con fines de extradici\u00f3n de la acusada.<\/p>\n<p>De acuerdo con las investigaciones de la Fiscal\u00eda, recursos del DIF estatal se utilizaron para suscribir y pagar contratos de compraventa con por lo menos seis empresas inexistentes, mejor conocidas como empresas \u00abfantasma\u00bb, para la supuesta adquisici\u00f3n de equipo m\u00e9dico, productos multivitam\u00ednicos, sistemas de purificaci\u00f3n de agua, sistemas de captaci\u00f3n pluvial, sanitarios biodegradables, art\u00edculos electrodom\u00e9sticos, paquetes escolares y otros.<\/p>\n<p>Sin embargo, sostuvo el funcionario, no existen datos o evidencia de que esos art\u00edculos se entregaron a la poblaci\u00f3n vulnerable a la que estar\u00edan destinados, y s\u00f3lo se justifica el pago a esas empresas \u00abfantasma\u00bb.<\/p>\n<p>El Fiscal aclar\u00f3 que el da\u00f1o al DIF de Veracruz podr\u00eda ser mayor, ya que siguen las investigaciones sobre m\u00faltiples contratos en esa instituci\u00f3n concretados de manera irregular.<\/p>\n<p>Winckler Ortiz asegur\u00f3 que la Fiscal\u00eda continuar\u00e1 con su labor para tratar de recuperar el dinero desviado y exhort\u00f3 a cualquier particular o servidor p\u00fablico a que, de contar con datos y evidencias para esclarecer estos il\u00edcitos, los entregue a la dependencia a su cargo.<\/p>\n","protected":false},"excerpt":{"rendered":"<p>La Fiscal\u00eda de Veracruz inform\u00f3 que gir\u00f3 una orden de aprehensi\u00f3n contra Karime Mac\u00edas, esposa del ex gobernador Javier Duarte de Ochoa, por el delito de da\u00f1o patrimonial contra las arcas del estado por m\u00e1s de 112 millones de pesos.<\/p>\n","protected":false},"author":5,"featured_media":378005,"comment_status":"open","ping_status":"open","sticky":false,"template":"","format":"standard","meta":{"_monsterinsights_skip_tracking":false,"_monsterinsights_sitenote_active":false,"_monsterinsights_sitenote_note":"","_monsterinsights_sitenote_category":0,"footnotes":""},"categories":[7],"tags":[74097,63697,486,74095,74096,43677],"class_list":["post-378004","post","type-post","status-publish","format-standard","has-post-thumbnail","hentry","category-seguridad","tag-112-millones-de-pesos","tag-fiscalia-de-veracruz","tag-javier-duarte-de-ochoa","tag-karime-macias","tag-orden-de-aprehension","tag-seguridad"],"_links":{"self":[{"href":"https:\/\/www.diarioimagen.net\/index.php?rest_route=\/wp\/v2\/posts\/378004","targetHints":{"allow":["GET"]}}],"collection":[{"href":"https:\/\/www.diarioimagen.net\/index.php?rest_route=\/wp\/v2\/posts"}],"about":[{"href":"https:\/\/www.diarioimagen.net\/index.php?rest_route=\/wp\/v2\/types\/post"}],"author":[{"embeddable":true,"href":"https:\/\/www.diarioimagen.net\/index.php?rest_route=\/wp\/v2\/users\/5"}],"replies":[{"embeddable":true,"href":"https:\/\/www.diarioimagen.net\/index.php?rest_route=%2Fwp%2Fv2%2Fcomments&post=378004"}],"version-history":[{"count":0,"href":"https:\/\/www.diarioimagen.net\/index.php?rest_route=\/wp\/v2\/posts\/378004\/revisions"}],"wp:featuredmedia":[{"embeddable":true,"href":"https:\/\/www.diarioimagen.net\/index.php?rest_route=\/wp\/v2\/media\/378005"}],"wp:attachment":[{"href":"https:\/\/www.diarioimagen.net\/index.php?rest_route=%2Fwp%2Fv2%2Fmedia&parent=378004"}],"wp:term":[{"taxonomy":"category","embeddable":true,"href":"https:\/\/www.diarioimagen.net\/index.php?rest_route=%2Fwp%2Fv2%2Fcategories&post=378004"},{"taxonomy":"post_tag","embeddable":true,"href":"https:\/\/www.diarioimagen.net\/index.php?rest_route=%2Fwp%2Fv2%2Ftags&post=378004"}],"curies":[{"name":"wp","href":"https:\/\/api.w.org\/{rel}","templated":true}]}}