{"id":378043,"date":"2018-05-28T00:10:39","date_gmt":"2018-05-28T05:10:39","guid":{"rendered":"http:\/\/www.diarioimagen.net\/?p=378043"},"modified":"2018-05-28T01:19:43","modified_gmt":"2018-05-28T06:19:43","slug":"inauguro-alfredo-barrera-exposicion-ixnola","status":"publish","type":"post","link":"https:\/\/www.diarioimagen.net\/?p=378043","title":{"rendered":"Inaugur\u00f3 Alfredo Barrera exposici\u00f3n \u201cIxnola\u201d"},"content":{"rendered":"<ul>\n<li><strong><em>Se exhibe en el Museo Universitario \u201cLeopoldo Flores\u201d<\/em><\/strong><\/li>\n<\/ul>\n<p>&nbsp;<\/p>\n<div id=\"attachment_378131\" style=\"width: 470px\" class=\"wp-caption aligncenter\"><a href=\"http:\/\/www.diarioimagen.net\/?attachment_id=378131\" rel=\"attachment wp-att-378131\"><img loading=\"lazy\" decoding=\"async\" aria-describedby=\"caption-attachment-378131\" class=\"size-large wp-image-378131\" src=\"http:\/\/www.diarioimagen.net\/wp-content\/uploads\/2018\/05\/UAEM-3376-460x259.jpg\" alt=\"\" width=\"460\" height=\"259\" srcset=\"https:\/\/www.diarioimagen.net\/wp-content\/uploads\/2018\/05\/UAEM-3376-460x259.jpg 460w, https:\/\/www.diarioimagen.net\/wp-content\/uploads\/2018\/05\/UAEM-3376-240x135.jpg 240w, https:\/\/www.diarioimagen.net\/wp-content\/uploads\/2018\/05\/UAEM-3376-235x132.jpg 235w, https:\/\/www.diarioimagen.net\/wp-content\/uploads\/2018\/05\/UAEM-3376-202x114.jpg 202w, https:\/\/www.diarioimagen.net\/wp-content\/uploads\/2018\/05\/UAEM-3376-350x196.jpg 350w, https:\/\/www.diarioimagen.net\/wp-content\/uploads\/2018\/05\/UAEM-3376-220x123.jpg 220w, https:\/\/www.diarioimagen.net\/wp-content\/uploads\/2018\/05\/UAEM-3376-237x132.jpg 237w, https:\/\/www.diarioimagen.net\/wp-content\/uploads\/2018\/05\/UAEM-3376.jpg 480w\" sizes=\"auto, (max-width: 460px) 100vw, 460px\" \/><\/a><p id=\"caption-attachment-378131\" class=\"wp-caption-text\">El rector de la Universidad Aut\u00f3noma del Estado de M\u00e9xico, Alfredo Barrera Baca, inaugur\u00f3 la exposici\u00f3n \u201cIxnola\u201d, autor\u00eda de la artista visual Georgina Santos.<\/p><\/div>\n<p>&nbsp;<\/p>\n<p><strong>Toluca, Estado de M\u00e9xico<\/strong>. \u2013En el Museo Universitario \u201cLeopoldo Flores\u201d (MULF), el rector de la Universidad Aut\u00f3noma del Estado de M\u00e9xico, Alfredo Barrera Baca, inaugur\u00f3 la exposici\u00f3n \u201cIxnola\u201d, autor\u00eda de la artista visual Georgina Santos, una de las tres ganadoras de la 13\u00aa convocatoria anual \u201cArte abierto, arte para todos\u201d.<\/p>\n<p>En este espacio cultural, el rector puntualiz\u00f3 que este certamen abre las oportunidades para exponer la enorme diversidad de expresiones art\u00edsticas contempor\u00e1neas y vincular a distintas audiencias con discursos est\u00e9ticos heterog\u00e9neos y complejos que se muestran en todo tipo de soportes, como pintura de caballete, dibujo, escultura, fotograf\u00eda, gr\u00e1fica, video, animaci\u00f3n, arte sonoro, instalaci\u00f3n, videoarte y piezas interactivas.<\/p>\n<p>Acompa\u00f1ado de los directores de Museos, Jorge Guadarrama L\u00f3pez, y del MULF, Gabriela Morales San Juan, consider\u00f3 que las siete piezas que conforman la muestra, \u201cde impecable factura, apelan a nuestro intelecto y emociones para generar una experiencia est\u00e9tica y una reflexi\u00f3n po\u00e9tica sobre lo que significa ser otro u otra en el siglo XXI\u201d.<\/p>\n<p>Georgina Santos indic\u00f3 que las tres piezas de video-arte, una sonora y tres instalaciones objetuales que conforman \u201cIxnola\u201d buscan representar el trabajo, la experiencia y vivencias de las mujeres ind\u00edgenas de la comunidad de Hueyapan, Puebla, de donde es originario su padre.<\/p>\n<p>La artista pl\u00e1stica invit\u00f3 a la comunidad universitaria y al p\u00fablico en general a visitar la exposici\u00f3n, que calific\u00f3 como una oportunidad para romper con algunos esquemas sobre la apreciaci\u00f3n del arte contempor\u00e1neo y \u201cuna herramienta, para la cr\u00edtica y el debate de temas actuales, como la identidad, la mercantilizaci\u00f3n de los textiles o el despojo a las comunidades\u201d.<\/p>\n<p>Agradeci\u00f3 el espacio para difundir su obra, que estar\u00e1 expuesta hasta el mes de julio, as\u00ed como el apoyo econ\u00f3mico que obtuvo tras ser una de las ganadoras de \u201cArte abierto, arte para todos\u201d, que le permitir\u00e1 seguir creando.<\/p>\n","protected":false},"excerpt":{"rendered":"<p>En el Museo Universitario \u201cLeopoldo Flores\u201d (MULF), el rector de la Universidad Aut\u00f3noma del Estado de M\u00e9xico, Alfredo Barrera Baca, inaugur\u00f3 la exposici\u00f3n \u201cIxnola\u201d, autor\u00eda de la artista visual Georgina Santos, una de las tres ganadoras de la 13\u00aa convocatoria anual \u201cArte abierto, arte para todos\u201d.<\/p>\n","protected":false},"author":3,"featured_media":378131,"comment_status":"open","ping_status":"open","sticky":false,"template":"","format":"standard","meta":{"_monsterinsights_skip_tracking":false,"_monsterinsights_sitenote_active":false,"_monsterinsights_sitenote_note":"","_monsterinsights_sitenote_category":0,"footnotes":""},"categories":[5],"tags":[58572,43675,74150,452,1490],"class_list":["post-378043","post","type-post","status-publish","format-standard","has-post-thumbnail","hentry","category-estado-de-mexico","tag-alfredo-barrera-baca","tag-estado-de-mexico","tag-ixnola","tag-toluca","tag-universidad-autonoma-del-estado-de-mexico"],"_links":{"self":[{"href":"https:\/\/www.diarioimagen.net\/index.php?rest_route=\/wp\/v2\/posts\/378043","targetHints":{"allow":["GET"]}}],"collection":[{"href":"https:\/\/www.diarioimagen.net\/index.php?rest_route=\/wp\/v2\/posts"}],"about":[{"href":"https:\/\/www.diarioimagen.net\/index.php?rest_route=\/wp\/v2\/types\/post"}],"author":[{"embeddable":true,"href":"https:\/\/www.diarioimagen.net\/index.php?rest_route=\/wp\/v2\/users\/3"}],"replies":[{"embeddable":true,"href":"https:\/\/www.diarioimagen.net\/index.php?rest_route=%2Fwp%2Fv2%2Fcomments&post=378043"}],"version-history":[{"count":0,"href":"https:\/\/www.diarioimagen.net\/index.php?rest_route=\/wp\/v2\/posts\/378043\/revisions"}],"wp:featuredmedia":[{"embeddable":true,"href":"https:\/\/www.diarioimagen.net\/index.php?rest_route=\/wp\/v2\/media\/378131"}],"wp:attachment":[{"href":"https:\/\/www.diarioimagen.net\/index.php?rest_route=%2Fwp%2Fv2%2Fmedia&parent=378043"}],"wp:term":[{"taxonomy":"category","embeddable":true,"href":"https:\/\/www.diarioimagen.net\/index.php?rest_route=%2Fwp%2Fv2%2Fcategories&post=378043"},{"taxonomy":"post_tag","embeddable":true,"href":"https:\/\/www.diarioimagen.net\/index.php?rest_route=%2Fwp%2Fv2%2Ftags&post=378043"}],"curies":[{"name":"wp","href":"https:\/\/api.w.org\/{rel}","templated":true}]}}