{"id":378045,"date":"2018-05-28T00:11:45","date_gmt":"2018-05-28T05:11:45","guid":{"rendered":"http:\/\/www.diarioimagen.net\/?p=378045"},"modified":"2018-05-28T01:56:04","modified_gmt":"2018-05-28T06:56:04","slug":"supervisan-campamentos-de-grupo-tlaloc","status":"publish","type":"post","link":"https:\/\/www.diarioimagen.net\/?p=378045","title":{"rendered":"Supervisan campamentos de Grupo Tl\u00e1loc"},"content":{"rendered":"<h2>Arco Norte<\/h2>\n<h5>Jos\u00e9 Luis Monta\u00f1ez Aguilar<\/h5>\n<p>&nbsp;<\/p>\n<p><a href=\"http:\/\/www.diarioimagen.net\/?attachment_id=378127\" rel=\"attachment wp-att-378127\"><img loading=\"lazy\" decoding=\"async\" class=\"aligncenter size-large wp-image-378127\" src=\"http:\/\/www.diarioimagen.net\/wp-content\/uploads\/2018\/05\/tlaloc-3376-460x259.jpg\" alt=\"\" width=\"460\" height=\"259\" srcset=\"https:\/\/www.diarioimagen.net\/wp-content\/uploads\/2018\/05\/tlaloc-3376-460x259.jpg 460w, https:\/\/www.diarioimagen.net\/wp-content\/uploads\/2018\/05\/tlaloc-3376-240x135.jpg 240w, https:\/\/www.diarioimagen.net\/wp-content\/uploads\/2018\/05\/tlaloc-3376-235x132.jpg 235w, https:\/\/www.diarioimagen.net\/wp-content\/uploads\/2018\/05\/tlaloc-3376-202x114.jpg 202w, https:\/\/www.diarioimagen.net\/wp-content\/uploads\/2018\/05\/tlaloc-3376-350x196.jpg 350w, https:\/\/www.diarioimagen.net\/wp-content\/uploads\/2018\/05\/tlaloc-3376-220x123.jpg 220w, https:\/\/www.diarioimagen.net\/wp-content\/uploads\/2018\/05\/tlaloc-3376-237x132.jpg 237w, https:\/\/www.diarioimagen.net\/wp-content\/uploads\/2018\/05\/tlaloc-3376.jpg 480w\" sizes=\"auto, (max-width: 460px) 100vw, 460px\" \/><\/a><\/p>\n<p>&nbsp;<\/p>\n<p>Como parte del Protocolo de Atenci\u00f3n a Emergencias durante esta temporada de lluvias, para garantizar la seguridad de los mexiquenses, la Secretar\u00eda de Obra P\u00fablica realiz\u00f3 una supervisi\u00f3n a uno de los reci\u00e9n instalados Campamentos del Grupo Tl\u00e1loc.<\/p>\n<p>Durante la visita al campamento ubicado en la colonia Valle Dorado del municipio de Tlalnepantla, el titular de la Secretar\u00eda de Obra P\u00fablica indic\u00f3 que, en el a\u00f1o 2017, m\u00e1s de 23 mil ciudadanos fueron atendidos con las acciones de este grupo.<\/p>\n<p>De igual forma, convers\u00f3 con los integrantes del Grupo Tl\u00e1loc sobre la importancia del trabajo que realizan y la confianza que en ellos depositan los mexiquenses y el gobierno del Estado de M\u00e9xico.<\/p>\n<p>Cada uno de los 26 campamentos instalados en la entidad cuentan con el personal t\u00e9cnico y el equipo especializado necesario, para brindar apoyo a la poblaci\u00f3n.<\/p>\n<p>Los motociclistas y monitoristas de este campamento en Valle Dorado, en la zona donde confluyen el R\u00edo San Javier y el T\u00fanel Emisor Poniente, est\u00e1n preparados para atender cualquier emergencia relacionada con la temporada.<\/p>\n<p>Recordaron a la poblaci\u00f3n que pueden reportar cualquier emergencia a los tel\u00e9fonos del Centro de Operaciones de Monitoreo y Concentraci\u00f3n de Informaci\u00f3n (COMCI), 01800-201-2489 para el Valle de M\u00e9xico y 01800-201-2490 en el Valle de Toluca.<\/p>\n<p style=\"text-align: center;\"><strong>Edomex, con una PEA de 7.8 millones de personas<\/strong><\/p>\n<p>Con el prop\u00f3sito de contribuir a la definici\u00f3n de objetivos, metas y estrategias que incidan en la productividad y generaci\u00f3n de empleos de calidad para los mexiquenses, fue presentado y aprobado el Plan de Trabajo 2018 del Comit\u00e9 de Productividad del Estado de M\u00e9xico, as\u00ed como el proyecto preliminar de programa de acci\u00f3n para el presente sexenio.<\/p>\n<p>Como responsable del Comit\u00e9 de Productividad, el secretario del Trabajo,\u00ad indic\u00f3 que el Estado de M\u00e9xico tiene la principal fuerza laboral del pa\u00eds, con una Poblaci\u00f3n Econ\u00f3micamente Activa (PEA) de casi 7.8 millones de personas, esto es, que se concentra en territorio estatal, el 14.2 por ciento del total nacional, por lo que exhort\u00f3 a sus integrantes a enriquecer el programa con acciones tangibles y metas evaluables.<\/p>\n<p><em><a href=\"mailto:montanezaguilar@gmail.com\" target=\"_blank\" rel=\"noopener noreferrer\">montanezaguilar@gmail.com<\/a><\/em><\/p>\n","protected":false},"excerpt":{"rendered":"<p><span style=\"color: #005497;\">Jos\u00e9 Luis Monta\u00f1ez Aguilar<\/span><br \/>\n<br \/>\nComo parte del Protocolo de Atenci\u00f3n a Emergencias durante esta temporada de lluvias, para garantizar la seguridad de los mexiquenses, la Secretar\u00eda de Obra P\u00fablica<\/p>\n","protected":false},"author":3,"featured_media":378127,"comment_status":"open","ping_status":"open","sticky":false,"template":"","format":"standard","meta":{"_monsterinsights_skip_tracking":false,"_monsterinsights_sitenote_active":false,"_monsterinsights_sitenote_note":"","_monsterinsights_sitenote_category":0,"footnotes":""},"categories":[5],"tags":[13284,43704,65716,43674],"class_list":["post-378045","post","type-post","status-publish","format-standard","has-post-thumbnail","hentry","category-estado-de-mexico","tag-arco-norte","tag-jose-luis-montanez-aguilar","tag-m","tag-opinion"],"_links":{"self":[{"href":"https:\/\/www.diarioimagen.net\/index.php?rest_route=\/wp\/v2\/posts\/378045","targetHints":{"allow":["GET"]}}],"collection":[{"href":"https:\/\/www.diarioimagen.net\/index.php?rest_route=\/wp\/v2\/posts"}],"about":[{"href":"https:\/\/www.diarioimagen.net\/index.php?rest_route=\/wp\/v2\/types\/post"}],"author":[{"embeddable":true,"href":"https:\/\/www.diarioimagen.net\/index.php?rest_route=\/wp\/v2\/users\/3"}],"replies":[{"embeddable":true,"href":"https:\/\/www.diarioimagen.net\/index.php?rest_route=%2Fwp%2Fv2%2Fcomments&post=378045"}],"version-history":[{"count":0,"href":"https:\/\/www.diarioimagen.net\/index.php?rest_route=\/wp\/v2\/posts\/378045\/revisions"}],"wp:featuredmedia":[{"embeddable":true,"href":"https:\/\/www.diarioimagen.net\/index.php?rest_route=\/wp\/v2\/media\/378127"}],"wp:attachment":[{"href":"https:\/\/www.diarioimagen.net\/index.php?rest_route=%2Fwp%2Fv2%2Fmedia&parent=378045"}],"wp:term":[{"taxonomy":"category","embeddable":true,"href":"https:\/\/www.diarioimagen.net\/index.php?rest_route=%2Fwp%2Fv2%2Fcategories&post=378045"},{"taxonomy":"post_tag","embeddable":true,"href":"https:\/\/www.diarioimagen.net\/index.php?rest_route=%2Fwp%2Fv2%2Ftags&post=378045"}],"curies":[{"name":"wp","href":"https:\/\/api.w.org\/{rel}","templated":true}]}}