{"id":378050,"date":"2018-05-28T00:10:42","date_gmt":"2018-05-28T05:10:42","guid":{"rendered":"http:\/\/www.diarioimagen.net\/?p=378050"},"modified":"2018-05-28T01:21:48","modified_gmt":"2018-05-28T06:21:48","slug":"niega-el-bronco-financiamiento-ilicito-en-su-campana","status":"publish","type":"post","link":"https:\/\/www.diarioimagen.net\/?p=378050","title":{"rendered":"Niega \u201cEl Bronco\u201d financiamiento il\u00edcito en su campa\u00f1a"},"content":{"rendered":"<ul>\n<li><strong><em>Dice que demandar\u00e1 al INE<\/em><\/strong><\/li>\n<\/ul>\n<p>&nbsp;<\/p>\n<div id=\"attachment_378141\" style=\"width: 470px\" class=\"wp-caption aligncenter\"><a href=\"http:\/\/www.diarioimagen.net\/?attachment_id=378141\" rel=\"attachment wp-att-378141\"><img loading=\"lazy\" decoding=\"async\" aria-describedby=\"caption-attachment-378141\" class=\"size-large wp-image-378141\" src=\"http:\/\/www.diarioimagen.net\/wp-content\/uploads\/2018\/05\/bronco-3376-460x259.jpg\" alt=\"\" width=\"460\" height=\"259\" srcset=\"https:\/\/www.diarioimagen.net\/wp-content\/uploads\/2018\/05\/bronco-3376-460x259.jpg 460w, https:\/\/www.diarioimagen.net\/wp-content\/uploads\/2018\/05\/bronco-3376-240x135.jpg 240w, https:\/\/www.diarioimagen.net\/wp-content\/uploads\/2018\/05\/bronco-3376-235x132.jpg 235w, https:\/\/www.diarioimagen.net\/wp-content\/uploads\/2018\/05\/bronco-3376-202x114.jpg 202w, https:\/\/www.diarioimagen.net\/wp-content\/uploads\/2018\/05\/bronco-3376-350x196.jpg 350w, https:\/\/www.diarioimagen.net\/wp-content\/uploads\/2018\/05\/bronco-3376-220x123.jpg 220w, https:\/\/www.diarioimagen.net\/wp-content\/uploads\/2018\/05\/bronco-3376-237x132.jpg 237w, https:\/\/www.diarioimagen.net\/wp-content\/uploads\/2018\/05\/bronco-3376.jpg 480w\" sizes=\"auto, (max-width: 460px) 100vw, 460px\" \/><\/a><p id=\"caption-attachment-378141\" class=\"wp-caption-text\">Jaime Rodr\u00edguez Calder\u00f3n encabez\u00f3 una cabalgata por el poblado La Joya, en Durango.<\/p><\/div>\n<p>&nbsp;<\/p>\n<p>Jaime Rodr\u00edguez \u201cEl Bronco\u201d anunci\u00f3 que demandar\u00e1 al Instituto Nacional Electoral (INE) por denigrar su posibilidad como candidato independiente a la Presidencia de M\u00e9xico y neg\u00f3 que exista financiamiento il\u00edcito en su campa\u00f1a.<\/p>\n<p>De gira por Durango, el candidato independiente se refiri\u00f3 al pronunciamiento que hizo el INE la semana pasada tras se\u00f1alar que se detect\u00f3 un esquema de triangulaci\u00f3n de recursos en el que participaron al menos 19 personas que hicieron aportaciones a la campa\u00f1a de \u201cEl Bronco\u201d con dinero obtenido mediante dep\u00f3sitos de empresas mercantiles, lo cual implica un financiamiento il\u00edcito.<\/p>\n<p>Al respecto, Rodr\u00edguez explic\u00f3 que quienes aportaron a su campa\u00f1a no fueron las empresas, sino sus due\u00f1os. \u201cNosotros ma\u00f1ana vamos a demandar al INE porque ha denigrado mi posibilidad. El INE no est\u00e1 diciendo la verdad, nosotros no triangulamos. La ley dice que una empresa no puede aportar a una campa\u00f1a y quienes aportaron a mi campa\u00f1a son empresas a trav\u00e9s de su due\u00f1o, eso no es triangular. Nosotros no estamos triangulando nada, es dinero privado\u201d, afirm\u00f3 Jaime Rodr\u00edguez. El aspirante presidencial cuestion\u00f3 que la autoridad electoral no fiscalice a los candidatos emanados de los partidos pol\u00edticos como lo hace con \u00e9l.<\/p>\n<p style=\"text-align: center;\"><strong>\u201cMi gobierno no regalar\u00eda despensas, regalar\u00eda oportunidades\u201d<\/strong><\/p>\n<p>El candidato independiente afirm\u00f3 que de ganar la contienda electoral el pr\u00f3ximo 1 de julio, su gobierno no regalar\u00eda despensas, regalar\u00eda oportunidades para que los negocios de los mexicanos puedan crecer y expandirse.<\/p>\n<p>\u201cSi yo soy Presidente, si gano (el pr\u00f3ximo 1 de julio), mis planes son apoyar a los micro y peque\u00f1os negocios en lugar de estar repartiendo dinero y regalando despensas. La idea es que los microempresarios tengan un mejor lugar para trabajar y puedan ganarse su dinero para que no dependan del gobierno. En lugar de estar regalando recursos lo que se debe hacer es estar potenciando al trabajador\u201d.<\/p>\n<p>A trav\u00e9s de su cuenta en Twitter @JaimeRdzNL, \u201cEl Bronco\u201d, gobernador de Nuevo L\u00e9on con licencia, difundi\u00f3 un video donde visita un puesto callejero de comida y ofrece ayudar ese tipo de negocios para que el gobierno ya no mantegna a esa poblaci\u00f3n y escribi\u00f3: \u201cEn vez de regalar el dinero, hay que potenciar al que trabaja. Por eso digo que al trabajar TODO y al huev\u00f3n NADA. Si est\u00e1s de acuerdo, RT\u201d.<\/p>\n<p>Rodr\u00edguez Calder\u00f3n encabez\u00f3 una cabalgata por el poblado La Joya, en Durango, a fin de recorrer la zona y platicar con la poblaci\u00f3n para conocer sus necesidades y demandas.<\/p>\n","protected":false},"excerpt":{"rendered":"<p>Jaime Rodr\u00edguez \u201cEl Bronco\u201d anunci\u00f3 que demandar\u00e1 al Instituto Nacional Electoral (INE) por denigrar su posibilidad como candidato independiente a la Presidencia de M\u00e9xico y neg\u00f3 que exista financiamiento il\u00edcito en su campa\u00f1a.<\/p>\n","protected":false},"author":3,"featured_media":378141,"comment_status":"open","ping_status":"open","sticky":false,"template":"","format":"standard","meta":{"_monsterinsights_skip_tracking":false,"_monsterinsights_sitenote_active":false,"_monsterinsights_sitenote_note":"","_monsterinsights_sitenote_category":0,"footnotes":""},"categories":[3],"tags":[6185,74153,69284,43673],"class_list":["post-378050","post","type-post","status-publish","format-standard","has-post-thumbnail","hentry","category-nacional","tag-campana","tag-financiamiento-ilicito","tag-jaime-rodriguez-calderon","tag-nacional"],"_links":{"self":[{"href":"https:\/\/www.diarioimagen.net\/index.php?rest_route=\/wp\/v2\/posts\/378050","targetHints":{"allow":["GET"]}}],"collection":[{"href":"https:\/\/www.diarioimagen.net\/index.php?rest_route=\/wp\/v2\/posts"}],"about":[{"href":"https:\/\/www.diarioimagen.net\/index.php?rest_route=\/wp\/v2\/types\/post"}],"author":[{"embeddable":true,"href":"https:\/\/www.diarioimagen.net\/index.php?rest_route=\/wp\/v2\/users\/3"}],"replies":[{"embeddable":true,"href":"https:\/\/www.diarioimagen.net\/index.php?rest_route=%2Fwp%2Fv2%2Fcomments&post=378050"}],"version-history":[{"count":0,"href":"https:\/\/www.diarioimagen.net\/index.php?rest_route=\/wp\/v2\/posts\/378050\/revisions"}],"wp:featuredmedia":[{"embeddable":true,"href":"https:\/\/www.diarioimagen.net\/index.php?rest_route=\/wp\/v2\/media\/378141"}],"wp:attachment":[{"href":"https:\/\/www.diarioimagen.net\/index.php?rest_route=%2Fwp%2Fv2%2Fmedia&parent=378050"}],"wp:term":[{"taxonomy":"category","embeddable":true,"href":"https:\/\/www.diarioimagen.net\/index.php?rest_route=%2Fwp%2Fv2%2Fcategories&post=378050"},{"taxonomy":"post_tag","embeddable":true,"href":"https:\/\/www.diarioimagen.net\/index.php?rest_route=%2Fwp%2Fv2%2Ftags&post=378050"}],"curies":[{"name":"wp","href":"https:\/\/api.w.org\/{rel}","templated":true}]}}