{"id":378054,"date":"2018-05-28T00:08:19","date_gmt":"2018-05-28T05:08:19","guid":{"rendered":"http:\/\/www.diarioimagen.net\/?p=378054"},"modified":"2018-05-28T01:24:01","modified_gmt":"2018-05-28T06:24:01","slug":"anaya-se-compromete-a-dar-mas-apoyo-al-campo","status":"publish","type":"post","link":"https:\/\/www.diarioimagen.net\/?p=378054","title":{"rendered":"Anaya se compromete a dar m\u00e1s apoyo al campo"},"content":{"rendered":"<ul>\n<li><strong><em>Respaldo de gobernadores panistas<\/em><\/strong><\/li>\n<\/ul>\n<p>&nbsp;<\/p>\n<div id=\"attachment_378148\" style=\"width: 470px\" class=\"wp-caption aligncenter\"><a href=\"http:\/\/www.diarioimagen.net\/?attachment_id=378148\" rel=\"attachment wp-att-378148\"><img loading=\"lazy\" decoding=\"async\" aria-describedby=\"caption-attachment-378148\" class=\"size-large wp-image-378148\" src=\"http:\/\/www.diarioimagen.net\/wp-content\/uploads\/2018\/05\/ANAYA-3376-460x259.jpg\" alt=\"\" width=\"460\" height=\"259\" srcset=\"https:\/\/www.diarioimagen.net\/wp-content\/uploads\/2018\/05\/ANAYA-3376-460x259.jpg 460w, https:\/\/www.diarioimagen.net\/wp-content\/uploads\/2018\/05\/ANAYA-3376-240x135.jpg 240w, https:\/\/www.diarioimagen.net\/wp-content\/uploads\/2018\/05\/ANAYA-3376-235x132.jpg 235w, https:\/\/www.diarioimagen.net\/wp-content\/uploads\/2018\/05\/ANAYA-3376-202x114.jpg 202w, https:\/\/www.diarioimagen.net\/wp-content\/uploads\/2018\/05\/ANAYA-3376-350x196.jpg 350w, https:\/\/www.diarioimagen.net\/wp-content\/uploads\/2018\/05\/ANAYA-3376-220x123.jpg 220w, https:\/\/www.diarioimagen.net\/wp-content\/uploads\/2018\/05\/ANAYA-3376-237x132.jpg 237w, https:\/\/www.diarioimagen.net\/wp-content\/uploads\/2018\/05\/ANAYA-3376.jpg 480w\" sizes=\"auto, (max-width: 460px) 100vw, 460px\" \/><\/a><p id=\"caption-attachment-378148\" class=\"wp-caption-text\">En su gira por Puebla, seis gobernadores panistas se subieron al templete de Ricardo Anaya Cort\u00e9s.<\/p><\/div>\n<p>&nbsp;<\/p>\n<p>El candidato presidencial de la coalici\u00f3n Por M\u00e9xico al Frente, Ricardo Anaya Cort\u00e9s, se comprometi\u00f3 a apoyar al campo de Puebla y del pa\u00eds.<\/p>\n<p>Durante su gira por Cuetzalan, acompa\u00f1ado por los gobernadores de Nayarit, Quer\u00e9taro, Guanajuato, Baja California y Durango, expuso que esta visita es muestra de unidad y fuerza para apoyar a Martha \u00c9rika Alonso, candidata a la gubernatura por la misma coalici\u00f3n.<\/p>\n<p>\u201cGracias a la gente del campo llega el alimento a la mesa, la gente del campo es buena y trabajadora, es gente que quiere construir un futuro de prosperidad para su familia\u201d, indic\u00f3, al resaltar que mejorar\u00e1 el programa Prospera en su gobierno.<\/p>\n<p>Desde la sierra nororiental de Puebla, el abanderado panista dijo que L\u00f3pez Obrador propone \u201clocura y media\u201d, por lo que se pronunci\u00f3 por recuperar la paz y la tranquilidad de los mexicanos.<\/p>\n<p>\u201cHay por ah\u00ed un candidato que anda promoviendo locura y media, L\u00f3pez Obrador. \u00bfYa oyeron lo que anda diciendo? Dice que para recuperar la paz y la tranquilidad es perdonar a los criminales, perdonar a los delincuentes, \u00bfustedes quieren perd\u00f3n para los criminales? No a la amnist\u00eda, s\u00ed al cambio de estrategia\u201d, subray\u00f3.<\/p>\n<p style=\"text-align: center;\"><strong>Respaldo de <\/strong><strong>gobernadores panistas <\/strong><\/p>\n<p>Seis gobernadores panistas se subieron ayer al templete con su candidato panista a la Presidencia de la Rep\u00fablica.<\/p>\n<p>Hasta este municipio de la Sierra Nororiente de Puebla llegaron los gobernadores de Baja California, Kiko Vega; de Baja California Sur, Carlos Mendoza; de Durango, Jos\u00e9 Rosas Aispuro; de Guanajuato, Miguel M\u00e1rquez; de Nayarit, Antonio Echevarr\u00eda, y de Quer\u00e9taro, Francisco Dom\u00ednguez.<\/p>\n<p>A nombre de los mandatarios, el guanajuatense Miguel M\u00e1rquez asegur\u00f3 que estaban ah\u00ed para mostrar unidad y fuerza, y dejar claro que los gobiernos del Partido Acci\u00f3n Nacional (PAN) y de Por M\u00e9xico al Frente se caracterizan \u201cpor hacer historia\u201d.<\/p>\n<p>En tanto, Anaya asegur\u00f3 que, con ese respaldo, \u00e9l ganar\u00e1 la Presidencia y la candidata Martha \u00c9rika Alonso, la Gubernatura de Puebla.<\/p>\n<p>Al evento no asisti\u00f3 el ex Mandatario Rafael Moreno Valle, cuya esposa busca ser la primera gobernadora en la historia del estado.<\/p>\n<p>En su discurso de menos de 20 minutos, el candidato presidencial del Frente que integran PAN, PRD y MC dedic\u00f3 seis minutos a saludar uno a uno a los gobernadores y agradecerles su presencia y apoyo.<\/p>\n","protected":false},"excerpt":{"rendered":"<p>El candidato presidencial de la coalici\u00f3n Por M\u00e9xico al Frente, Ricardo Anaya Cort\u00e9s, se comprometi\u00f3 a apoyar al campo de Puebla y del pa\u00eds.<\/p>\n","protected":false},"author":3,"featured_media":378148,"comment_status":"open","ping_status":"open","sticky":false,"template":"","format":"standard","meta":{"_monsterinsights_skip_tracking":false,"_monsterinsights_sitenote_active":false,"_monsterinsights_sitenote_note":"","_monsterinsights_sitenote_category":0,"footnotes":""},"categories":[3],"tags":[2701,16006,74154,68825,7347],"class_list":["post-378054","post","type-post","status-publish","format-standard","has-post-thumbnail","hentry","category-nacional","tag-apoyo","tag-campo","tag-compromete","tag-por-mexico-al-frente","tag-ricardo-anaya-cortes"],"_links":{"self":[{"href":"https:\/\/www.diarioimagen.net\/index.php?rest_route=\/wp\/v2\/posts\/378054","targetHints":{"allow":["GET"]}}],"collection":[{"href":"https:\/\/www.diarioimagen.net\/index.php?rest_route=\/wp\/v2\/posts"}],"about":[{"href":"https:\/\/www.diarioimagen.net\/index.php?rest_route=\/wp\/v2\/types\/post"}],"author":[{"embeddable":true,"href":"https:\/\/www.diarioimagen.net\/index.php?rest_route=\/wp\/v2\/users\/3"}],"replies":[{"embeddable":true,"href":"https:\/\/www.diarioimagen.net\/index.php?rest_route=%2Fwp%2Fv2%2Fcomments&post=378054"}],"version-history":[{"count":0,"href":"https:\/\/www.diarioimagen.net\/index.php?rest_route=\/wp\/v2\/posts\/378054\/revisions"}],"wp:featuredmedia":[{"embeddable":true,"href":"https:\/\/www.diarioimagen.net\/index.php?rest_route=\/wp\/v2\/media\/378148"}],"wp:attachment":[{"href":"https:\/\/www.diarioimagen.net\/index.php?rest_route=%2Fwp%2Fv2%2Fmedia&parent=378054"}],"wp:term":[{"taxonomy":"category","embeddable":true,"href":"https:\/\/www.diarioimagen.net\/index.php?rest_route=%2Fwp%2Fv2%2Fcategories&post=378054"},{"taxonomy":"post_tag","embeddable":true,"href":"https:\/\/www.diarioimagen.net\/index.php?rest_route=%2Fwp%2Fv2%2Ftags&post=378054"}],"curies":[{"name":"wp","href":"https:\/\/api.w.org\/{rel}","templated":true}]}}