{"id":378062,"date":"2018-05-28T00:05:31","date_gmt":"2018-05-28T05:05:31","guid":{"rendered":"http:\/\/www.diarioimagen.net\/?p=378062"},"modified":"2018-05-28T23:56:59","modified_gmt":"2018-05-29T04:56:59","slug":"carlos-aguiar-retes-llama-a-fortalecer-tejido-social","status":"publish","type":"post","link":"https:\/\/www.diarioimagen.net\/?p=378062","title":{"rendered":"Carlos Aguiar Retes llama a fortalecer tejido social"},"content":{"rendered":"<ul>\n<li><strong><em>Crisis en la familia<\/em><\/strong><\/li>\n<\/ul>\n<p>&nbsp;<\/p>\n<div id=\"attachment_378204\" style=\"width: 470px\" class=\"wp-caption aligncenter\"><a href=\"http:\/\/www.diarioimagen.net\/?attachment_id=378204\" rel=\"attachment wp-att-378204\"><img loading=\"lazy\" decoding=\"async\" aria-describedby=\"caption-attachment-378204\" class=\"size-large wp-image-378204\" src=\"http:\/\/www.diarioimagen.net\/wp-content\/uploads\/2018\/05\/aguiar-3376-460x259.jpg\" alt=\"\" width=\"460\" height=\"259\" srcset=\"https:\/\/www.diarioimagen.net\/wp-content\/uploads\/2018\/05\/aguiar-3376-460x259.jpg 460w, https:\/\/www.diarioimagen.net\/wp-content\/uploads\/2018\/05\/aguiar-3376-240x135.jpg 240w, https:\/\/www.diarioimagen.net\/wp-content\/uploads\/2018\/05\/aguiar-3376-235x132.jpg 235w, https:\/\/www.diarioimagen.net\/wp-content\/uploads\/2018\/05\/aguiar-3376-202x114.jpg 202w, https:\/\/www.diarioimagen.net\/wp-content\/uploads\/2018\/05\/aguiar-3376-350x196.jpg 350w, https:\/\/www.diarioimagen.net\/wp-content\/uploads\/2018\/05\/aguiar-3376-220x123.jpg 220w, https:\/\/www.diarioimagen.net\/wp-content\/uploads\/2018\/05\/aguiar-3376-237x132.jpg 237w, https:\/\/www.diarioimagen.net\/wp-content\/uploads\/2018\/05\/aguiar-3376.jpg 480w\" sizes=\"auto, (max-width: 460px) 100vw, 460px\" \/><\/a><p id=\"caption-attachment-378204\" class=\"wp-caption-text\">Carlos Aguiar Retes.<\/p><\/div>\n<p>&nbsp;<\/p>\n<p>Carlos Aguiar Retes, arzobispo primado de M\u00e9xico, hizo un llamado a recuperar a la familia, para que vuelva a ser s\u00f3lida, digna, pensar en el bienestar hacia los dem\u00e1s y expresar amor hacia Dios puesto que s\u00f3lo as\u00ed se podr\u00e1 reconstruir y fortalecer el tejido social de la naci\u00f3n.<\/p>\n<p>\u201cSi vamos recuperando a la familia y si recuperamos a la sociedad a trav\u00e9s de nuestro testimonio, expresando nuestro inter\u00e9s por el otro, independientemente de su conducta y de lo que piense, volveremos a reconstruir y a fortalecer nuestro tejido social para que nuestro pueblo, experimente que es el pueblo elegido por Dios, al que mand\u00f3 a Mar\u00eda de Guadalupe para serlo uno y para dar testimonio al mundo\u201d.<\/p>\n<p>Al presidir la homil\u00eda dedicada a la Sant\u00edsima Trinidad desde la Catedral de Tlalnepantla, el cardenal pidi\u00f3 a los cat\u00f3licos reunidos en el recinto a tomar conciencia de su vocaci\u00f3n.<\/p>\n<p>\u201cEstamos llamados a ser como Dios: expresi\u00f3n del amor gratuito; estamos llamados a dar testimonio de que Dios vive a trav\u00e9s de nosotros cuando amamos de esta manera\u201d.<\/p>\n<p>Enfatiz\u00f3 en que el pa\u00eds necesita reconstruir su tejido social porque la familia est\u00e1 en crisis y la iglesia debe replantearse sus maneras de evangelizar, dado que se viven contextos socioculturales conducidos por ideolog\u00edas que buscan m\u00e1s la aplicaci\u00f3n de las mismas que el bien del ser humano.<\/p>\n<p>\u201cLo que nos tiene que mover siempre es buscar el bien del pr\u00f3jimo, y no simplemente aplicar lo que conceptualmente entendemos por una ideolog\u00eda. Nuestra conducta, guiada por el esp\u00edritu de Dios, debe ser expresi\u00f3n del amor, por eso la importancia de aprender a elegir entre el bien y el mal, a discernir con la ayuda del esp\u00edritu\u201d.<\/p>\n","protected":false},"excerpt":{"rendered":"<p>Carlos Aguiar Retes, arzobispo primado de M\u00e9xico, hizo un llamado a recuperar a la familia, para que vuelva a ser s\u00f3lida, digna, pensar en el bienestar hacia los dem\u00e1s y expresar amor hacia Dios puesto que s\u00f3lo as\u00ed se podr\u00e1 reconstruir y fortalecer el tejido social de la naci\u00f3n.<\/p>\n","protected":false},"author":3,"featured_media":378204,"comment_status":"open","ping_status":"open","sticky":false,"template":"","format":"standard","meta":{"_monsterinsights_skip_tracking":false,"_monsterinsights_sitenote_active":false,"_monsterinsights_sitenote_note":"","_monsterinsights_sitenote_category":0,"footnotes":""},"categories":[3],"tags":[204,74157],"class_list":["post-378062","post","type-post","status-publish","format-standard","has-post-thumbnail","hentry","category-nacional","tag-ciudad-de-mexico","tag-tejido-social"],"_links":{"self":[{"href":"https:\/\/www.diarioimagen.net\/index.php?rest_route=\/wp\/v2\/posts\/378062","targetHints":{"allow":["GET"]}}],"collection":[{"href":"https:\/\/www.diarioimagen.net\/index.php?rest_route=\/wp\/v2\/posts"}],"about":[{"href":"https:\/\/www.diarioimagen.net\/index.php?rest_route=\/wp\/v2\/types\/post"}],"author":[{"embeddable":true,"href":"https:\/\/www.diarioimagen.net\/index.php?rest_route=\/wp\/v2\/users\/3"}],"replies":[{"embeddable":true,"href":"https:\/\/www.diarioimagen.net\/index.php?rest_route=%2Fwp%2Fv2%2Fcomments&post=378062"}],"version-history":[{"count":0,"href":"https:\/\/www.diarioimagen.net\/index.php?rest_route=\/wp\/v2\/posts\/378062\/revisions"}],"wp:featuredmedia":[{"embeddable":true,"href":"https:\/\/www.diarioimagen.net\/index.php?rest_route=\/wp\/v2\/media\/378204"}],"wp:attachment":[{"href":"https:\/\/www.diarioimagen.net\/index.php?rest_route=%2Fwp%2Fv2%2Fmedia&parent=378062"}],"wp:term":[{"taxonomy":"category","embeddable":true,"href":"https:\/\/www.diarioimagen.net\/index.php?rest_route=%2Fwp%2Fv2%2Fcategories&post=378062"},{"taxonomy":"post_tag","embeddable":true,"href":"https:\/\/www.diarioimagen.net\/index.php?rest_route=%2Fwp%2Fv2%2Ftags&post=378062"}],"curies":[{"name":"wp","href":"https:\/\/api.w.org\/{rel}","templated":true}]}}