{"id":378080,"date":"2018-05-28T00:03:55","date_gmt":"2018-05-28T05:03:55","guid":{"rendered":"http:\/\/www.diarioimagen.net\/?p=378080"},"modified":"2018-05-28T01:44:56","modified_gmt":"2018-05-28T06:44:56","slug":"regidora-monica-miguel-y-otero-torregrosa-se-suman-a-proyecto-de-luis-manuel-orihuela","status":"publish","type":"post","link":"https:\/\/www.diarioimagen.net\/?p=378080","title":{"rendered":"Regidora M\u00f3nica Miguel y Otero Torregrosa se suman a proyecto de Luis Manuel Orihuela"},"content":{"rendered":"<ul>\n<li><strong><em>Dan la espalda a candidato de Morena<\/em><\/strong><\/li>\n<\/ul>\n<p>&nbsp;<\/p>\n<div id=\"attachment_378184\" style=\"width: 470px\" class=\"wp-caption aligncenter\"><a href=\"http:\/\/www.diarioimagen.net\/?attachment_id=378184\" rel=\"attachment wp-att-378184\"><img loading=\"lazy\" decoding=\"async\" aria-describedby=\"caption-attachment-378184\" class=\"size-large wp-image-378184\" src=\"http:\/\/www.diarioimagen.net\/wp-content\/uploads\/2018\/05\/TLALNEPANTLA-3376-460x259.jpg\" alt=\"\" width=\"460\" height=\"259\" srcset=\"https:\/\/www.diarioimagen.net\/wp-content\/uploads\/2018\/05\/TLALNEPANTLA-3376-460x259.jpg 460w, https:\/\/www.diarioimagen.net\/wp-content\/uploads\/2018\/05\/TLALNEPANTLA-3376-240x135.jpg 240w, https:\/\/www.diarioimagen.net\/wp-content\/uploads\/2018\/05\/TLALNEPANTLA-3376-235x132.jpg 235w, https:\/\/www.diarioimagen.net\/wp-content\/uploads\/2018\/05\/TLALNEPANTLA-3376-202x114.jpg 202w, https:\/\/www.diarioimagen.net\/wp-content\/uploads\/2018\/05\/TLALNEPANTLA-3376-350x196.jpg 350w, https:\/\/www.diarioimagen.net\/wp-content\/uploads\/2018\/05\/TLALNEPANTLA-3376-220x123.jpg 220w, https:\/\/www.diarioimagen.net\/wp-content\/uploads\/2018\/05\/TLALNEPANTLA-3376-237x132.jpg 237w, https:\/\/www.diarioimagen.net\/wp-content\/uploads\/2018\/05\/TLALNEPANTLA-3376.jpg 480w\" sizes=\"auto, (max-width: 460px) 100vw, 460px\" \/><\/a><p id=\"caption-attachment-378184\" class=\"wp-caption-text\">Se sumaron a la propuesta de Luis Manuel Orihuela M\u00e1rquez, la regidora M\u00f3nica Miguel Garc\u00eda y el empresario Alfonso Otero Torregrosa.<\/p><\/div>\n<p>&nbsp;<\/p>\n<p><strong>Tlalnepantla, Estado de M\u00e9xico<\/strong>.- La regidora del PT en Tlalnepantla, M\u00f3nica Miguel Garc\u00eda y el presidente de la asociaci\u00f3n de industriales y empresarios de la localidad, Alfonso Otero Torregrosa, se sumaron a la propuesta de Luis Manuel Orihuela M\u00e1rquez, candidato a la presidencia municipal de Tlalnepantla.<\/p>\n<p>\u201cRaciel Cruz, candidato de Morena, no representa el cambio verdadero\u201d, as\u00ed lo manifest\u00f3 en conferencia de prensa M\u00f3nica Miguel, quien ha sido regidora en dos ocasiones y m\u00e1s de 20 a\u00f1os de militancia en el Partido del Trabajo, al anunciar la decisi\u00f3n de sumarse en conjunto con a la comisi\u00f3n ejecutiva municipal del partido y l\u00edderes de diferentes comunidades al proyecto de Orihuela M\u00e1rquez.<\/p>\n<p>Vemos en Luis Manuel Orihuela una persona honesta, trabajadora y responsable, es la persona ideal para encabezar el proyecto de Tlalnepantla, \u201csabemos que \u00e9l, el proyecto que tenemos puede ser posible\u201d, y continu\u00f3 asegurando que el candidato de Morena es una persona inexperta, corrupto, no respeta la formalidad de su instituto pol\u00edtico, se vende al mejor postor y traiciona por interese propios, adem\u00e1s que utiliz\u00f3 al PT.<\/p>\n<p>El candidato Luis Manuel Orihuela, destac\u00f3 la importancia de sumar a M\u00f3nica Miguel, gente de Tlalnepantla, una mujer comprometida que conoce, pero sobre todo tiene ideales y compromiso con los cuales hacemos sinergia, como erradicar la corrupci\u00f3n, recuperar la paz y la tranquilidad, como seguir detonando a esta ciudad como la m\u00e1s importante econ\u00f3micamente en el Estado de M\u00e9xico, es lo que nos une hoy y lo que nos est\u00e1 llevando a construir un proyecto mas all\u00e1 de las elecciones.<\/p>\n<p>\u201cLa visi\u00f3n de ciudad que tenemos para Tlalnepantla, no es improvisada, venimos a plantear soluciones para poder resolver y transformar la realidad social que esta viviendo el municipio\u201d, destac\u00f3 Orihuela M\u00e1rquez al agradecer a M\u00f3nica Miguel y Alfonso Otero, as\u00ed como a todos los lideres de las comunidades de diferentes ideolog\u00edas que se han venido sumando.<\/p>\n<p>Alfonso Otero Torresgrosa, presidente de los industriales en Tlalnepantla, asegur\u00f3 conocer la trayectoria de Luis Manuel, su honradez y honestidad de acuerdo con sus principios, por ello ha tomado la decisi\u00f3n de romper lazos con Morena y sumarse al proyecto tricolor, ya que como empresarios han buscado el apoyo por parte del sector gobierno, que lamentablemente no se ha logrado en su totalidad.<\/p>\n<p>\u201cNecesitamos seguridad para poder para poder funcionar como empresarios, estamos hasta el copete de que nuestros trabajadores sean asaltados en los microbuses, en todos lados, los ciudadanos tampoco estamos seguros queremos tener esa seguridad\u201d, y continu\u00f3 \u201chemos visto todo el proyecto que tiene de seguridad, es un proyecto que no nos imaginamos que pod\u00eda existir en el Estado de M\u00e9xico y principalmente en Tlalnepantla\u201d, aseguro el l\u00edder industrial.<\/p>\n<p>Otero Torresgrosa, tambi\u00e9n destac\u00f3 que con Orihuela los ciudadanos podremos asesorarlos, criticarlos, corregir y tener el contacto directo para solucionar toda la problem\u00e1tica, \u201ctodos los corruptos que han trabajado en el ayuntamiento, los inspectores que van a extorsionar a las empresas se van a acabar, eso es lo que nos gusto y por eso estamos aqu\u00ed\u201d.<\/p>\n<p>Por su parte Norberto Hern\u00e1ndez Bautista ex presidente consejero del IEEM, destaco reconocer a Luis Manuel por el inicio de su campa\u00f1a, al hacer una critica a lo que se ha realizado en materia de seguridad y a lo que va a realizar en materia de seguridad publica, este tipo de acciones le dan mayor legitimidad y nos da la certeza de que quienes nos hemos sumado al proyecto no nos hemos equivocado.<\/p>\n","protected":false},"excerpt":{"rendered":"<p>La regidora del PT en Tlalnepantla, M\u00f3nica Miguel Garc\u00eda y el presidente de la asociaci\u00f3n de industriales y empresarios de la localidad, Alfonso Otero Torregrosa, se sumaron a la propuesta de Luis Manuel Orihuela M\u00e1rquez, candidato a la presidencia municipal de Tlalnepantla.<\/p>\n","protected":false},"author":3,"featured_media":378184,"comment_status":"open","ping_status":"open","sticky":false,"template":"","format":"standard","meta":{"_monsterinsights_skip_tracking":false,"_monsterinsights_sitenote_active":false,"_monsterinsights_sitenote_note":"","_monsterinsights_sitenote_category":0,"footnotes":""},"categories":[35155],"tags":[22551,43675,20663,169],"class_list":["post-378080","post","type-post","status-publish","format-standard","has-post-thumbnail","hentry","category-estado-de-mexico-estado-de-mexico","tag-candidata","tag-estado-de-mexico","tag-morena","tag-tlalnepantla"],"_links":{"self":[{"href":"https:\/\/www.diarioimagen.net\/index.php?rest_route=\/wp\/v2\/posts\/378080","targetHints":{"allow":["GET"]}}],"collection":[{"href":"https:\/\/www.diarioimagen.net\/index.php?rest_route=\/wp\/v2\/posts"}],"about":[{"href":"https:\/\/www.diarioimagen.net\/index.php?rest_route=\/wp\/v2\/types\/post"}],"author":[{"embeddable":true,"href":"https:\/\/www.diarioimagen.net\/index.php?rest_route=\/wp\/v2\/users\/3"}],"replies":[{"embeddable":true,"href":"https:\/\/www.diarioimagen.net\/index.php?rest_route=%2Fwp%2Fv2%2Fcomments&post=378080"}],"version-history":[{"count":0,"href":"https:\/\/www.diarioimagen.net\/index.php?rest_route=\/wp\/v2\/posts\/378080\/revisions"}],"wp:featuredmedia":[{"embeddable":true,"href":"https:\/\/www.diarioimagen.net\/index.php?rest_route=\/wp\/v2\/media\/378184"}],"wp:attachment":[{"href":"https:\/\/www.diarioimagen.net\/index.php?rest_route=%2Fwp%2Fv2%2Fmedia&parent=378080"}],"wp:term":[{"taxonomy":"category","embeddable":true,"href":"https:\/\/www.diarioimagen.net\/index.php?rest_route=%2Fwp%2Fv2%2Fcategories&post=378080"},{"taxonomy":"post_tag","embeddable":true,"href":"https:\/\/www.diarioimagen.net\/index.php?rest_route=%2Fwp%2Fv2%2Ftags&post=378080"}],"curies":[{"name":"wp","href":"https:\/\/api.w.org\/{rel}","templated":true}]}}