{"id":378082,"date":"2018-05-28T00:05:47","date_gmt":"2018-05-28T05:05:47","guid":{"rendered":"http:\/\/www.diarioimagen.net\/?p=378082"},"modified":"2018-05-28T01:49:31","modified_gmt":"2018-05-28T06:49:31","slug":"tultepec-es-referente-de-progreso-regional-dice-armando-portuguez","status":"publish","type":"post","link":"https:\/\/www.diarioimagen.net\/?p=378082","title":{"rendered":"Tultepec es referente de progreso regional, dice Armando Portuguez"},"content":{"rendered":"<ul>\n<li><strong><em>Ofrece dar continuidad al proyecto de trabajo<\/em><\/strong><\/li>\n<\/ul>\n<p>&nbsp;<\/p>\n<div id=\"attachment_378190\" style=\"width: 470px\" class=\"wp-caption aligncenter\"><a href=\"http:\/\/www.diarioimagen.net\/?attachment_id=378190\" rel=\"attachment wp-att-378190\"><img loading=\"lazy\" decoding=\"async\" aria-describedby=\"caption-attachment-378190\" class=\"size-large wp-image-378190\" src=\"http:\/\/www.diarioimagen.net\/wp-content\/uploads\/2018\/05\/TULTEPEC-3376-460x259.jpg\" alt=\"\" width=\"460\" height=\"259\" srcset=\"https:\/\/www.diarioimagen.net\/wp-content\/uploads\/2018\/05\/TULTEPEC-3376-460x259.jpg 460w, https:\/\/www.diarioimagen.net\/wp-content\/uploads\/2018\/05\/TULTEPEC-3376-240x135.jpg 240w, https:\/\/www.diarioimagen.net\/wp-content\/uploads\/2018\/05\/TULTEPEC-3376-235x132.jpg 235w, https:\/\/www.diarioimagen.net\/wp-content\/uploads\/2018\/05\/TULTEPEC-3376-202x114.jpg 202w, https:\/\/www.diarioimagen.net\/wp-content\/uploads\/2018\/05\/TULTEPEC-3376-350x196.jpg 350w, https:\/\/www.diarioimagen.net\/wp-content\/uploads\/2018\/05\/TULTEPEC-3376-220x123.jpg 220w, https:\/\/www.diarioimagen.net\/wp-content\/uploads\/2018\/05\/TULTEPEC-3376-237x132.jpg 237w, https:\/\/www.diarioimagen.net\/wp-content\/uploads\/2018\/05\/TULTEPEC-3376.jpg 480w\" sizes=\"auto, (max-width: 460px) 100vw, 460px\" \/><\/a><p id=\"caption-attachment-378190\" class=\"wp-caption-text\">Armando Portuguez fue acompa\u00f1ado por los candidatos a senador de la Rep\u00fablica, Juan Zepeda y a diputados local y federal, Viridiana Fuentes y Edgar Adri\u00e1n Hern\u00e1ndez M\u00e1rquez.<\/p><\/div>\n<p>&nbsp;<\/p>\n<p><strong>Tultepec, Estado de M\u00e9xico<\/strong>.- Ante m\u00e1s de 4 mil simpatizantes concentrados en la Plaza Principal, Armando Portuguez Fuentes, candidato a presidente municipal de Tultepec por la alianza PRD, PAN, MC; asegur\u00f3 que su intenci\u00f3n es buscar nuevamente la alcald\u00eda para dar continuidad al proyecto de trabajo que ha tra\u00eddo progreso y bienestar a este municipio en los \u00faltimos 15 a\u00f1os.<\/p>\n<p>El ingeniero civil de 53 a\u00f1os de edad, quien ha estado al frente de la alcald\u00eda en tres ocasiones en los \u00faltimos 15 a\u00f1os, es reconocido entre la poblaci\u00f3n tultepequense como el mejor presidente municipal que ha tenido esta localidad y como el principal impulsor, planificador y ejecutor de los proyectos que han modernizado a Tultepec.<\/p>\n<p>\u201cHay gente que no lo recuerda, pero hace 21 a\u00f1os cuando fui director de Obras P\u00fablicas, iniciamos la modernizaci\u00f3n de Tultepec desde los cimientos cuando proyectamos y ejecutamos el sistema de drenaje profundo, lo que no s\u00f3lo evita que hoy nos inundemos como ocurre en otros municipios, sino que esa fue la base que nos permiti\u00f3 la pavimentaci\u00f3n de vialidades que han dignificado la vida de los tultepequenses\u201d.<\/p>\n<p>Asegur\u00f3 que para mejorar y eficientar la atenci\u00f3n ciudadana, se construir\u00e1 un edificio anexo a la presidencia municipal que contar\u00e1 con auditorio, \u00e1reas administrativas y estacionamiento subterr\u00e1neo abierto al p\u00fablico. As\u00ed como la construcci\u00f3n de una nueva cl\u00ednica DIF en la colonia El Mirador, para ampliar la cobertura de salud a la ciudadan\u00eda, entre otras propuestas.<\/p>\n","protected":false},"excerpt":{"rendered":"<p>Ante m\u00e1s de 4 mil simpatizantes concentrados en la Plaza Principal, Armando Portuguez Fuentes, candidato a presidente municipal de Tultepec por la alianza PRD, PAN, MC; asegur\u00f3 que su intenci\u00f3n es buscar nuevamente la alcald\u00eda para dar continuidad al proyecto de trabajo que ha tra\u00eddo progreso y bienestar a este municipio en los \u00faltimos 15 a\u00f1os.<\/p>\n","protected":false},"author":3,"featured_media":378190,"comment_status":"open","ping_status":"open","sticky":false,"template":"","format":"standard","meta":{"_monsterinsights_skip_tracking":false,"_monsterinsights_sitenote_active":false,"_monsterinsights_sitenote_note":"","_monsterinsights_sitenote_category":0,"footnotes":""},"categories":[35155],"tags":[70500,43675,3802],"class_list":["post-378082","post","type-post","status-publish","format-standard","has-post-thumbnail","hentry","category-estado-de-mexico-estado-de-mexico","tag-armando-portuguez","tag-estado-de-mexico","tag-tultepec"],"_links":{"self":[{"href":"https:\/\/www.diarioimagen.net\/index.php?rest_route=\/wp\/v2\/posts\/378082","targetHints":{"allow":["GET"]}}],"collection":[{"href":"https:\/\/www.diarioimagen.net\/index.php?rest_route=\/wp\/v2\/posts"}],"about":[{"href":"https:\/\/www.diarioimagen.net\/index.php?rest_route=\/wp\/v2\/types\/post"}],"author":[{"embeddable":true,"href":"https:\/\/www.diarioimagen.net\/index.php?rest_route=\/wp\/v2\/users\/3"}],"replies":[{"embeddable":true,"href":"https:\/\/www.diarioimagen.net\/index.php?rest_route=%2Fwp%2Fv2%2Fcomments&post=378082"}],"version-history":[{"count":0,"href":"https:\/\/www.diarioimagen.net\/index.php?rest_route=\/wp\/v2\/posts\/378082\/revisions"}],"wp:featuredmedia":[{"embeddable":true,"href":"https:\/\/www.diarioimagen.net\/index.php?rest_route=\/wp\/v2\/media\/378190"}],"wp:attachment":[{"href":"https:\/\/www.diarioimagen.net\/index.php?rest_route=%2Fwp%2Fv2%2Fmedia&parent=378082"}],"wp:term":[{"taxonomy":"category","embeddable":true,"href":"https:\/\/www.diarioimagen.net\/index.php?rest_route=%2Fwp%2Fv2%2Fcategories&post=378082"},{"taxonomy":"post_tag","embeddable":true,"href":"https:\/\/www.diarioimagen.net\/index.php?rest_route=%2Fwp%2Fv2%2Ftags&post=378082"}],"curies":[{"name":"wp","href":"https:\/\/api.w.org\/{rel}","templated":true}]}}