{"id":378084,"date":"2018-05-28T00:04:17","date_gmt":"2018-05-28T05:04:17","guid":{"rendered":"http:\/\/www.diarioimagen.net\/?p=378084"},"modified":"2018-05-28T01:51:19","modified_gmt":"2018-05-28T06:51:19","slug":"para-el-candidato-beto-diaz-no-hay-tlalnepantleses-de-primera-o-de-segunda","status":"publish","type":"post","link":"https:\/\/www.diarioimagen.net\/?p=378084","title":{"rendered":"Para el candidato Beto D\u00edaz no hay tlalnepantleses de primera o de segunda"},"content":{"rendered":"<ul>\n<li><strong><em>Abanderado de la coalici\u00f3n Por M\u00e9xico al Frente<\/em><\/strong><\/li>\n<\/ul>\n<p>&nbsp;<\/p>\n<div id=\"attachment_378193\" style=\"width: 470px\" class=\"wp-caption aligncenter\"><a href=\"http:\/\/www.diarioimagen.net\/?attachment_id=378193\" rel=\"attachment wp-att-378193\"><img loading=\"lazy\" decoding=\"async\" aria-describedby=\"caption-attachment-378193\" class=\"size-large wp-image-378193\" src=\"http:\/\/www.diarioimagen.net\/wp-content\/uploads\/2018\/05\/beto-diaz-3376-460x259.jpg\" alt=\"\" width=\"460\" height=\"259\" srcset=\"https:\/\/www.diarioimagen.net\/wp-content\/uploads\/2018\/05\/beto-diaz-3376-460x259.jpg 460w, https:\/\/www.diarioimagen.net\/wp-content\/uploads\/2018\/05\/beto-diaz-3376-240x135.jpg 240w, https:\/\/www.diarioimagen.net\/wp-content\/uploads\/2018\/05\/beto-diaz-3376-235x132.jpg 235w, https:\/\/www.diarioimagen.net\/wp-content\/uploads\/2018\/05\/beto-diaz-3376-202x114.jpg 202w, https:\/\/www.diarioimagen.net\/wp-content\/uploads\/2018\/05\/beto-diaz-3376-350x196.jpg 350w, https:\/\/www.diarioimagen.net\/wp-content\/uploads\/2018\/05\/beto-diaz-3376-220x123.jpg 220w, https:\/\/www.diarioimagen.net\/wp-content\/uploads\/2018\/05\/beto-diaz-3376-237x132.jpg 237w, https:\/\/www.diarioimagen.net\/wp-content\/uploads\/2018\/05\/beto-diaz-3376.jpg 480w\" sizes=\"auto, (max-width: 460px) 100vw, 460px\" \/><\/a><p id=\"caption-attachment-378193\" class=\"wp-caption-text\">El candidato de la coalici\u00f3n Por M\u00e9xico al Frente, Beto D\u00edaz, resalt\u00f3 que para \u00e9l todos los ciudadanos son iguales y merecen el mismo trato.<\/p><\/div>\n<p>&nbsp;<\/p>\n<p><strong>Tlalnepantla, Estado de M\u00e9xico.-<\/strong> En su segundo d\u00eda de campa\u00f1a como candidato a diputado local, el abanderado de la coalici\u00f3n Por M\u00e9xico al Frente, Beto D\u00edaz, resalt\u00f3 que para \u00e9l todos los ciudadanos son iguales y merecen el mismo trato, sin distinci\u00f3n alguna, pues dijo \u201cno hay tlalnepantleses de primera ni de segunda\u201d.<\/p>\n<p>Por otra parte, indic\u00f3 que los gobiernos pri\u00edstas han hundido a Tlalnepantla en la inseguridad, por lo que es momento de recuperar la tranquilidad que se vivi\u00f3 durante las administraciones panistas.<\/p>\n<p>En su recorrido por diversas calles de San Lucas Patoni y Bosques de M\u00e9xico, los vecinos le expresaron su preocupaci\u00f3n por el alza de la delincuencia en las zonas y pidieron su apoyo para recibir c\u00e1maras de seguridad y mejor vigilancia.<\/p>\n<p>Ante esto, Beto D\u00edaz les record\u00f3 que, durante su gesti\u00f3n como diputado local, otorg\u00f3 gratuitamente m\u00e1s de 800 kits de videovigilancia para los tlalnepantlenses.\u00a0 Mencion\u00f3 que, cuando llegue a la presidencia municipal, otorgar\u00e1 un subsidio para adquirir equipos de video vigilancia a un costo menor.<\/p>\n<p>Adem\u00e1s de que se enfocar\u00e1 en dignificar la labor de la polic\u00eda al garantizarles un mejor sueldo y equipo de seguridad. Agreg\u00f3 que se necesitan recuperar los m\u00f3dulos de vigilancia para convertirlos en C2 y, con ello, mejorar el tiempo de respuesta que se brinda a la poblaci\u00f3n.<\/p>\n<p>En el trayecto, aprovech\u00f3 para visitar a quienes apoy\u00f3 con sillas de ruedas y bastones. Tal es el caso de un joven de San Lucas Patoni, quien perdi\u00f3 sus piernas en un incendio y es candidato a pr\u00f3tesis, las cuales tienen un costo elevado, por lo que Beto D\u00edaz se comprometi\u00f3 en brindarle el apoyo para poder adquirirlas.<\/p>\n<p>El candidato del PAN a la alcald\u00eda de Tlane, Beto D\u00edaz, mencion\u00f3 que, cuando llegue a la presidencia municipal, otorgar\u00e1 un subsidio para adquirir equipos de video vigilancia a un costo menor.<\/p>\n","protected":false},"excerpt":{"rendered":"<p>En su segundo d\u00eda de campa\u00f1a como candidato a diputado local, el abanderado de la coalici\u00f3n Por M\u00e9xico al Frente, Beto D\u00edaz, resalt\u00f3 que para \u00e9l todos los ciudadanos son iguales y merecen el mismo trato, sin distinci\u00f3n alguna, pues dijo \u201cno hay tlalnepantleses de primera ni de segunda\u201d.<\/p>\n","protected":false},"author":3,"featured_media":378193,"comment_status":"open","ping_status":"open","sticky":false,"template":"","format":"standard","meta":{"_monsterinsights_skip_tracking":false,"_monsterinsights_sitenote_active":false,"_monsterinsights_sitenote_note":"","_monsterinsights_sitenote_category":0,"footnotes":""},"categories":[35155],"tags":[74162,6664,43675,169],"class_list":["post-378084","post","type-post","status-publish","format-standard","has-post-thumbnail","hentry","category-estado-de-mexico-estado-de-mexico","tag-beto-diaz","tag-candidato","tag-estado-de-mexico","tag-tlalnepantla"],"_links":{"self":[{"href":"https:\/\/www.diarioimagen.net\/index.php?rest_route=\/wp\/v2\/posts\/378084","targetHints":{"allow":["GET"]}}],"collection":[{"href":"https:\/\/www.diarioimagen.net\/index.php?rest_route=\/wp\/v2\/posts"}],"about":[{"href":"https:\/\/www.diarioimagen.net\/index.php?rest_route=\/wp\/v2\/types\/post"}],"author":[{"embeddable":true,"href":"https:\/\/www.diarioimagen.net\/index.php?rest_route=\/wp\/v2\/users\/3"}],"replies":[{"embeddable":true,"href":"https:\/\/www.diarioimagen.net\/index.php?rest_route=%2Fwp%2Fv2%2Fcomments&post=378084"}],"version-history":[{"count":0,"href":"https:\/\/www.diarioimagen.net\/index.php?rest_route=\/wp\/v2\/posts\/378084\/revisions"}],"wp:featuredmedia":[{"embeddable":true,"href":"https:\/\/www.diarioimagen.net\/index.php?rest_route=\/wp\/v2\/media\/378193"}],"wp:attachment":[{"href":"https:\/\/www.diarioimagen.net\/index.php?rest_route=%2Fwp%2Fv2%2Fmedia&parent=378084"}],"wp:term":[{"taxonomy":"category","embeddable":true,"href":"https:\/\/www.diarioimagen.net\/index.php?rest_route=%2Fwp%2Fv2%2Fcategories&post=378084"},{"taxonomy":"post_tag","embeddable":true,"href":"https:\/\/www.diarioimagen.net\/index.php?rest_route=%2Fwp%2Fv2%2Ftags&post=378084"}],"curies":[{"name":"wp","href":"https:\/\/api.w.org\/{rel}","templated":true}]}}