{"id":378090,"date":"2018-05-28T00:09:00","date_gmt":"2018-05-28T05:09:00","guid":{"rendered":"http:\/\/www.diarioimagen.net\/?p=378090"},"modified":"2018-05-28T01:36:20","modified_gmt":"2018-05-28T06:36:20","slug":"dice-pedro-rodriguez-que-gobernara-de-la-mano-de-la-gente","status":"publish","type":"post","link":"https:\/\/www.diarioimagen.net\/?p=378090","title":{"rendered":"Dice Pedro Rodr\u00edguez que gobernar\u00e1 de la mano de la gente"},"content":{"rendered":"<p><strong><a href=\"http:\/\/www.diarioimagen.net\/?attachment_id=378174\" rel=\"attachment wp-att-378174\"><img loading=\"lazy\" decoding=\"async\" class=\"alignleft  wp-image-378174\" src=\"http:\/\/www.diarioimagen.net\/wp-content\/uploads\/2018\/05\/ATIZAPAN-3376-321x460.jpg\" alt=\"\" width=\"300\" height=\"430\" srcset=\"https:\/\/www.diarioimagen.net\/wp-content\/uploads\/2018\/05\/ATIZAPAN-3376-321x460.jpg 321w, https:\/\/www.diarioimagen.net\/wp-content\/uploads\/2018\/05\/ATIZAPAN-3376-167x240.jpg 167w, https:\/\/www.diarioimagen.net\/wp-content\/uploads\/2018\/05\/ATIZAPAN-3376.jpg 488w\" sizes=\"auto, (max-width: 300px) 100vw, 300px\" \/><\/a>Atizap\u00e1n, Estado de M\u00e9xico<\/strong><strong>.-<\/strong> En conferencia de prensa, el candidato del Verde Ecologista a la alcald\u00eda de Atizap\u00e1n de Zaragoza, Pedro Rodr\u00edguez Villegas, extern\u00f3 ante representantes de los medios de comunicaci\u00f3n que gracias a la experiencia acumulada como servidor p\u00fablico y pol\u00edtico atizapense tiene claro que faltaba reforzar y generar en el territorio municipal.<\/p>\n<p>Dijo: \u201csabemos que la administraci\u00f3n municipal es el \u00f3rgano de gobierno m\u00e1s cercano a la comunidad, a ella llegan todo tipo de solicitudes de servicio o apoyo, por ello la importancia de tener un gobierno donde los ciudadanos sean tambi\u00e9n servidores p\u00fablicos, por ello, los integrar\u00e9 al gabinete municipal\u201d est\u00e1s son las direcciones que encabezar\u00e1n: Direcci\u00f3n de Desarrollo Urbano, Direcci\u00f3n de Desarrollo Econ\u00f3mico y Direcci\u00f3n de la Juventud (educaci\u00f3n, cultura y deporte).<\/p>\n<p>&nbsp;<\/p>\n<p>&nbsp;<\/p>\n<p>&nbsp;<\/p>\n","protected":false},"excerpt":{"rendered":"<p>En conferencia de prensa, el candidato del Verde Ecologista a la alcald\u00eda de Atizap\u00e1n de Zaragoza, Pedro Rodr\u00edguez Villegas, extern\u00f3 ante representantes de los medios de comunicaci\u00f3n que gracias a la experiencia acumulada como servidor p\u00fablico y pol\u00edtico atizapense tiene claro que faltaba reforzar y generar en el territorio municipal.<\/p>\n","protected":false},"author":3,"featured_media":378175,"comment_status":"open","ping_status":"open","sticky":false,"template":"","format":"standard","meta":{"_monsterinsights_skip_tracking":false,"_monsterinsights_sitenote_active":false,"_monsterinsights_sitenote_note":"","_monsterinsights_sitenote_category":0,"footnotes":""},"categories":[35155],"tags":[969,3561,43675,74164],"class_list":["post-378090","post","type-post","status-publish","format-standard","has-post-thumbnail","hentry","category-estado-de-mexico-estado-de-mexico","tag-atizapan","tag-atizapan-de-zaragoza","tag-estado-de-mexico","tag-pedro-rodriguez-villegas"],"_links":{"self":[{"href":"https:\/\/www.diarioimagen.net\/index.php?rest_route=\/wp\/v2\/posts\/378090","targetHints":{"allow":["GET"]}}],"collection":[{"href":"https:\/\/www.diarioimagen.net\/index.php?rest_route=\/wp\/v2\/posts"}],"about":[{"href":"https:\/\/www.diarioimagen.net\/index.php?rest_route=\/wp\/v2\/types\/post"}],"author":[{"embeddable":true,"href":"https:\/\/www.diarioimagen.net\/index.php?rest_route=\/wp\/v2\/users\/3"}],"replies":[{"embeddable":true,"href":"https:\/\/www.diarioimagen.net\/index.php?rest_route=%2Fwp%2Fv2%2Fcomments&post=378090"}],"version-history":[{"count":0,"href":"https:\/\/www.diarioimagen.net\/index.php?rest_route=\/wp\/v2\/posts\/378090\/revisions"}],"wp:featuredmedia":[{"embeddable":true,"href":"https:\/\/www.diarioimagen.net\/index.php?rest_route=\/wp\/v2\/media\/378175"}],"wp:attachment":[{"href":"https:\/\/www.diarioimagen.net\/index.php?rest_route=%2Fwp%2Fv2%2Fmedia&parent=378090"}],"wp:term":[{"taxonomy":"category","embeddable":true,"href":"https:\/\/www.diarioimagen.net\/index.php?rest_route=%2Fwp%2Fv2%2Fcategories&post=378090"},{"taxonomy":"post_tag","embeddable":true,"href":"https:\/\/www.diarioimagen.net\/index.php?rest_route=%2Fwp%2Fv2%2Ftags&post=378090"}],"curies":[{"name":"wp","href":"https:\/\/api.w.org\/{rel}","templated":true}]}}