{"id":378219,"date":"2018-05-29T00:06:37","date_gmt":"2018-05-29T05:06:37","guid":{"rendered":"http:\/\/www.diarioimagen.net\/?p=378219"},"modified":"2018-05-29T23:19:56","modified_gmt":"2018-05-30T04:19:56","slug":"solicitan-ficha-roja-contra-karime-macias-esposa-de-duarte","status":"publish","type":"post","link":"https:\/\/www.diarioimagen.net\/?p=378219","title":{"rendered":"Solicitan Ficha Roja contra Karime Mac\u00edas, esposa de Duarte"},"content":{"rendered":"<ul>\n<li><em><strong>Petici\u00f3n de Fiscal\u00eda de Veracruz a PGR<\/strong><\/em><\/li>\n<\/ul>\n<p>&nbsp;<\/p>\n<div id=\"attachment_378220\" style=\"width: 470px\" class=\"wp-caption aligncenter\"><img loading=\"lazy\" decoding=\"async\" aria-describedby=\"caption-attachment-378220\" class=\"size-large wp-image-378220\" src=\"http:\/\/www.diarioimagen.net\/wp-content\/uploads\/2018\/05\/VERACRUZ29-portal-460x268.jpg\" alt=\"\" width=\"460\" height=\"268\" srcset=\"https:\/\/www.diarioimagen.net\/wp-content\/uploads\/2018\/05\/VERACRUZ29-portal-460x268.jpg 460w, https:\/\/www.diarioimagen.net\/wp-content\/uploads\/2018\/05\/VERACRUZ29-portal-240x140.jpg 240w, https:\/\/www.diarioimagen.net\/wp-content\/uploads\/2018\/05\/VERACRUZ29-portal.jpg 480w\" sizes=\"auto, (max-width: 460px) 100vw, 460px\" \/><p id=\"caption-attachment-378220\" class=\"wp-caption-text\">La Fiscal\u00eda de Veracruz solicit\u00f3 a la PGR emisi\u00f3n de una Ficha Roja para efectos de b\u00fasqueda, localizaci\u00f3n y detenci\u00f3n de Karime Mac\u00edas.<\/p><\/div>\n<p>&nbsp;<\/p>\n<p>La Fiscal\u00eda General del Estado de Veracruz (FGE) solicit\u00f3 de manera formal ante la Procuradur\u00eda General de la Rep\u00fablica (PGR) establecer una alerta migratoria y la emisi\u00f3n de una Ficha Roja, para efectos de b\u00fasqueda, localizaci\u00f3n y detenci\u00f3n con fines de extradici\u00f3n en contra de la ex Presidenta del Sistema para el Desarrollo Integral de la Familia (DIF) del Estado, Karime Mac\u00edas.<\/p>\n<p>La esposa del ex gobernador Javier Duarte de Ochoa cuenta en su contra con una orden de aprehensi\u00f3n girada por un Juez de Control del fuero com\u00fan radicado en el Distrito Judicial de Xalapa, por hechos probablemente constitutivos de delito.<\/p>\n<p>Karime es investigada por la probable comisi\u00f3n del delito de fraude espec\u00edfico cometido en perjuicio del patrimonio del Gobierno del Estado de Veracruz, por un probable da\u00f1o patrimonial al erario p\u00fablico que a la fecha suma una cifra superior a 112 millones de pesos.<\/p>\n<p>La solicitud emitida por la Fiscal\u00eda General del Estado fue remitida y recibida de manera digital por la guardia de la oficina de Interpol M\u00e9xico, el pasado 27 de mayo del a\u00f1o en curso y este d\u00eda fue recibida de manera formal por la Direcci\u00f3n General de Asuntos Policiales Internacionales e Interpol de la Procuradur\u00eda General de la Rep\u00fablica.<\/p>\n","protected":false},"excerpt":{"rendered":"<p>La Fiscal\u00eda General del Estado de Veracruz (FGE) solicit\u00f3 de manera formal ante la Procuradur\u00eda General de la Rep\u00fablica (PGR) establecer una alerta migratoria y la emisi\u00f3n de una Ficha Roja, para efectos de b\u00fasqueda, localizaci\u00f3n y detenci\u00f3n con fines de extradici\u00f3n en contra de la ex Presidenta del Sistema para el Desarrollo Integral de la Familia (DIF) del Estado, Karime Mac\u00edas.<\/p>\n","protected":false},"author":5,"featured_media":378220,"comment_status":"open","ping_status":"open","sticky":false,"template":"","format":"standard","meta":{"_monsterinsights_skip_tracking":false,"_monsterinsights_sitenote_active":false,"_monsterinsights_sitenote_note":"","_monsterinsights_sitenote_category":0,"footnotes":""},"categories":[7],"tags":[74170,74171,74095,43677],"class_list":["post-378219","post","type-post","status-publish","format-standard","has-post-thumbnail","hentry","category-seguridad","tag-ficha-roja","tag-fiscalia-de-veracruz-a-pgr","tag-karime-macias","tag-seguridad"],"_links":{"self":[{"href":"https:\/\/www.diarioimagen.net\/index.php?rest_route=\/wp\/v2\/posts\/378219","targetHints":{"allow":["GET"]}}],"collection":[{"href":"https:\/\/www.diarioimagen.net\/index.php?rest_route=\/wp\/v2\/posts"}],"about":[{"href":"https:\/\/www.diarioimagen.net\/index.php?rest_route=\/wp\/v2\/types\/post"}],"author":[{"embeddable":true,"href":"https:\/\/www.diarioimagen.net\/index.php?rest_route=\/wp\/v2\/users\/5"}],"replies":[{"embeddable":true,"href":"https:\/\/www.diarioimagen.net\/index.php?rest_route=%2Fwp%2Fv2%2Fcomments&post=378219"}],"version-history":[{"count":0,"href":"https:\/\/www.diarioimagen.net\/index.php?rest_route=\/wp\/v2\/posts\/378219\/revisions"}],"wp:featuredmedia":[{"embeddable":true,"href":"https:\/\/www.diarioimagen.net\/index.php?rest_route=\/wp\/v2\/media\/378220"}],"wp:attachment":[{"href":"https:\/\/www.diarioimagen.net\/index.php?rest_route=%2Fwp%2Fv2%2Fmedia&parent=378219"}],"wp:term":[{"taxonomy":"category","embeddable":true,"href":"https:\/\/www.diarioimagen.net\/index.php?rest_route=%2Fwp%2Fv2%2Fcategories&post=378219"},{"taxonomy":"post_tag","embeddable":true,"href":"https:\/\/www.diarioimagen.net\/index.php?rest_route=%2Fwp%2Fv2%2Ftags&post=378219"}],"curies":[{"name":"wp","href":"https:\/\/api.w.org\/{rel}","templated":true}]}}