{"id":378284,"date":"2018-05-29T00:05:54","date_gmt":"2018-05-29T05:05:54","guid":{"rendered":"http:\/\/www.diarioimagen.net\/?p=378284"},"modified":"2018-05-29T23:19:49","modified_gmt":"2018-05-30T04:19:49","slug":"valida-el-ine-padron-y-lista-nominal-de-electores","status":"publish","type":"post","link":"https:\/\/www.diarioimagen.net\/?p=378284","title":{"rendered":"Valida el INE Padr\u00f3n y Lista Nominal de Electores"},"content":{"rendered":"<ul>\n<li><strong><em>Todo listo para la elecci\u00f3n del 1 de julio<\/em><\/strong><\/li>\n<li><strong><em>Reitera su compromiso para asegurar confiabilidad<\/em><\/strong><\/li>\n<\/ul>\n<p>&nbsp;<\/p>\n<div id=\"attachment_378434\" style=\"width: 470px\" class=\"wp-caption aligncenter\"><a href=\"http:\/\/www.diarioimagen.net\/?attachment_id=378434\" rel=\"attachment wp-att-378434\"><img loading=\"lazy\" decoding=\"async\" aria-describedby=\"caption-attachment-378434\" class=\"size-large wp-image-378434\" src=\"http:\/\/www.diarioimagen.net\/wp-content\/uploads\/2018\/05\/PADRON-3377-460x259.jpg\" alt=\"\" width=\"460\" height=\"259\" srcset=\"https:\/\/www.diarioimagen.net\/wp-content\/uploads\/2018\/05\/PADRON-3377-460x259.jpg 460w, https:\/\/www.diarioimagen.net\/wp-content\/uploads\/2018\/05\/PADRON-3377-240x135.jpg 240w, https:\/\/www.diarioimagen.net\/wp-content\/uploads\/2018\/05\/PADRON-3377-235x132.jpg 235w, https:\/\/www.diarioimagen.net\/wp-content\/uploads\/2018\/05\/PADRON-3377-202x114.jpg 202w, https:\/\/www.diarioimagen.net\/wp-content\/uploads\/2018\/05\/PADRON-3377-350x196.jpg 350w, https:\/\/www.diarioimagen.net\/wp-content\/uploads\/2018\/05\/PADRON-3377-220x123.jpg 220w, https:\/\/www.diarioimagen.net\/wp-content\/uploads\/2018\/05\/PADRON-3377-237x132.jpg 237w, https:\/\/www.diarioimagen.net\/wp-content\/uploads\/2018\/05\/PADRON-3377.jpg 480w\" sizes=\"auto, (max-width: 460px) 100vw, 460px\" \/><\/a><p id=\"caption-attachment-378434\" class=\"wp-caption-text\">El Consejo General del INE garantiza que el Padr\u00f3n y la Lista Nominal que se utilizar\u00e1n en las pr\u00f3ximas elecciones son confiables.<\/p><\/div>\n<p>&nbsp;<\/p>\n<p>El Consejo General del Instituto Nacional Electoral (INE) declar\u00f3 que el Padr\u00f3n Electoral y la Lista Nominal de Electores son v\u00e1lidos y definitivos y se utilizar\u00e1n en las elecciones federales y locales del pr\u00f3ximo 1 de julio, para elegir presidente, senadores y diputados federales.<\/p>\n<p>En sesi\u00f3n ordinaria, se aprob\u00f3 este acuerdo con el que la autoridad electoral reitera su compromiso para asegurar la calidad y confiabilidad del Padr\u00f3n Electoral y la Lista Nominal.<\/p>\n<p>El presidente consejero del INE, Lorenzo C\u00f3rdova Vianello, destac\u00f3 que la corresponsabilidad de partidos y ciudadanos en la actualizaci\u00f3n de estos instrumentos constituye el mejor ejemplo de un andamiaje perfeccionado, probado y confiable, desarrollado entre una instituci\u00f3n aut\u00f3noma del Estado mexicano, fuerzas pol\u00edticas y ciudadanos.<\/p>\n<p>Resalt\u00f3 que son instrumentos v\u00e1lidos, confiables y carecen de cualquier tipo de sesgo en su construcci\u00f3n.<\/p>\n<p>\u201cCon base en ello, este Consejo General puede asegurar que el Padr\u00f3n y la Lista Nominal que se utilizar\u00e1n en las pr\u00f3ximas elecciones son confiables, han sido revisados y verificados por los partidos, ciudadanos y especialistas\u201d, a\u00f1adi\u00f3.<\/p>\n<p>Subray\u00f3 que gracias al incansable trabajo de revisi\u00f3n y actualizaci\u00f3n, a cargo de las diferentes instancias de la Direcci\u00f3n del Registro Federal de Electores, est\u00e1 asegurado el ejercicio del derecho al sufragio de todas las personas inscritas en la Lista Nominal. \u201cEn s\u00edntesis, el d\u00eda de hoy el Consejo est\u00e1 en condiciones de declarar la validez y definitividad de los 89 millones 321 mil 31 registros del Padr\u00f3n Electoral y los datos de 89 millones 123 mil 355 ciudadanas y ciudadanos inscritos en la Lista Nominal de Electores\u201d, precis\u00f3.<\/p>\n<p>C\u00f3rdova Vianello indic\u00f3 que la lista de residentes en el extranjero es tres veces m\u00e1s grande que la utilizada en 2012 y el costo de emisi\u00f3n de cada voto en el extranjero 30 por ciento m\u00e1s barato que en dicho a\u00f1o.<\/p>\n<p>Puntualiz\u00f3 que se cuenta con un s\u00f3lido eslab\u00f3n que forma parte de la cadena de confianza para ir a esta elecci\u00f3n de manera libre y finalmente instruy\u00f3 para que se publique en el Diario Oficial de la Federaci\u00f3n (DOF).<\/p>\n<p>Por su parte, el consejero Enrique Andrade apunt\u00f3 que, en lo general, el pasado 29 de septiembre se cre\u00f3 el Comit\u00e9 T\u00e9cnico de Evaluaci\u00f3n del Padr\u00f3n Electoral, como una instancia de asesor\u00eda t\u00e9cnico cient\u00edfica del Consejo General.<\/p>\n","protected":false},"excerpt":{"rendered":"<p>El Consejo General del Instituto Nacional Electoral (INE) declar\u00f3 que el Padr\u00f3n Electoral y la Lista Nominal de Electores son v\u00e1lidos y definitivos y se utilizar\u00e1n en las elecciones federales y locales del pr\u00f3ximo 1 de julio, para elegir presidente, senadores y diputados federales.<\/p>\n","protected":false},"author":3,"featured_media":378434,"comment_status":"open","ping_status":"open","sticky":false,"template":"","format":"standard","meta":{"_monsterinsights_skip_tracking":false,"_monsterinsights_sitenote_active":false,"_monsterinsights_sitenote_note":"","_monsterinsights_sitenote_category":0,"footnotes":""},"categories":[3],"tags":[74219,74221,74220],"class_list":["post-378284","post","type-post","status-publish","format-standard","has-post-thumbnail","hentry","category-nacional","tag-consejo-general-del-instituto-nacional-electoral","tag-lista-nominal-de-electores","tag-valida"],"_links":{"self":[{"href":"https:\/\/www.diarioimagen.net\/index.php?rest_route=\/wp\/v2\/posts\/378284","targetHints":{"allow":["GET"]}}],"collection":[{"href":"https:\/\/www.diarioimagen.net\/index.php?rest_route=\/wp\/v2\/posts"}],"about":[{"href":"https:\/\/www.diarioimagen.net\/index.php?rest_route=\/wp\/v2\/types\/post"}],"author":[{"embeddable":true,"href":"https:\/\/www.diarioimagen.net\/index.php?rest_route=\/wp\/v2\/users\/3"}],"replies":[{"embeddable":true,"href":"https:\/\/www.diarioimagen.net\/index.php?rest_route=%2Fwp%2Fv2%2Fcomments&post=378284"}],"version-history":[{"count":0,"href":"https:\/\/www.diarioimagen.net\/index.php?rest_route=\/wp\/v2\/posts\/378284\/revisions"}],"wp:featuredmedia":[{"embeddable":true,"href":"https:\/\/www.diarioimagen.net\/index.php?rest_route=\/wp\/v2\/media\/378434"}],"wp:attachment":[{"href":"https:\/\/www.diarioimagen.net\/index.php?rest_route=%2Fwp%2Fv2%2Fmedia&parent=378284"}],"wp:term":[{"taxonomy":"category","embeddable":true,"href":"https:\/\/www.diarioimagen.net\/index.php?rest_route=%2Fwp%2Fv2%2Fcategories&post=378284"},{"taxonomy":"post_tag","embeddable":true,"href":"https:\/\/www.diarioimagen.net\/index.php?rest_route=%2Fwp%2Fv2%2Ftags&post=378284"}],"curies":[{"name":"wp","href":"https:\/\/api.w.org\/{rel}","templated":true}]}}