{"id":378292,"date":"2018-05-29T00:09:02","date_gmt":"2018-05-29T05:09:02","guid":{"rendered":"http:\/\/www.diarioimagen.net\/?p=378292"},"modified":"2018-05-29T23:20:13","modified_gmt":"2018-05-30T04:20:13","slug":"inaceptables-niveles-de-inseguridad-empresarios","status":"publish","type":"post","link":"https:\/\/www.diarioimagen.net\/?p=378292","title":{"rendered":"Inaceptables niveles de inseguridad: empresarios"},"content":{"rendered":"<ul>\n<li><strong><em>Exige el CCE aplicar la ley<\/em><\/strong><\/li>\n<\/ul>\n<h6>Jos\u00e9 Luis Monta\u00f1ez<\/h6>\n<p>&nbsp;<\/p>\n<div id=\"attachment_378425\" style=\"width: 470px\" class=\"wp-caption aligncenter\"><a href=\"http:\/\/www.diarioimagen.net\/?attachment_id=378425\" rel=\"attachment wp-att-378425\"><img loading=\"lazy\" decoding=\"async\" aria-describedby=\"caption-attachment-378425\" class=\"size-large wp-image-378425\" src=\"http:\/\/www.diarioimagen.net\/wp-content\/uploads\/2018\/05\/EMPRESARIOS-3377-460x259.jpg\" alt=\"\" width=\"460\" height=\"259\" srcset=\"https:\/\/www.diarioimagen.net\/wp-content\/uploads\/2018\/05\/EMPRESARIOS-3377-460x259.jpg 460w, https:\/\/www.diarioimagen.net\/wp-content\/uploads\/2018\/05\/EMPRESARIOS-3377-240x135.jpg 240w, https:\/\/www.diarioimagen.net\/wp-content\/uploads\/2018\/05\/EMPRESARIOS-3377-235x132.jpg 235w, https:\/\/www.diarioimagen.net\/wp-content\/uploads\/2018\/05\/EMPRESARIOS-3377-202x114.jpg 202w, https:\/\/www.diarioimagen.net\/wp-content\/uploads\/2018\/05\/EMPRESARIOS-3377-350x196.jpg 350w, https:\/\/www.diarioimagen.net\/wp-content\/uploads\/2018\/05\/EMPRESARIOS-3377-220x123.jpg 220w, https:\/\/www.diarioimagen.net\/wp-content\/uploads\/2018\/05\/EMPRESARIOS-3377-237x132.jpg 237w, https:\/\/www.diarioimagen.net\/wp-content\/uploads\/2018\/05\/EMPRESARIOS-3377.jpg 480w\" sizes=\"auto, (max-width: 460px) 100vw, 460px\" \/><\/a><p id=\"caption-attachment-378425\" class=\"wp-caption-text\">Los empresarios llamaron los poderes Ejecutivo y Legislativo federal a hacer todo lo posible para atender el problema de inseguridad.<\/p><\/div>\n<p>&nbsp;<\/p>\n<p>El Consejo Coordinador Empresarial (CCE) exigi\u00f3 aplicaci\u00f3n de la ley sin excepci\u00f3n, ante los inaceptables niveles de inseguridad e impunidad que se registran en el pa\u00eds, y que ya derivaron en el cierre de centros de distribuci\u00f3n de Coca-Cola-Femsa y Lala, as\u00ed como de la mina Dolores.<\/p>\n<p>\u201cExigimos que se aplique la ley, sin excepci\u00f3n, sin ning\u00fan pretexto, a quien atente contra la vida o el patrimonio de los mexicanos. El mensaje es para todos los \u00f3rdenes de gobierno.<\/p>\n<p>\u201cLos empresarios demandamos que no se postergue m\u00e1s la profesionalizaci\u00f3n de las polic\u00edas; que se multiplique el estado de fuerza donde sea necesario y que se coordinen acciones con las fuerzas armadas cuando las autoridades civiles son rebasadas por la delincuencia\u201d, dijo el presidente del CCE, Juan Pablo Casta\u00f1\u00f3n.<\/p>\n<p>Manifest\u00f3 que \u201clos altos niveles de violencia\u201d que se registran en M\u00e9xico generan un mal ambiente para la inversi\u00f3n, obstaculizan la actividad productiva, adem\u00e1s de cierre de empresas y reducci\u00f3n de las posibilidades a tener una econom\u00eda pr\u00f3spera.<\/p>\n<p>El presidente del CCE dijo que \u201cla impunidad con la que act\u00faan los criminales en M\u00e9xico y la omisi\u00f3n de las autoridades para proteger la integridad de los trabajadores e inversionistas, son inaceptables\u201d.<\/p>\n<p>Como tambi\u00e9n lo es la pasividad de las autoridades para actuar contra los grupos organizados que violan la ley y atentan contra el patrimonio de la sociedad sin ninguna consecuencia: normalistas y maestros en Chiapas, Michoac\u00e1n u Oaxaca, quienes obstruyen v\u00edas de comunicaci\u00f3n y saquean a repartidores de diversas empresas.<\/p>\n<p>Casta\u00f1\u00f3n consider\u00f3 que se debe actuar sin mayor dilaci\u00f3n en la implementaci\u00f3n de la fiscal\u00eda general aut\u00f3noma y en la formaci\u00f3n de ministerios p\u00fablicos independientes, porque el peor enemigo actual es que el 95% de los delitos cometidos en el pa\u00eds se queda en total impunidad.<\/p>\n<p>El l\u00edder de la c\u00fapula empresarial asegur\u00f3 que subieron los robos en autotransporte, hay\u00a0 asesinatos de pol\u00edticos y siguen los il\u00edcitos al alza.<\/p>\n<p>&nbsp;<\/p>\n<p style=\"text-align: center;\"><strong>Urge reforma en seguridad <\/strong><strong>este sexenio: Coparmex<\/strong><\/p>\n<p>Por su parte, la Coparmex llam\u00f3 a los poderes Ejecutivo y Legislativo federal a hacer todo lo posible para atender, revertir y solucionar el problema de inseguridad que impera en M\u00e9xico.<\/p>\n<p>Se\u00f1al\u00f3 que el crimen no opera conforme a los ciclos pol\u00edticos, por lo que \u201cla elecci\u00f3n no es excusa para dejar la gobernabilidad como una segunda prioridad en la agenda\u201d.<\/p>\n<p>En un comunicado, apunt\u00f3 que la transformaci\u00f3n de las instituciones de seguridad p\u00fablica requiere del mejoramiento del proceso de justicia en todas sus etapas, desde la prevenci\u00f3n del delito y hasta el sistema de sanci\u00f3n y castigo.<\/p>\n<p>Debido al esfuerzo de las organizaciones civiles y reportes internacionales, como los de la Organizaci\u00f3n para la Cooperaci\u00f3n y el Desarrollo Econ\u00f3micos (OCDE), existe consenso sobre las medidas que se deben tomar para lograr instituciones de seguridad y de justicia m\u00e1s confiables y con mayor coordinaci\u00f3n, acot\u00f3 el organismo dirigido por Gustavo de Hoyos.<\/p>\n<p>Estas medidas deben considerar que la reducci\u00f3n sostenible del crimen no se lograr\u00e1 con el despliegue de fuerza, sino con dise\u00f1ar estrategias que atiendan, mejoren y ordenen al sistema de justicia en su totalidad.<\/p>\n<p>La prevenci\u00f3n, profesionalizaci\u00f3n de las polic\u00edas, procuraci\u00f3n de justicia, sistema penitenciario y, por supuesto, el cambio institucional y legislativo son los cambios que se requieren en esta transformaci\u00f3n, dijo.<\/p>\n<p>\u201cNo es momento de esperar a que termine la contienda electoral, ni mucho menos de que tome posesi\u00f3n un nuevo gobierno en 2019. Es momento de actuar de inmediato\u201d, reiter\u00f3 la Coparmex.<\/p>\n","protected":false},"excerpt":{"rendered":"<p><span style=\"color: #005497;\">Jos\u00e9 Luis Monta\u00f1ez<\/span><br \/>\n<br \/>\nEl Consejo Coordinador Empresarial (CCE) exigi\u00f3 aplicaci\u00f3n de la ley sin excepci\u00f3n, ante los inaceptables niveles de inseguridad e impunidad que se registran en el pa\u00eds, y que ya derivaron en el cierre de centros de distribuci\u00f3n de Coca-Cola-Femsa y Lala, as\u00ed como de la mina Dolores.<\/p>\n","protected":false},"author":3,"featured_media":378425,"comment_status":"open","ping_status":"open","sticky":false,"template":"","format":"standard","meta":{"_monsterinsights_skip_tracking":false,"_monsterinsights_sitenote_active":false,"_monsterinsights_sitenote_note":"","_monsterinsights_sitenote_category":0,"footnotes":""},"categories":[7],"tags":[4328,308,10071,1803,43673,43677],"class_list":["post-378292","post","type-post","status-publish","format-standard","has-post-thumbnail","hentry","category-seguridad","tag-consejo-coordinador-empresarial","tag-coparmex","tag-empresarios","tag-inseguridad","tag-nacional","tag-seguridad"],"_links":{"self":[{"href":"https:\/\/www.diarioimagen.net\/index.php?rest_route=\/wp\/v2\/posts\/378292","targetHints":{"allow":["GET"]}}],"collection":[{"href":"https:\/\/www.diarioimagen.net\/index.php?rest_route=\/wp\/v2\/posts"}],"about":[{"href":"https:\/\/www.diarioimagen.net\/index.php?rest_route=\/wp\/v2\/types\/post"}],"author":[{"embeddable":true,"href":"https:\/\/www.diarioimagen.net\/index.php?rest_route=\/wp\/v2\/users\/3"}],"replies":[{"embeddable":true,"href":"https:\/\/www.diarioimagen.net\/index.php?rest_route=%2Fwp%2Fv2%2Fcomments&post=378292"}],"version-history":[{"count":0,"href":"https:\/\/www.diarioimagen.net\/index.php?rest_route=\/wp\/v2\/posts\/378292\/revisions"}],"wp:featuredmedia":[{"embeddable":true,"href":"https:\/\/www.diarioimagen.net\/index.php?rest_route=\/wp\/v2\/media\/378425"}],"wp:attachment":[{"href":"https:\/\/www.diarioimagen.net\/index.php?rest_route=%2Fwp%2Fv2%2Fmedia&parent=378292"}],"wp:term":[{"taxonomy":"category","embeddable":true,"href":"https:\/\/www.diarioimagen.net\/index.php?rest_route=%2Fwp%2Fv2%2Fcategories&post=378292"},{"taxonomy":"post_tag","embeddable":true,"href":"https:\/\/www.diarioimagen.net\/index.php?rest_route=%2Fwp%2Fv2%2Ftags&post=378292"}],"curies":[{"name":"wp","href":"https:\/\/api.w.org\/{rel}","templated":true}]}}