{"id":378294,"date":"2018-05-29T00:07:03","date_gmt":"2018-05-29T05:07:03","guid":{"rendered":"http:\/\/www.diarioimagen.net\/?p=378294"},"modified":"2018-05-29T23:20:01","modified_gmt":"2018-05-30T04:20:01","slug":"epn-niega-escenario-critico-y-llama-a-no-autoflagelarse","status":"publish","type":"post","link":"https:\/\/www.diarioimagen.net\/?p=378294","title":{"rendered":"EPN niega escenario cr\u00edtico y llama a no autoflagelarse"},"content":{"rendered":"<ul>\n<li><em><strong>\u201cSentadas las bases para que sigamos creciendo\u201d<\/strong><\/em><\/li>\n<li><em><strong>Pide a los mexicanos seguir edificando una naci\u00f3n moderna<\/strong><\/em><\/li>\n<\/ul>\n<p>&nbsp;<\/p>\n<div id=\"attachment_378437\" style=\"width: 470px\" class=\"wp-caption aligncenter\"><a href=\"http:\/\/www.diarioimagen.net\/?attachment_id=378437\" rel=\"attachment wp-att-378437\"><img loading=\"lazy\" decoding=\"async\" aria-describedby=\"caption-attachment-378437\" class=\"size-large wp-image-378437\" src=\"http:\/\/www.diarioimagen.net\/wp-content\/uploads\/2018\/05\/epn-3377-460x259.jpg\" alt=\"\" width=\"460\" height=\"259\" srcset=\"https:\/\/www.diarioimagen.net\/wp-content\/uploads\/2018\/05\/epn-3377-460x259.jpg 460w, https:\/\/www.diarioimagen.net\/wp-content\/uploads\/2018\/05\/epn-3377-240x135.jpg 240w, https:\/\/www.diarioimagen.net\/wp-content\/uploads\/2018\/05\/epn-3377-235x132.jpg 235w, https:\/\/www.diarioimagen.net\/wp-content\/uploads\/2018\/05\/epn-3377-202x114.jpg 202w, https:\/\/www.diarioimagen.net\/wp-content\/uploads\/2018\/05\/epn-3377-350x196.jpg 350w, https:\/\/www.diarioimagen.net\/wp-content\/uploads\/2018\/05\/epn-3377-220x123.jpg 220w, https:\/\/www.diarioimagen.net\/wp-content\/uploads\/2018\/05\/epn-3377-237x132.jpg 237w, https:\/\/www.diarioimagen.net\/wp-content\/uploads\/2018\/05\/epn-3377.jpg 480w\" sizes=\"auto, (max-width: 460px) 100vw, 460px\" \/><\/a><p id=\"caption-attachment-378437\" class=\"wp-caption-text\">Enrique Pe\u00f1a Nieto llam\u00f3 a todos los mexicanos a continuar con los esfuerzos para seguir moldeando y edificando una naci\u00f3n moderna y potente.<\/p><\/div>\n<p>&nbsp;<\/p>\n<p>El presidente Enrique Pe\u00f1a Nieto llam\u00f3 a todos los mexicanos a continuar realizando esfuerzos que permitan seguir moldeando y edificando una naci\u00f3n grande, moderna y potente.<\/p>\n<p>\u201cQue todos los esfuerzos que sigamos realizando nos permitan seguir moldeando, seguir edificando esa naci\u00f3n grande, moderna, potente que est\u00e1 en ruta y que queremos que realmente se materialice\u201d, dijo durante un encuentro con los usuarios de riego.<\/p>\n<p>Afirm\u00f3 que \u201cest\u00e1n sentadas las bases para que sigamos creciendo, para que sigamos teniendo desarrollo, para que al pa\u00eds les siga yendo muy bien y se sigan encontrando condiciones de mayor bienestar para las familias mexicanas\u201d.<\/p>\n<p>En el sal\u00f3n Adolfo L\u00f3pez Mateos de la residencia oficial de Los Pinos, el mandatario dijo a quienes hablan de que existe crisis econ\u00f3mica que entonces hay \u201cuna crisis en donde estamos creciendo econ\u00f3micamente.<\/p>\n<p>\u201cDonde hay una cifra record de empleo, donde la tasa de desempleo se coloca en los niveles m\u00e1s bajos de nuestra historia, en donde hay una recuperaci\u00f3n del poder adquisitivo de los trabajadores\u201d.<\/p>\n<p>\u201cSi eso es cr\u00edtico, pues est\u00e1 bien, que cada quien lo califique como quiera, yo al final de cuentas creo que hay que darle justa dimensi\u00f3n a lo que s\u00ed tenemos\u201d, apunt\u00f3 el presidente pe\u00f1a Nieto, quien estuvo acompa\u00f1ado del secretario de Medio Ambiente, Rafael Pacchiano, y del director de la Comisi\u00f3n Nacional del Agua, Roberto Ram\u00edrez de la Parra.<\/p>\n<p>En este sentido, consider\u00f3 que hay ocasiones en las que \u201cnos autoflagelamos y decimos que estamos mal y el escenario es cr\u00edtico\u201d, pero cuando se ponen en contexto las cosas M\u00e9xico, sin duda, es un pa\u00eds que s\u00ed esta en un proceso de transformaci\u00f3n.<\/p>\n<p>Sostuvo que al pa\u00eds le toc\u00f3 vivir momentos cr\u00edticos y que de no haber tenido una reforma fiscal, \u201cla verdad es que a lo mejor hubi\u00e9ramos ca\u00eddo en un escenario de recesi\u00f3n econ\u00f3mica que hoy no tenemos\u201d, enfatiz\u00f3 el Ejecutivo federal.<\/p>\n<p>Ante integrantes de la Asociaci\u00f3n Nacional de Usuarios de Riego (ANUR), Pe\u00f1a Nieto destac\u00f3 que todos los trimestres de su administraci\u00f3n se ha tenido crecimiento econ\u00f3mico y se ha cuidado la estabilidad econ\u00f3mica.<\/p>\n<p>Descuidar esta \u00faltima, continu\u00f3, \u201cno s\u00f3lo es poner en aprietos a los gobiernos en materia de recursos, es poner aut\u00e9nticamente en aprietos las necesidades de las familias, es poner en aprietos el patrimonio de las familias\u201d, por lo que dej\u00f3 en claro que para su administraci\u00f3n la estabilidad siempre ha sido una prioridad.<\/p>\n<p>Gracias a las transformaciones estructurales, recalc\u00f3, \u201cM\u00e9xico se ha convertido ya en una potencia agroalimentaria. Somos el s\u00e9ptimo pa\u00eds con mayor zona de cultivo en el mundo, somos ya el doceavo pa\u00eds que m\u00e1s exporta alimentos al mundo, somos el d\u00e9cimo productor de alimentos en el mundo, ya estamos mejor\u201d.<\/p>\n<p>Junto con las pol\u00edticas p\u00fablicas, \u201clas reformas no son un fin en s\u00ed mismo, sino s\u00f3lo un mecanismo, una herramienta, un medio para asegurar que nuestro pa\u00eds sea mucho m\u00e1s moderno, mucho m\u00e1s productivo, que genere oportunidades de empleo, de desarrollo y de realizaci\u00f3n personal para cada uno de los mexicanos\u201d, puntualiz\u00f3.<\/p>\n<p>A los usuarios de riego expuso que durante su administraci\u00f3n se han realizado m\u00e1s de dos mil 400 obras para el almacenamiento de agua, con capacidad para resguardar 42 millones de metros c\u00fabicos, y m\u00e1s de mil 300 obras de captaci\u00f3n de agua de lluvia con capacidad para 20 millones de metros c\u00fabicos.<\/p>\n<p>Tambi\u00e9n se han destinado recursos para la tecnificaci\u00f3n y mecanizaci\u00f3n del campo, optimizar el uso del agua, que habr\u00e1 de llegar a 610 mil hect\u00e1reas, con lo que se superar\u00e1 en 28 por ciento la meta establecida en el Plan Nacional de Desarrollo, logro que permite ahorrar m\u00e1s de 22 por ciento del l\u00edquido empleado para producir alimentos, resalt\u00f3.<\/p>\n","protected":false},"excerpt":{"rendered":"<p>El presidente Enrique Pe\u00f1a Nieto llam\u00f3 a todos los mexicanos a continuar realizando esfuerzos que permitan seguir moldeando y edificando una naci\u00f3n grande, moderna y potente.<\/p>\n","protected":false},"author":3,"featured_media":378437,"comment_status":"open","ping_status":"open","sticky":false,"template":"","format":"standard","meta":{"_monsterinsights_skip_tracking":false,"_monsterinsights_sitenote_active":false,"_monsterinsights_sitenote_note":"","_monsterinsights_sitenote_category":0,"footnotes":""},"categories":[3],"tags":[74226,74225,1716,74224,43673],"class_list":["post-378294","post","type-post","status-publish","format-standard","has-post-thumbnail","hentry","category-nacional","tag-autoflagelarse","tag-critico","tag-epn","tag-escenario","tag-nacional"],"_links":{"self":[{"href":"https:\/\/www.diarioimagen.net\/index.php?rest_route=\/wp\/v2\/posts\/378294","targetHints":{"allow":["GET"]}}],"collection":[{"href":"https:\/\/www.diarioimagen.net\/index.php?rest_route=\/wp\/v2\/posts"}],"about":[{"href":"https:\/\/www.diarioimagen.net\/index.php?rest_route=\/wp\/v2\/types\/post"}],"author":[{"embeddable":true,"href":"https:\/\/www.diarioimagen.net\/index.php?rest_route=\/wp\/v2\/users\/3"}],"replies":[{"embeddable":true,"href":"https:\/\/www.diarioimagen.net\/index.php?rest_route=%2Fwp%2Fv2%2Fcomments&post=378294"}],"version-history":[{"count":0,"href":"https:\/\/www.diarioimagen.net\/index.php?rest_route=\/wp\/v2\/posts\/378294\/revisions"}],"wp:featuredmedia":[{"embeddable":true,"href":"https:\/\/www.diarioimagen.net\/index.php?rest_route=\/wp\/v2\/media\/378437"}],"wp:attachment":[{"href":"https:\/\/www.diarioimagen.net\/index.php?rest_route=%2Fwp%2Fv2%2Fmedia&parent=378294"}],"wp:term":[{"taxonomy":"category","embeddable":true,"href":"https:\/\/www.diarioimagen.net\/index.php?rest_route=%2Fwp%2Fv2%2Fcategories&post=378294"},{"taxonomy":"post_tag","embeddable":true,"href":"https:\/\/www.diarioimagen.net\/index.php?rest_route=%2Fwp%2Fv2%2Ftags&post=378294"}],"curies":[{"name":"wp","href":"https:\/\/api.w.org\/{rel}","templated":true}]}}